{"id":325393,"date":"2022-06-02T21:43:51","date_gmt":"2022-06-02T21:43:51","guid":{"rendered":"https:\/\/dimensionturistica.com\/es\/?p=325393"},"modified":"2022-06-02T21:43:51","modified_gmt":"2022-06-02T21:43:51","slug":"vive-la-4ta-edicion-del-festival-gastronomico-de-la-larga-y-la-quesadilla-que-se-realizara-los-dias-4-11-y-12-de-junio-en-el-jardin-principal-de-salvatierra-guanajuato","status":"publish","type":"post","link":"https:\/\/dimensionturistica.com\/es\/vive-la-4ta-edicion-del-festival-gastronomico-de-la-larga-y-la-quesadilla-que-se-realizara-los-dias-4-11-y-12-de-junio-en-el-jardin-principal-de-salvatierra-guanajuato\/","title":{"rendered":"Vive la 4ta edici\u00f3n del Festival Gastron\u00f3mico de la Larga y la Quesadilla, que se realizar\u00e1 los d\u00edas 4, 11 y 12 de junio en el Jard\u00edn Principal de Salvatierra, Guanajuato."},"content":{"rendered":"<p><img decoding=\"async\" class=\"size-medium wp-image-325395 alignright\" src=\"https:\/\/dimensionturistica.com\/es\/wp-content\/uploads\/2022\/06\/61779395_667928140310342_613332243380699136_n-300x296.jpg\" alt=\"\" width=\"300\" height=\"296\" srcset=\"https:\/\/dimensionturistica.com\/es\/wp-content\/uploads\/2022\/06\/61779395_667928140310342_613332243380699136_n-300x296.jpg 300w, https:\/\/dimensionturistica.com\/es\/wp-content\/uploads\/2022\/06\/61779395_667928140310342_613332243380699136_n-768x757.jpg 768w, https:\/\/dimensionturistica.com\/es\/wp-content\/uploads\/2022\/06\/61779395_667928140310342_613332243380699136_n-75x75.jpg 75w, https:\/\/dimensionturistica.com\/es\/wp-content\/uploads\/2022\/06\/61779395_667928140310342_613332243380699136_n-750x739.jpg 750w, https:\/\/dimensionturistica.com\/es\/wp-content\/uploads\/2022\/06\/61779395_667928140310342_613332243380699136_n.jpg 960w\" sizes=\"(max-width: 300px) 100vw, 300px\" \/>Si eres de los que viajan y aman descubrir nuevos platillos y sabores, no te puedes perder el ya tradicional Festival Gastron\u00f3mico de la Larga y la Quesadilla, que se realizar\u00e1 los d\u00edas 4, 11 y 12 de junio en el Jard\u00edn Principal de Salvatierra, Guanajuato.<br \/>\nUn encuentro de cultura y tradici\u00f3n que sin duda te dejar\u00e1 con ganas de regresar pues la cocina tradicional salvaterrense adem\u00e1s de deliciosa y accesible, est\u00e1 llena de historia y de diversos ingredientes que con gran maestr\u00eda conjugan las cocineras tradicionales, siguiendo recetas que han heredado de generaci\u00f3n en generaci\u00f3n, poniendo en cada una de ellas su toque y saz\u00f3n especial, lo que la convierte en un crisol de opciones innumerables.<br \/>\nPara que te des una idea, te decimos de d\u00f3nde viene el nombre de las largas<img decoding=\"async\" class=\"size-medium wp-image-325398 alignright\" src=\"https:\/\/dimensionturistica.com\/es\/wp-content\/uploads\/2022\/06\/64935646_678915642544925_7208251335227998208_n-300x223.jpg\" alt=\"\" width=\"300\" height=\"223\" srcset=\"https:\/\/dimensionturistica.com\/es\/wp-content\/uploads\/2022\/06\/64935646_678915642544925_7208251335227998208_n-300x223.jpg 300w, https:\/\/dimensionturistica.com\/es\/wp-content\/uploads\/2022\/06\/64935646_678915642544925_7208251335227998208_n-1024x760.jpg 1024w, https:\/\/dimensionturistica.com\/es\/wp-content\/uploads\/2022\/06\/64935646_678915642544925_7208251335227998208_n-768x570.jpg 768w, https:\/\/dimensionturistica.com\/es\/wp-content\/uploads\/2022\/06\/64935646_678915642544925_7208251335227998208_n-750x557.jpg 750w, https:\/\/dimensionturistica.com\/es\/wp-content\/uploads\/2022\/06\/64935646_678915642544925_7208251335227998208_n-1140x846.jpg 1140w, https:\/\/dimensionturistica.com\/es\/wp-content\/uploads\/2022\/06\/64935646_678915642544925_7208251335227998208_n.jpg 1280w\" sizes=\"(max-width: 300px) 100vw, 300px\" \/><br \/>\nEl t\u00e9rmino &#8220;Larga&#8221; acu\u00f1ado hace m\u00e1s de 50 a\u00f1os en el sureste del estado de Guanajuato, hace referencia al taco hecho con tortilla de comal gruesa y larga con ma\u00edz amarillo o quebrado, cocido de la manera original con le\u00f1a de mezquite, esta delicia se rellena con guisados t\u00edpicos del municipio.<br \/>\nLa leyenda cuenta que se le denomina &#8220;larga&#8221; a este platillo, porque las esposas de los peones que trabajaban en las haciendas (en tiempo de gran prosperidad de los hacendados) les llevaban su almuerzo, que consist\u00eda en una tortilla m\u00e1s grande de lo normal y no con la cl\u00e1sica forma redonda, sino alargada y m\u00e1s gruesa para que saciaran r\u00e1pido su hambre.<br \/>\nAdem\u00e1s de disfrutar de esta delicia tradicional, durante el festival podr\u00e1s realizar las siguientes<img decoding=\"async\" class=\"size-medium wp-image-325397 alignright\" src=\"https:\/\/dimensionturistica.com\/es\/wp-content\/uploads\/2022\/06\/64446521_677911469312009_4918348921039749120_n-225x300.jpg\" alt=\"\" width=\"225\" height=\"300\" srcset=\"https:\/\/dimensionturistica.com\/es\/wp-content\/uploads\/2022\/06\/64446521_677911469312009_4918348921039749120_n-225x300.jpg 225w, https:\/\/dimensionturistica.com\/es\/wp-content\/uploads\/2022\/06\/64446521_677911469312009_4918348921039749120_n.jpg 720w\" sizes=\"(max-width: 225px) 100vw, 225px\" \/> actividades.<br \/>\nEl Rally Gastron\u00f3mico:<br \/>\nEl rally de cocina tradicional tiene el objetivo de inspirar a las cocineras tradicionales que participan en \u00e9l a crear platillos con innovaci\u00f3n, partiendo de la herencia culinaria de cada una. Al final del mismo, se reconoce el talento y se selecciona mediante un jurado a los 3 mejores platillos.<br \/>\nEn su 4ta edici\u00f3n del Rally tendr\u00e1 como sede el Rancho el Mezquite, ubicado en la comunidad de San Pedro de los Naranjos, el s\u00e1bado 4 de junio de 1pm a 3pm.<br \/>\nTalleres gastron\u00f3micos:<br \/>\nEl s\u00e1bado 11 de junio, contar\u00e1n con un circuito de talleres totalmente gratuitos para los asistentes (ojo, habr\u00e1 cupo limitado para cada actividad). La idea es divulgar la apreciaci\u00f3n de la cultura tradicional y gastron\u00f3mica de Salvatierra, incluyendo sus t\u00e9cnicas de cocina, los sabores y los productos que representan la riqueza de la regi\u00f3n.<br \/>\nLos talleres propuestos se llevar\u00e1n a cabo en diferentes restaurantes de la ciudad, as\u00ed que te invitamos a agendar desde ahora.<br \/>\n* Desayuno hacendal: Presti\u00f1os y atole blanco con sede en \u201cLa Bella \u00c9poca&#8221;.<img decoding=\"async\" class=\"size-medium wp-image-325399 alignright\" src=\"https:\/\/dimensionturistica.com\/es\/wp-content\/uploads\/2022\/06\/100061179_937863629983457_3202724973386924032_n-169x300.jpg\" alt=\"\" width=\"169\" height=\"300\" srcset=\"https:\/\/dimensionturistica.com\/es\/wp-content\/uploads\/2022\/06\/100061179_937863629983457_3202724973386924032_n-169x300.jpg 169w, https:\/\/dimensionturistica.com\/es\/wp-content\/uploads\/2022\/06\/100061179_937863629983457_3202724973386924032_n-576x1024.jpg 576w, https:\/\/dimensionturistica.com\/es\/wp-content\/uploads\/2022\/06\/100061179_937863629983457_3202724973386924032_n.jpg 736w\" sizes=\"(max-width: 169px) 100vw, 169px\" \/><br \/>\n* Mole encacahuatado tradicional del Urireo con sede en \u201cMi Terru\u00f1o&#8221;.<br \/>\n* Cap\u00f3n en larga de ma\u00edz azul y cacahuate con sede en \u201cLa Veranda&#8221;.<br \/>\n* Taller de larga Gourmet con sede en \u201cSantero\u201d.<br \/>\nFestival gastron\u00f3mico:<br \/>\nEste delicioso evento contar\u00e1 con m\u00e1s de 30 cocineras tradicionales que ofrecer\u00e1n sus platillos y productos en el jard\u00edn principal de Salvatierra. Es la mejor manera de disfrutar de la gastronom\u00eda t\u00edpica de la regi\u00f3n, representada por sus platillos m\u00e1s tradicionales hechos con los productos m\u00e1s frescos de Salvatierra y sus alrededores. Podr\u00e1s vivir esta experiencia los d\u00edas 11 y 12 de junio.<br \/>\nTianguis de artesanos:<br \/>\nAdem\u00e1s de deleitar tu paladar, podr\u00e1s admirar y adquirir el arte de m\u00e1s de 20 expositores<img decoding=\"async\" class=\"size-medium wp-image-325394 alignright\" src=\"https:\/\/dimensionturistica.com\/es\/wp-content\/uploads\/2022\/06\/27368930_400198567083302_8497187741339206485_o-300x169.jpg\" alt=\"\" width=\"300\" height=\"169\" srcset=\"https:\/\/dimensionturistica.com\/es\/wp-content\/uploads\/2022\/06\/27368930_400198567083302_8497187741339206485_o-300x169.jpg 300w, https:\/\/dimensionturistica.com\/es\/wp-content\/uploads\/2022\/06\/27368930_400198567083302_8497187741339206485_o-1024x576.jpg 1024w, https:\/\/dimensionturistica.com\/es\/wp-content\/uploads\/2022\/06\/27368930_400198567083302_8497187741339206485_o-768x432.jpg 768w, https:\/\/dimensionturistica.com\/es\/wp-content\/uploads\/2022\/06\/27368930_400198567083302_8497187741339206485_o-750x422.jpg 750w, https:\/\/dimensionturistica.com\/es\/wp-content\/uploads\/2022\/06\/27368930_400198567083302_8497187741339206485_o-1140x641.jpg 1140w, https:\/\/dimensionturistica.com\/es\/wp-content\/uploads\/2022\/06\/27368930_400198567083302_8497187741339206485_o.jpg 1440w\" sizes=\"(max-width: 300px) 100vw, 300px\" \/> artesanales de Salvatierra y as\u00ed ayudar a difundir su valor cultural. Todo en un ambiente de fiesta y 100% familiar, acompa\u00f1ado de la m\u00fasica t\u00edpica de la regi\u00f3n incluyendo mariachi y banda.<br \/>\nVive Salvatierra a trav\u00e9s de su gastronom\u00eda y cultura, ya que ofrece un amplio men\u00fa que deja a todos ganas de regresar. Por esta raz\u00f3n, han asistido m\u00e1s de 7 mil personas en las ediciones pasadas de este festival, provenientes de diversos sitios de la Rep\u00fablica Mexicana y de China, Jap\u00f3n, Alemania, Espa\u00f1a, Argentina, Colombia y EUA entre otros.<br \/>\nNo dejes de visitar este hermoso Pueblo m\u00e1gico y divertirte con tu pareja o familia<br \/>\nM\u00e1s informaci\u00f3n: https:\/\/salvatierrapueblomagico.com\/<\/p>\n","protected":false},"excerpt":{"rendered":"<p>Si eres de los que viajan y aman descubrir nuevos platillos y sabores, no te puedes perder el ya tradicional Festival Gastron\u00f3mico de la Larga y la Quesadilla, que se realizar\u00e1 los d\u00edas 4, 11 y 12 de junio en el Jard\u00edn Principal de Salvatierra, Guanajuato. Un encuentro de cultura y tradici\u00f3n que sin duda [&hellip;]<\/p>\n","protected":false},"author":1,"featured_media":325395,"comment_status":"open","ping_status":"closed","sticky":false,"template":"","format":"standard","meta":{"om_disable_all_campaigns":false,"jnews-multi-image_gallery":[],"jnews_single_post":{"source_name":"","source_url":"","via_name":"","via_url":"","override_template":"0","override":[{"template":"1","single_blog_custom":"","parallax":"1","fullscreen":"1","layout":"right-sidebar","sidebar":"default-sidebar","second_sidebar":"default-sidebar","sticky_sidebar":"1","share_position":"top","share_float_style":"share-monocrhome","show_share_counter":"1","show_view_counter":"1","show_featured":"1","show_post_meta":"1","show_post_author":"1","show_post_author_image":"1","show_post_date":"1","post_date_format":"default","post_date_format_custom":"Y\/m\/d","show_post_category":"1","show_post_reading_time":"0","post_reading_time_wpm":"300","show_zoom_button":"0","zoom_button_out_step":"2","zoom_button_in_step":"3","show_post_tag":"1","show_prev_next_post":"1","show_popup_post":"1","number_popup_post":"1","show_author_box":"0","show_post_related":"0","show_inline_post_related":"0"}],"override_image_size":"0","image_override":[{"single_post_thumbnail_size":"crop-500","single_post_gallery_size":"crop-500"}],"trending_post":"0","trending_post_position":"meta","trending_post_label":"Trending","sponsored_post":"0","sponsored_post_label":"Sponsored by","sponsored_post_name":"","sponsored_post_url":"","sponsored_post_logo_enable":"0","sponsored_post_logo":"","sponsored_post_desc":"","disable_ad":"0"},"jnews_primary_category":{"id":""},"jnews_social_meta":{"fb_title":"","fb_description":"","fb_image":"","twitter_title":"","twitter_description":"","twitter_image":""},"footnotes":""},"categories":[43],"tags":[],"class_list":["post-325393","post","type-post","status-publish","format-standard","has-post-thumbnail","hentry","category-gourmet"],"_links":{"self":[{"href":"https:\/\/dimensionturistica.com\/es\/wp-json\/wp\/v2\/posts\/325393","targetHints":{"allow":["GET"]}}],"collection":[{"href":"https:\/\/dimensionturistica.com\/es\/wp-json\/wp\/v2\/posts"}],"about":[{"href":"https:\/\/dimensionturistica.com\/es\/wp-json\/wp\/v2\/types\/post"}],"author":[{"embeddable":true,"href":"https:\/\/dimensionturistica.com\/es\/wp-json\/wp\/v2\/users\/1"}],"replies":[{"embeddable":true,"href":"https:\/\/dimensionturistica.com\/es\/wp-json\/wp\/v2\/comments?post=325393"}],"version-history":[{"count":0,"href":"https:\/\/dimensionturistica.com\/es\/wp-json\/wp\/v2\/posts\/325393\/revisions"}],"wp:featuredmedia":[{"embeddable":true,"href":"https:\/\/dimensionturistica.com\/es\/wp-json\/wp\/v2\/media\/325395"}],"wp:attachment":[{"href":"https:\/\/dimensionturistica.com\/es\/wp-json\/wp\/v2\/media?parent=325393"}],"wp:term":[{"taxonomy":"category","embeddable":true,"href":"https:\/\/dimensionturistica.com\/es\/wp-json\/wp\/v2\/categories?post=325393"},{"taxonomy":"post_tag","embeddable":true,"href":"https:\/\/dimensionturistica.com\/es\/wp-json\/wp\/v2\/tags?post=325393"}],"curies":[{"name":"wp","href":"https:\/\/api.w.org\/{rel}","templated":true}]}}