{"id":325358,"date":"2022-06-02T21:23:54","date_gmt":"2022-06-02T21:23:54","guid":{"rendered":"https:\/\/dimensionturistica.com\/es\/?p=325358"},"modified":"2022-06-02T21:23:54","modified_gmt":"2022-06-02T21:23:54","slug":"jovenes-tamaulipecos-cumplen-su-sueno-de-conocer-los-atractivos-turisticos-de-la-zona-sur","status":"publish","type":"post","link":"https:\/\/dimensionturistica.com\/es\/jovenes-tamaulipecos-cumplen-su-sueno-de-conocer-los-atractivos-turisticos-de-la-zona-sur\/","title":{"rendered":"J\u00f3venes tamaulipecos cumplen su sue\u00f1o de conocer los atractivos tur\u00edsticos de la zona sur"},"content":{"rendered":"<p><img decoding=\"async\" class=\"size-medium wp-image-325377 alignleft\" src=\"https:\/\/dimensionturistica.com\/es\/wp-content\/uploads\/2022\/06\/1-300x199.jpeg\" alt=\"\" width=\"300\" height=\"199\" srcset=\"https:\/\/dimensionturistica.com\/es\/wp-content\/uploads\/2022\/06\/1-300x199.jpeg 300w, https:\/\/dimensionturistica.com\/es\/wp-content\/uploads\/2022\/06\/1-1024x680.jpeg 1024w, https:\/\/dimensionturistica.com\/es\/wp-content\/uploads\/2022\/06\/1-768x510.jpeg 768w, https:\/\/dimensionturistica.com\/es\/wp-content\/uploads\/2022\/06\/1-750x498.jpeg 750w, https:\/\/dimensionturistica.com\/es\/wp-content\/uploads\/2022\/06\/1-1140x757.jpeg 1140w, https:\/\/dimensionturistica.com\/es\/wp-content\/uploads\/2022\/06\/1.jpeg 1248w\" sizes=\"(max-width: 300px) 100vw, 300px\" \/>Lo que inici\u00f3 como un sue\u00f1o truncado por la pandemia, se convirti\u00f3 en una emocionante realidad para un grupo de 16 j\u00f3venes estudiantes del Telebachillerato Comunitario 025, ubicado en el \u201cCampo Pesquero Punta de Piedra\u201d, del municipio tamaulipeco de San Fernando, al conocer la zona sur del estado, disfrutando de los atractivos tur\u00edsticos que ofrece.<br \/>\nDentro de su estancia, los j\u00f3venes acudieron al Parque Urbano de la Laguna del Carpintero en Tampico, donde aprovecharon para tomarse la foto oficial de graduaci\u00f3n. Recorriendo las nuevas \u00e1reas de este proyecto tur\u00edstico que han enriquecido la oferta del puerto. Para posteriormente emocionarse acudiendo al cine, siendo la primera vez para muchos de ellos en disfrutar de una pel\u00edcula y del sabor de unas palomitas.<br \/>\nEn su visita al m\u00e1ximo paseo tur\u00edstico de Tamaulipas, conocieron las instalaciones del CAPTA Miramar, donde se les explic\u00f3 el funcionamiento del recinto y su operaci\u00f3n durante las temporadas de mayor actividad vacacional.<br \/>\nComparti\u00e9ndoles la importancia que representa Miramar para el turismo en el estado, detallando los distintivos blueflag recibidos y d\u00e1ndoles a conocer que es la primera playa incluyente del Golfo de M\u00e9xico.<img decoding=\"async\" class=\"size-medium wp-image-325378 alignright\" src=\"https:\/\/dimensionturistica.com\/es\/wp-content\/uploads\/2022\/06\/2-300x225.jpeg\" alt=\"\" width=\"300\" height=\"225\" srcset=\"https:\/\/dimensionturistica.com\/es\/wp-content\/uploads\/2022\/06\/2-300x225.jpeg 300w, https:\/\/dimensionturistica.com\/es\/wp-content\/uploads\/2022\/06\/2-1024x768.jpeg 1024w, https:\/\/dimensionturistica.com\/es\/wp-content\/uploads\/2022\/06\/2-768x576.jpeg 768w, https:\/\/dimensionturistica.com\/es\/wp-content\/uploads\/2022\/06\/2-1536x1153.jpeg 1536w, https:\/\/dimensionturistica.com\/es\/wp-content\/uploads\/2022\/06\/2-750x563.jpeg 750w, https:\/\/dimensionturistica.com\/es\/wp-content\/uploads\/2022\/06\/2-1140x856.jpeg 1140w, https:\/\/dimensionturistica.com\/es\/wp-content\/uploads\/2022\/06\/2.jpeg 1563w\" sizes=\"(max-width: 300px) 100vw, 300px\" \/><br \/>\nCynthia Gonz\u00e1lez Rosas, docente responsable del grupo de j\u00f3venes del Telebachillerato Comunitario 025, detall\u00f3 la unidad y deseo que siempre ha caracterizado a sus estudiantes, lo que les permiti\u00f3 luchar por su sue\u00f1o de conocer la zona sur del estado. Iniciando su aventura con un viaje desde su centro de estudios a la siguiente comunidad, donde dentro de una jornada de salud le pidieron apoyo al gobernador de Tamaulipas para viajar a Tampico.<br \/>\n\u201cEsta fue una experiencia que ellos buscaban, desde que estaban en primaria y secundaria, ellos no hab\u00edan tenido la oportunidad de realizar una graduaci\u00f3n o fin de cursos. Ellos se estaban organizando, pero se atraves\u00f3 la pandemia, al regresar al aula fue emocionante para ellos y retomaron su sue\u00f1o de viajar por su estado. Un agradecimiento muy especial para nuestro gobernador y su esposa Mariana por hacer realidad el sue\u00f1o de mis estudiantes\u201d, se\u00f1al\u00f3 la<img decoding=\"async\" class=\"size-medium wp-image-325379 alignleft\" src=\"https:\/\/dimensionturistica.com\/es\/wp-content\/uploads\/2022\/06\/3-300x196.jpeg\" alt=\"\" width=\"300\" height=\"196\" srcset=\"https:\/\/dimensionturistica.com\/es\/wp-content\/uploads\/2022\/06\/3-300x196.jpeg 300w, https:\/\/dimensionturistica.com\/es\/wp-content\/uploads\/2022\/06\/3-1024x668.jpeg 1024w, https:\/\/dimensionturistica.com\/es\/wp-content\/uploads\/2022\/06\/3-768x501.jpeg 768w, https:\/\/dimensionturistica.com\/es\/wp-content\/uploads\/2022\/06\/3-750x489.jpeg 750w, https:\/\/dimensionturistica.com\/es\/wp-content\/uploads\/2022\/06\/3-1140x744.jpeg 1140w, https:\/\/dimensionturistica.com\/es\/wp-content\/uploads\/2022\/06\/3.jpeg 1226w\" sizes=\"(max-width: 300px) 100vw, 300px\" \/> maestra Gonz\u00e1lez Rosas.<br \/>\nPor medio de la colaboraci\u00f3n institucional de dependencias estatales y la iniciativa privada, como el Sistema DIF Tamaulipas, la Secretar\u00eda de Turismo y la Asociaci\u00f3n de Hoteles del Sur de Tamaulipas, se gestionaron los apoyos necesarios en transporte y estancia que permitieron cumplir este ansiado sue\u00f1o de los j\u00f3venes estudiantes tamaulipecos.<\/p>\n","protected":false},"excerpt":{"rendered":"<p>Lo que inici\u00f3 como un sue\u00f1o truncado por la pandemia, se convirti\u00f3 en una emocionante realidad para un grupo de 16 j\u00f3venes estudiantes del Telebachillerato Comunitario 025, ubicado en el \u201cCampo Pesquero Punta de Piedra\u201d, del municipio tamaulipeco de San Fernando, al conocer la zona sur del estado, disfrutando de los atractivos tur\u00edsticos que ofrece. [&hellip;]<\/p>\n","protected":false},"author":1,"featured_media":325381,"comment_status":"open","ping_status":"closed","sticky":false,"template":"","format":"standard","meta":{"om_disable_all_campaigns":false,"jnews-multi-image_gallery":[],"jnews_single_post":{"source_name":"","source_url":"","via_name":"","via_url":"","override_template":"0","override":[{"template":"1","single_blog_custom":"","parallax":"1","fullscreen":"1","layout":"right-sidebar","sidebar":"default-sidebar","second_sidebar":"default-sidebar","sticky_sidebar":"1","share_position":"top","share_float_style":"share-monocrhome","show_share_counter":"1","show_view_counter":"1","show_featured":"1","show_post_meta":"1","show_post_author":"1","show_post_author_image":"1","show_post_date":"1","post_date_format":"default","post_date_format_custom":"Y\/m\/d","show_post_category":"1","show_post_reading_time":"0","post_reading_time_wpm":"300","show_zoom_button":"0","zoom_button_out_step":"2","zoom_button_in_step":"3","show_post_tag":"1","show_prev_next_post":"1","show_popup_post":"1","number_popup_post":"1","show_author_box":"0","show_post_related":"0","show_inline_post_related":"0"}],"override_image_size":"0","image_override":[{"single_post_thumbnail_size":"crop-500","single_post_gallery_size":"crop-500"}],"trending_post":"0","trending_post_position":"meta","trending_post_label":"Trending","sponsored_post":"0","sponsored_post_label":"Sponsored by","sponsored_post_name":"","sponsored_post_url":"","sponsored_post_logo_enable":"0","sponsored_post_logo":"","sponsored_post_desc":"","disable_ad":"0"},"jnews_primary_category":{"id":""},"jnews_social_meta":{"fb_title":"","fb_description":"","fb_image":"","twitter_title":"","twitter_description":"","twitter_image":""},"footnotes":""},"categories":[39],"tags":[],"class_list":["post-325358","post","type-post","status-publish","format-standard","has-post-thumbnail","hentry","category-viajes"],"_links":{"self":[{"href":"https:\/\/dimensionturistica.com\/es\/wp-json\/wp\/v2\/posts\/325358","targetHints":{"allow":["GET"]}}],"collection":[{"href":"https:\/\/dimensionturistica.com\/es\/wp-json\/wp\/v2\/posts"}],"about":[{"href":"https:\/\/dimensionturistica.com\/es\/wp-json\/wp\/v2\/types\/post"}],"author":[{"embeddable":true,"href":"https:\/\/dimensionturistica.com\/es\/wp-json\/wp\/v2\/users\/1"}],"replies":[{"embeddable":true,"href":"https:\/\/dimensionturistica.com\/es\/wp-json\/wp\/v2\/comments?post=325358"}],"version-history":[{"count":0,"href":"https:\/\/dimensionturistica.com\/es\/wp-json\/wp\/v2\/posts\/325358\/revisions"}],"wp:featuredmedia":[{"embeddable":true,"href":"https:\/\/dimensionturistica.com\/es\/wp-json\/wp\/v2\/media\/325381"}],"wp:attachment":[{"href":"https:\/\/dimensionturistica.com\/es\/wp-json\/wp\/v2\/media?parent=325358"}],"wp:term":[{"taxonomy":"category","embeddable":true,"href":"https:\/\/dimensionturistica.com\/es\/wp-json\/wp\/v2\/categories?post=325358"},{"taxonomy":"post_tag","embeddable":true,"href":"https:\/\/dimensionturistica.com\/es\/wp-json\/wp\/v2\/tags?post=325358"}],"curies":[{"name":"wp","href":"https:\/\/api.w.org\/{rel}","templated":true}]}}