{"id":325342,"date":"2022-06-02T20:56:18","date_gmt":"2022-06-02T20:56:18","guid":{"rendered":"https:\/\/dimensionturistica.com\/es\/?p=325342"},"modified":"2022-06-02T20:56:18","modified_gmt":"2022-06-02T20:56:18","slug":"sectur-y-cirt-encuentran-coincidencias-para-promover-los-atractivos-turisticos-del-pais","status":"publish","type":"post","link":"https:\/\/dimensionturistica.com\/es\/sectur-y-cirt-encuentran-coincidencias-para-promover-los-atractivos-turisticos-del-pais\/","title":{"rendered":"Sectur y CIRT encuentran coincidencias para promover los atractivos tur\u00edsticos del pa\u00eds"},"content":{"rendered":"<p><img decoding=\"async\" class=\"size-medium wp-image-325344 alignleft\" src=\"https:\/\/dimensionturistica.com\/es\/wp-content\/uploads\/2022\/06\/Reunion-con-miembros-del-Consejo-Consultivo-de-la-CIRT-5-300x200.jpeg\" alt=\"\" width=\"300\" height=\"200\" srcset=\"https:\/\/dimensionturistica.com\/es\/wp-content\/uploads\/2022\/06\/Reunion-con-miembros-del-Consejo-Consultivo-de-la-CIRT-5-300x200.jpeg 300w, https:\/\/dimensionturistica.com\/es\/wp-content\/uploads\/2022\/06\/Reunion-con-miembros-del-Consejo-Consultivo-de-la-CIRT-5-1024x682.jpeg 1024w, https:\/\/dimensionturistica.com\/es\/wp-content\/uploads\/2022\/06\/Reunion-con-miembros-del-Consejo-Consultivo-de-la-CIRT-5-768x512.jpeg 768w, https:\/\/dimensionturistica.com\/es\/wp-content\/uploads\/2022\/06\/Reunion-con-miembros-del-Consejo-Consultivo-de-la-CIRT-5-1536x1023.jpeg 1536w, https:\/\/dimensionturistica.com\/es\/wp-content\/uploads\/2022\/06\/Reunion-con-miembros-del-Consejo-Consultivo-de-la-CIRT-5-750x500.jpeg 750w, https:\/\/dimensionturistica.com\/es\/wp-content\/uploads\/2022\/06\/Reunion-con-miembros-del-Consejo-Consultivo-de-la-CIRT-5-1140x760.jpeg 1140w, https:\/\/dimensionturistica.com\/es\/wp-content\/uploads\/2022\/06\/Reunion-con-miembros-del-Consejo-Consultivo-de-la-CIRT-5.jpeg 1600w\" sizes=\"(max-width: 300px) 100vw, 300px\" \/>El secretario de Turismo del Gobierno de M\u00e9xico, Miguel Torruco Marqu\u00e9s, sostuvo una reuni\u00f3n con miembros del Consejo Directivo de la C\u00e1mara de la Industria de Radio y Televisi\u00f3n (CIRT), con el prop\u00f3sito de establecer estrategias conjuntas en favor de la promoci\u00f3n de la actividad tur\u00edstica en el pa\u00eds.<br \/>\nEl titular de la Secretar\u00eda de Turismo (Sectur) plante\u00f3, ante los representantes de la C\u00e1mara, los ejes de la Pol\u00edtica Tur\u00edstica del Gobierno de M\u00e9xico, cuyo objetivo principal es hacer del turismo una herramienta de reconciliaci\u00f3n social, y que los beneficios lleguen a las comunidades, a trav\u00e9s de la diversificaci\u00f3n de la oferta hacia las 254 plazas de vocaci\u00f3n tur\u00edstica, de las cuales 132 son Pueblos M\u00e1gicos.<br \/>\nSe\u00f1al\u00f3 que para ello se trabaja en el desarrollo de productos \u2018ancla\u2019 en cada uno de los estados del pa\u00eds, como el Museo de Armando Manzanero, en Yucat\u00e1n; el Acuario de Mazatl\u00e1n, en Sinaloa; y La Chinesca, en Baja California; as\u00ed como la realizaci\u00f3n de eventos de alto impacto, entre estos la carrera del Pescado de Moctezuma; la carrera en el Desierto de Altar, en Sonora; y la carrera De Mar a Mar, en Baja California Sur.<br \/>\nTorruco Marqu\u00e9s tambi\u00e9n subray\u00f3 ante los integrantes de la CIRT, proyectos estrat\u00e9gicos como el Tren Maya, que fortalecer\u00e1 los productos tur\u00edsticos de los cinco estados de la regi\u00f3n; y el impulso a<img decoding=\"async\" class=\"size-medium wp-image-325345 alignright\" src=\"https:\/\/dimensionturistica.com\/es\/wp-content\/uploads\/2022\/06\/Reunion-con-miembros-del-Consejo-Consultivo-de-la-CIRT-7-300x206.jpeg\" alt=\"\" width=\"300\" height=\"206\" srcset=\"https:\/\/dimensionturistica.com\/es\/wp-content\/uploads\/2022\/06\/Reunion-con-miembros-del-Consejo-Consultivo-de-la-CIRT-7-300x206.jpeg 300w, https:\/\/dimensionturistica.com\/es\/wp-content\/uploads\/2022\/06\/Reunion-con-miembros-del-Consejo-Consultivo-de-la-CIRT-7-1024x704.jpeg 1024w, https:\/\/dimensionturistica.com\/es\/wp-content\/uploads\/2022\/06\/Reunion-con-miembros-del-Consejo-Consultivo-de-la-CIRT-7-768x528.jpeg 768w, https:\/\/dimensionturistica.com\/es\/wp-content\/uploads\/2022\/06\/Reunion-con-miembros-del-Consejo-Consultivo-de-la-CIRT-7-1536x1056.jpeg 1536w, https:\/\/dimensionturistica.com\/es\/wp-content\/uploads\/2022\/06\/Reunion-con-miembros-del-Consejo-Consultivo-de-la-CIRT-7-750x516.jpeg 750w, https:\/\/dimensionturistica.com\/es\/wp-content\/uploads\/2022\/06\/Reunion-con-miembros-del-Consejo-Consultivo-de-la-CIRT-7-1140x784.jpeg 1140w, https:\/\/dimensionturistica.com\/es\/wp-content\/uploads\/2022\/06\/Reunion-con-miembros-del-Consejo-Consultivo-de-la-CIRT-7.jpeg 1600w\" sizes=\"(max-width: 300px) 100vw, 300px\" \/> la conectividad a\u00e9rea a trav\u00e9s del nuevo Aeropuerto Internacional Felipe \u00c1ngeles (AIFA); el Aeropuerto de Tulum, en Quintana Roo; y el de Creel, en Chihuahua, entre otros.<br \/>\nCon estas acciones, se busca potenciar el ingreso de divisas por turismo y el gasto per c\u00e1pita de los viajeros, ya que al cierre de 2018, M\u00e9xico se ubicaba en el s\u00e9ptimo lugar de llegadas de turistas internacionales, pero en el 17 en captaci\u00f3n de divisas y el 40 en gasto per c\u00e1pita, indic\u00f3.<br \/>\nSubray\u00f3 las acciones del presidente de M\u00e9xico, Andr\u00e9s Manuel L\u00f3pez Obrador, durante la pandemia de no cerrar fronteras, ser el primer pa\u00eds de Latinoam\u00e9rica en aplicar protocolos sanitarios y la estrategia nacional de vacunaci\u00f3n; gracias a ello, el turismo en M\u00e9xico solo tuvo una ca\u00edda de 46%, cuando las grandes potencias descendieron hasta 84%.<br \/>\nEl titular de Sectur destac\u00f3 que la reactivaci\u00f3n del turismo es una realidad, y para el cierre de este a\u00f1o se estiman m\u00e1s de 40 millones de turistas internacionales, esto es 25.6% m\u00e1s que en 2021; una derrama econ\u00f3mica de 24 mil 250 millones de d\u00f3lares, 22.5% m\u00e1s respecto al a\u00f1o pasado; un gasto promedio de visitantes internacionales de 379.8 d\u00f3lares; y el PIB Tur\u00edstico representar\u00e1 el 8.3% de la econom\u00eda nacional, solo tres d\u00e9cimas menos que en 2019.<br \/>\nPor su parte, el presidente del Consejo Directivo de la CIRT, Jos\u00e9 Antonio Garc\u00eda Herrera, agradeci\u00f3 la participaci\u00f3n del secretario de Turismo, y mostr\u00f3 la disposici\u00f3n de la C\u00e1mara y sus agremiados<img decoding=\"async\" class=\"size-medium wp-image-325349 alignright\" src=\"https:\/\/dimensionturistica.com\/es\/wp-content\/uploads\/2022\/06\/Reunion-con-miembros-del-Consejo-Consultivo-de-la-CIRT-8-300x208.jpeg\" alt=\"\" width=\"300\" height=\"208\" srcset=\"https:\/\/dimensionturistica.com\/es\/wp-content\/uploads\/2022\/06\/Reunion-con-miembros-del-Consejo-Consultivo-de-la-CIRT-8-300x208.jpeg 300w, https:\/\/dimensionturistica.com\/es\/wp-content\/uploads\/2022\/06\/Reunion-con-miembros-del-Consejo-Consultivo-de-la-CIRT-8-1024x709.jpeg 1024w, https:\/\/dimensionturistica.com\/es\/wp-content\/uploads\/2022\/06\/Reunion-con-miembros-del-Consejo-Consultivo-de-la-CIRT-8-768x532.jpeg 768w, https:\/\/dimensionturistica.com\/es\/wp-content\/uploads\/2022\/06\/Reunion-con-miembros-del-Consejo-Consultivo-de-la-CIRT-8-1536x1064.jpeg 1536w, https:\/\/dimensionturistica.com\/es\/wp-content\/uploads\/2022\/06\/Reunion-con-miembros-del-Consejo-Consultivo-de-la-CIRT-8-750x519.jpeg 750w, https:\/\/dimensionturistica.com\/es\/wp-content\/uploads\/2022\/06\/Reunion-con-miembros-del-Consejo-Consultivo-de-la-CIRT-8-1140x789.jpeg 1140w, https:\/\/dimensionturistica.com\/es\/wp-content\/uploads\/2022\/06\/Reunion-con-miembros-del-Consejo-Consultivo-de-la-CIRT-8.jpeg 1600w\" sizes=\"(max-width: 300px) 100vw, 300px\" \/> para sumar esfuerzos que contribuyan en el fortalecimiento del turismo en M\u00e9xico.<br \/>\n&#8220;Podemos ser un gran instrumento para el turismo en M\u00e9xico, contribuir con su desarrollo. Necesitamos ayudarlos y que ustedes nos ayuden para poder seguir creciendo como industria, y colaborar por M\u00e9xico&#8221;, destac\u00f3 Garc\u00eda Herrera.<br \/>\nDurante la reuni\u00f3n, los miembros del Consejo Directivo de la CIRT entablaron un di\u00e1logo en el que le externaron al secretario de Turismo recomendaciones basadas en sus propias experiencias, que ayudar\u00e1n al impulso de la actividad tur\u00edstica.<br \/>\nEn cuanto a seguridad, Torruco Marqu\u00e9s indic\u00f3 que es un tema que se atiende, y destac\u00f3 que esto no ha impactado en la llegada de turistas internacionales a los destinos de M\u00e9xico. Atendi\u00f3 tambi\u00e9n las propuestas de los consejeros para que mediante el alcance de la radio y la televisi\u00f3n, se impulse el turismo en M\u00e9xico.<\/p>\n","protected":false},"excerpt":{"rendered":"<p>El secretario de Turismo del Gobierno de M\u00e9xico, Miguel Torruco Marqu\u00e9s, sostuvo una reuni\u00f3n con miembros del Consejo Directivo de la C\u00e1mara de la Industria de Radio y Televisi\u00f3n (CIRT), con el prop\u00f3sito de establecer estrategias conjuntas en favor de la promoci\u00f3n de la actividad tur\u00edstica en el pa\u00eds. El titular de la Secretar\u00eda de [&hellip;]<\/p>\n","protected":false},"author":1,"featured_media":325343,"comment_status":"open","ping_status":"closed","sticky":false,"template":"","format":"standard","meta":{"om_disable_all_campaigns":false,"jnews-multi-image_gallery":[],"jnews_single_post":{"source_name":"","source_url":"","via_name":"","via_url":"","override_template":"0","override":[{"template":"1","single_blog_custom":"","parallax":"1","fullscreen":"1","layout":"right-sidebar","sidebar":"default-sidebar","second_sidebar":"default-sidebar","sticky_sidebar":"1","share_position":"top","share_float_style":"share-monocrhome","show_share_counter":"1","show_view_counter":"1","show_featured":"1","show_post_meta":"1","show_post_author":"1","show_post_author_image":"1","show_post_date":"1","post_date_format":"default","post_date_format_custom":"Y\/m\/d","show_post_category":"1","show_post_reading_time":"0","post_reading_time_wpm":"300","show_zoom_button":"0","zoom_button_out_step":"2","zoom_button_in_step":"3","show_post_tag":"1","show_prev_next_post":"1","show_popup_post":"1","number_popup_post":"1","show_author_box":"0","show_post_related":"0","show_inline_post_related":"0"}],"override_image_size":"0","image_override":[{"single_post_thumbnail_size":"crop-500","single_post_gallery_size":"crop-500"}],"trending_post":"0","trending_post_position":"meta","trending_post_label":"Trending","sponsored_post":"0","sponsored_post_label":"Sponsored by","sponsored_post_name":"","sponsored_post_url":"","sponsored_post_logo_enable":"0","sponsored_post_logo":"","sponsored_post_desc":"","disable_ad":"0"},"jnews_primary_category":{"id":""},"jnews_social_meta":{"fb_title":"","fb_description":"","fb_image":"","twitter_title":"","twitter_description":"","twitter_image":""},"footnotes":""},"categories":[40],"tags":[],"class_list":["post-325342","post","type-post","status-publish","format-standard","has-post-thumbnail","hentry","category-industria"],"_links":{"self":[{"href":"https:\/\/dimensionturistica.com\/es\/wp-json\/wp\/v2\/posts\/325342","targetHints":{"allow":["GET"]}}],"collection":[{"href":"https:\/\/dimensionturistica.com\/es\/wp-json\/wp\/v2\/posts"}],"about":[{"href":"https:\/\/dimensionturistica.com\/es\/wp-json\/wp\/v2\/types\/post"}],"author":[{"embeddable":true,"href":"https:\/\/dimensionturistica.com\/es\/wp-json\/wp\/v2\/users\/1"}],"replies":[{"embeddable":true,"href":"https:\/\/dimensionturistica.com\/es\/wp-json\/wp\/v2\/comments?post=325342"}],"version-history":[{"count":0,"href":"https:\/\/dimensionturistica.com\/es\/wp-json\/wp\/v2\/posts\/325342\/revisions"}],"wp:featuredmedia":[{"embeddable":true,"href":"https:\/\/dimensionturistica.com\/es\/wp-json\/wp\/v2\/media\/325343"}],"wp:attachment":[{"href":"https:\/\/dimensionturistica.com\/es\/wp-json\/wp\/v2\/media?parent=325342"}],"wp:term":[{"taxonomy":"category","embeddable":true,"href":"https:\/\/dimensionturistica.com\/es\/wp-json\/wp\/v2\/categories?post=325342"},{"taxonomy":"post_tag","embeddable":true,"href":"https:\/\/dimensionturistica.com\/es\/wp-json\/wp\/v2\/tags?post=325342"}],"curies":[{"name":"wp","href":"https:\/\/api.w.org\/{rel}","templated":true}]}}