{"id":325298,"date":"2022-06-02T19:56:09","date_gmt":"2022-06-02T19:56:09","guid":{"rendered":"https:\/\/dimensionturistica.com\/es\/?p=325298"},"modified":"2022-06-02T19:56:09","modified_gmt":"2022-06-02T19:56:09","slug":"hg-hotels-resorts-celebra-en-tijuana-apertura-de-la-segunda-propiedad-de-hoteles-avid-en-mexico","status":"publish","type":"post","link":"https:\/\/dimensionturistica.com\/es\/hg-hotels-resorts-celebra-en-tijuana-apertura-de-la-segunda-propiedad-de-hoteles-avid-en-mexico\/","title":{"rendered":"HG Hotels &#038; Resorts celebra en Tijuana apertura de la segunda propiedad de Hoteles avid en M\u00e9xico"},"content":{"rendered":"<p><img decoding=\"async\" class=\"size-medium wp-image-325299 alignleft\" src=\"https:\/\/dimensionturistica.com\/es\/wp-content\/uploads\/2022\/06\/1-Directivos-Flecha-Amarilla-300x296.jpg\" alt=\"\" width=\"300\" height=\"296\" srcset=\"https:\/\/dimensionturistica.com\/es\/wp-content\/uploads\/2022\/06\/1-Directivos-Flecha-Amarilla-300x296.jpg 300w, https:\/\/dimensionturistica.com\/es\/wp-content\/uploads\/2022\/06\/1-Directivos-Flecha-Amarilla-768x757.jpg 768w, https:\/\/dimensionturistica.com\/es\/wp-content\/uploads\/2022\/06\/1-Directivos-Flecha-Amarilla-75x75.jpg 75w, https:\/\/dimensionturistica.com\/es\/wp-content\/uploads\/2022\/06\/1-Directivos-Flecha-Amarilla-750x739.jpg 750w, https:\/\/dimensionturistica.com\/es\/wp-content\/uploads\/2022\/06\/1-Directivos-Flecha-Amarilla.jpg 945w\" sizes=\"(max-width: 300px) 100vw, 300px\" \/>IHG Hotels &amp; Resorts, una de las compa\u00f1\u00edas hoteleras l\u00edderes en el mundo, anuncia la apertura del Hotel avid Tijuana Otay. Esta es una de las marcas m\u00e1s nuevas dentro de la colecci\u00f3n esenciales, en el portafolio de IHG, y ya se expande r\u00e1pidamente en Am\u00e9rica del Norte, rebasando las 50 propiedades abiertas. Hoteles avid ha ganado gran impulso gracias a su distintiva promesa de marca: lo b\u00e1sico hecho excepcionalmente bien, la cual atrae a viajeros en destinos urbanos y emergentes.<br \/>\nEl evento oficial de corte de list\u00f3n se celebr\u00f3 el d\u00eda de hoy, con la asistencia de Lic. Jos\u00e9 de Jes\u00fas Qui\u00f1onez, Subsecretario de Turismo del Gobierno de Baja California. Estuvieron tambi\u00e9n presentes, por parte de IHG Hotels &amp; Resorts: Jorge Apaez, Chief Operating Officer para M\u00e9xico, Am\u00e9rica Latina y el Caribe y German Ongay Vicepresidente Regional de Desarrollo y venta de franquicias para M\u00e9xico; por parte de Flecha Amarilla, Arturo Pinto Aguilar y Daniel Rodr\u00edguez Mart\u00ednez, Presidente y Vicepresidente del Consejo de Administraci\u00f3n respectivamente; as\u00ed como consejeros y directivos del mismo grupo, adem\u00e1s de socios comerciales y autoridades del gobierno estatal.<img decoding=\"async\" class=\"size-medium wp-image-325300 alignright\" src=\"https:\/\/dimensionturistica.com\/es\/wp-content\/uploads\/2022\/06\/4Corte-de-liston-300x225.jpg\" alt=\"\" width=\"300\" height=\"225\" srcset=\"https:\/\/dimensionturistica.com\/es\/wp-content\/uploads\/2022\/06\/4Corte-de-liston-300x225.jpg 300w, https:\/\/dimensionturistica.com\/es\/wp-content\/uploads\/2022\/06\/4Corte-de-liston.jpg 700w\" sizes=\"(max-width: 300px) 100vw, 300px\" \/><br \/>\nEl hotel avid Tijuana Otay, propiedad de Flecha Amarilla, representa una inversi\u00f3n de 150 millones de pesos en esta pr\u00f3spera ciudad fronteriza y opera bajo un acuerdo de licencia comercial con IHG Hotels &amp; Resorts.<br \/>\nUbicada en el \u00e1rea de Otay, conocida por su f\u00e1cil acceso a las avenidas principales y su proximidad con los parques industriales Tijuana Internacional y Misi\u00f3n de las Californias, la nueva propiedad est\u00e1 a 10 minutos en autom\u00f3vil del aeropuerto. Se compone de cinco pisos, con 126 habitaciones y cuenta con gimnasio, espacios p\u00fablicos para el desayuno, relajaci\u00f3n y co-working, mercado de conveniencia y estacionamiento. Otros puntos de inter\u00e9s cercanos incluyen el Centro Comercial Otay, el nuevo Centro Comercial Peninsula, la Zona r\u00edo, el Centro Cultural y los estadios Chevron y Caliente.<br \/>\nEl hotel ofrece a los viajeros justo lo que necesitan. Las habitaciones son limpias, c\u00f3modas y modernas. Todas las habitaciones est\u00e1n equipadas con IHG Studio, lo que permite a los hu\u00e9spedes proyectar su entretenimiento directamente desde tel\u00e9fonos inteligentes y dispositivos personales a los televisores de 55 pulgadas en cada habitaci\u00f3n. Adem\u00e1s, el servicio IHG Connect proporciona Wi-Fi mejorado y una experiencia fluida de navegaci\u00f3n.<br \/>\nEl desayuno de cortes\u00eda se complementa con un n\u00famero selecto de productos para llevar, de alta\u00a0<img decoding=\"async\" class=\"size-medium wp-image-325304 alignright\" src=\"https:\/\/dimensionturistica.com\/es\/wp-content\/uploads\/2022\/06\/Mensaje-de-Sr.-Jorge-Apaez-300x231.jpeg\" alt=\"\" width=\"300\" height=\"231\" srcset=\"https:\/\/dimensionturistica.com\/es\/wp-content\/uploads\/2022\/06\/Mensaje-de-Sr.-Jorge-Apaez-300x231.jpeg 300w, https:\/\/dimensionturistica.com\/es\/wp-content\/uploads\/2022\/06\/Mensaje-de-Sr.-Jorge-Apaez-1024x790.jpeg 1024w, https:\/\/dimensionturistica.com\/es\/wp-content\/uploads\/2022\/06\/Mensaje-de-Sr.-Jorge-Apaez-768x592.jpeg 768w, https:\/\/dimensionturistica.com\/es\/wp-content\/uploads\/2022\/06\/Mensaje-de-Sr.-Jorge-Apaez-750x578.jpeg 750w, https:\/\/dimensionturistica.com\/es\/wp-content\/uploads\/2022\/06\/Mensaje-de-Sr.-Jorge-Apaez-1140x879.jpeg 1140w, https:\/\/dimensionturistica.com\/es\/wp-content\/uploads\/2022\/06\/Mensaje-de-Sr.-Jorge-Apaez.jpeg 1271w\" sizes=\"(max-width: 300px) 100vw, 300px\" \/> calidad y marca comercial, que incluyen una opci\u00f3n de desayuno caliente, junto con caf\u00e9 de grano, reci\u00e9n hecho. Los hu\u00e9spedes tendr\u00e1n un sue\u00f1o reparador gracias a un colch\u00f3n y ropa de cama de la mejor calidad, aislamiento ac\u00fastico en paredes, materiales y dise\u00f1o, as\u00ed como y persianas opacas. Las amplias y funcionales habitaciones tambi\u00e9n incluyen un espacio de trabajo y un armario abierto, mientras que el standard de marca IHG Clean Promise garantiza los m\u00e1s altos est\u00e1ndares y protocolos de calidad en higiene y limpieza.<br \/>\nKaren Gilbride, vicepresidenta de Hoteles avid, coment\u00f3: &#8220;Estamos muy entusiasmados con la continuidad que esta segunda apertura en M\u00e9xico le brinda a Hoteles avid, y por el impulso que hemos ganado en la regi\u00f3n. Esta marca es un excelente producto que llen\u00f3 un vac\u00edo en el mercado. Su enfoque dedicado e intencional en satisfacer las necesidades m\u00e1s importantes en la hospitalidad, nos coloca en una posici\u00f3n de ventaja hacia el cumplimiento de nuestras ambiciones y nos permite entregar de manera consistente, lo esencial hecho excepcionalmente bien, a un precio justo&#8221;.<br \/>\nJorge Apaez, Chief Operating Officer de IHG para M\u00e9xico, Am\u00e9rica Latina y el Caribe, agreg\u00f3 : &#8220;Es\u00a0<img decoding=\"async\" class=\"size-medium wp-image-325306 alignright\" src=\"https:\/\/dimensionturistica.com\/es\/wp-content\/uploads\/2022\/06\/5-avid-hotels-tijuana-7136783446-original-300x200.jpg\" alt=\"\" width=\"300\" height=\"200\" srcset=\"https:\/\/dimensionturistica.com\/es\/wp-content\/uploads\/2022\/06\/5-avid-hotels-tijuana-7136783446-original-300x200.jpg 300w, https:\/\/dimensionturistica.com\/es\/wp-content\/uploads\/2022\/06\/5-avid-hotels-tijuana-7136783446-original.jpg 709w\" sizes=\"(max-width: 300px) 100vw, 300px\" \/> muy gratificante para m\u00ed compartir la noticia sobre la apertura oficial de esta propiedad con Flecha Amarilla como socios comerciales, porque representa el trabajo conjunto de dos empresas comprometidas con el desarrollo de la infraestructura tur\u00edstica, tan necesaria para la econom\u00eda de M\u00e9xico. Hoteles avid es una marca disruptiva y emocionante, con claros diferenciadores de calidad superior, que estoy seguro, la posicionar\u00e1n r\u00e1pidamente como favorita de los viajeros en Tijuana, as\u00ed como en otras ciudades donde pronto estar\u00e1 tambi\u00e9n disponible&#8221;.<br \/>\nDespu\u00e9s de su debut en M\u00e9xico, en Fresnillo, Zacatecas en el a\u00f1o 2020, una fuerte respuesta de los hu\u00e9spedes, inversionistas y desarrolladores hacia la marca es evidente, con 14 proyectos en marcha en M\u00e9xico, que se abrir\u00e1n en los pr\u00f3ximos a\u00f1os en ciudades como Guadalajara, Quer\u00e9taro y Mazatl\u00e1n.<\/p>\n","protected":false},"excerpt":{"rendered":"<p>IHG Hotels &amp; Resorts, una de las compa\u00f1\u00edas hoteleras l\u00edderes en el mundo, anuncia la apertura del Hotel avid Tijuana Otay. Esta es una de las marcas m\u00e1s nuevas dentro de la colecci\u00f3n esenciales, en el portafolio de IHG, y ya se expande r\u00e1pidamente en Am\u00e9rica del Norte, rebasando las 50 propiedades abiertas. Hoteles avid [&hellip;]<\/p>\n","protected":false},"author":1,"featured_media":325308,"comment_status":"open","ping_status":"closed","sticky":false,"template":"","format":"standard","meta":{"om_disable_all_campaigns":false,"jnews-multi-image_gallery":[],"jnews_single_post":{"source_name":"","source_url":"","via_name":"","via_url":"","override_template":"0","override":[{"template":"1","single_blog_custom":"","parallax":"1","fullscreen":"1","layout":"right-sidebar","sidebar":"default-sidebar","second_sidebar":"default-sidebar","sticky_sidebar":"1","share_position":"top","share_float_style":"share-monocrhome","show_share_counter":"1","show_view_counter":"1","show_featured":"1","show_post_meta":"1","show_post_author":"1","show_post_author_image":"1","show_post_date":"1","post_date_format":"default","post_date_format_custom":"Y\/m\/d","show_post_category":"1","show_post_reading_time":"0","post_reading_time_wpm":"300","show_zoom_button":"0","zoom_button_out_step":"2","zoom_button_in_step":"3","show_post_tag":"1","show_prev_next_post":"1","show_popup_post":"1","number_popup_post":"1","show_author_box":"0","show_post_related":"0","show_inline_post_related":"0"}],"override_image_size":"0","image_override":[{"single_post_thumbnail_size":"crop-500","single_post_gallery_size":"crop-500"}],"trending_post":"0","trending_post_position":"meta","trending_post_label":"Trending","sponsored_post":"0","sponsored_post_label":"Sponsored by","sponsored_post_name":"","sponsored_post_url":"","sponsored_post_logo_enable":"0","sponsored_post_logo":"","sponsored_post_desc":"","disable_ad":"0"},"jnews_primary_category":{"id":""},"jnews_social_meta":{"fb_title":"","fb_description":"","fb_image":"","twitter_title":"","twitter_description":"","twitter_image":""},"footnotes":""},"categories":[40],"tags":[],"class_list":["post-325298","post","type-post","status-publish","format-standard","has-post-thumbnail","hentry","category-industria"],"_links":{"self":[{"href":"https:\/\/dimensionturistica.com\/es\/wp-json\/wp\/v2\/posts\/325298","targetHints":{"allow":["GET"]}}],"collection":[{"href":"https:\/\/dimensionturistica.com\/es\/wp-json\/wp\/v2\/posts"}],"about":[{"href":"https:\/\/dimensionturistica.com\/es\/wp-json\/wp\/v2\/types\/post"}],"author":[{"embeddable":true,"href":"https:\/\/dimensionturistica.com\/es\/wp-json\/wp\/v2\/users\/1"}],"replies":[{"embeddable":true,"href":"https:\/\/dimensionturistica.com\/es\/wp-json\/wp\/v2\/comments?post=325298"}],"version-history":[{"count":0,"href":"https:\/\/dimensionturistica.com\/es\/wp-json\/wp\/v2\/posts\/325298\/revisions"}],"wp:featuredmedia":[{"embeddable":true,"href":"https:\/\/dimensionturistica.com\/es\/wp-json\/wp\/v2\/media\/325308"}],"wp:attachment":[{"href":"https:\/\/dimensionturistica.com\/es\/wp-json\/wp\/v2\/media?parent=325298"}],"wp:term":[{"taxonomy":"category","embeddable":true,"href":"https:\/\/dimensionturistica.com\/es\/wp-json\/wp\/v2\/categories?post=325298"},{"taxonomy":"post_tag","embeddable":true,"href":"https:\/\/dimensionturistica.com\/es\/wp-json\/wp\/v2\/tags?post=325298"}],"curies":[{"name":"wp","href":"https:\/\/api.w.org\/{rel}","templated":true}]}}