{"id":325261,"date":"2022-06-02T19:43:42","date_gmt":"2022-06-02T19:43:42","guid":{"rendered":"https:\/\/dimensionturistica.com\/es\/?p=325261"},"modified":"2022-06-02T19:43:42","modified_gmt":"2022-06-02T19:43:42","slug":"al-buen-entendedor-tianguis-turistico-acapulco-2022-2","status":"publish","type":"post","link":"https:\/\/dimensionturistica.com\/es\/al-buen-entendedor-tianguis-turistico-acapulco-2022-2\/","title":{"rendered":"Al Buen Entendedor&#8230; Tianguis Tur\u00edstico, Acapulco 2022\u2026"},"content":{"rendered":"<p><img decoding=\"async\" class=\"size-medium wp-image-325287 alignleft\" src=\"https:\/\/dimensionturistica.com\/es\/wp-content\/uploads\/2022\/06\/SERGIOGONZALES-280x300.jpg\" alt=\"\" width=\"280\" height=\"300\" srcset=\"https:\/\/dimensionturistica.com\/es\/wp-content\/uploads\/2022\/06\/SERGIOGONZALES-280x300.jpg 280w, https:\/\/dimensionturistica.com\/es\/wp-content\/uploads\/2022\/06\/SERGIOGONZALES-768x823.jpg 768w, https:\/\/dimensionturistica.com\/es\/wp-content\/uploads\/2022\/06\/SERGIOGONZALES-750x804.jpg 750w, https:\/\/dimensionturistica.com\/es\/wp-content\/uploads\/2022\/06\/SERGIOGONZALES.jpg 819w\" sizes=\"(max-width: 280px) 100vw, 280px\" \/>Luego de casi superada la pandemia, y de no haber asistido al Tianguis en la querida M\u00e9rida, Yucat\u00e1n, en donde me perd\u00ed, entre otras cosas, del homenaje al Maestro Armando Manzanero, decid\u00ed aproximar mis pasos al querido y legendario puerto de Acapulco, para atender a una nueva versi\u00f3n de esta supuesta cita de negocios tur\u00edsticos.<br \/>\nCaro, car\u00edsimo como desde hace unos a\u00f1os, comprar Acapulco cada vez que se trata de un Tianguis. Con lo costoso que resulta, uno pensar\u00eda que los hoteles estar\u00e1n a tope, pero resulta que no es as\u00ed, cuando menos en mi caso, pero para no adelantar, les cuento primero las peripecias del viaje.<br \/>\nAl no encontrar espacios en el \u00fanico vuelo directo, reserv\u00e9 con Aerom\u00e9xico v\u00eda la Ciudad de M\u00e9xico, error que tratar\u00e9 de evitar en la medida de lo posible en pr\u00f3ximos viajes, porque como es sabido por muchos, pasar por el Aeropuerto Internacional Benito Ju\u00e1rez de la Ciudad de M\u00e9xico, es una experiencia lamentable por decir lo menos.<br \/>\nLa saturaci\u00f3n del viejo aeropuerto de la ciudad de M\u00e9xico, sin mencionar por ahora, su obsolescencia, est\u00e1 generando que todos los vuelos desde y hacia ese aeropuerto salgan demorados con la consecuente incomodidad para todos los viajeros y no s\u00f3lo eso, sino el incurrir en una serie de gastos imprevistos, modificar agendas, cancelar citas y con toda seguridad tambi\u00e9n perder dinero, escenario dif\u00edcil de entender para los seguidores de la mal llamada Cuarta<img decoding=\"async\" class=\"size-medium wp-image-325289 alignright\" src=\"https:\/\/dimensionturistica.com\/es\/wp-content\/uploads\/2022\/06\/BARRANCASDELCOBRE-300x169.jpg\" alt=\"\" width=\"300\" height=\"169\" srcset=\"https:\/\/dimensionturistica.com\/es\/wp-content\/uploads\/2022\/06\/BARRANCASDELCOBRE-300x169.jpg 300w, https:\/\/dimensionturistica.com\/es\/wp-content\/uploads\/2022\/06\/BARRANCASDELCOBRE.jpg 350w\" sizes=\"(max-width: 300px) 100vw, 300px\" \/> Transformaci\u00f3n y su gran l\u00edder, que no pueden entender ni alcanzan a comprender las cr\u00edticas por el hecho de que se haya cancelado el proyecto del Nuevo Aeropuerto Internacional de M\u00e9xico NAIM, en Texcoco.<br \/>\nEl hecho es que la demoras y las cancelaciones se suceden una y otra vez, y la asistencia al Tianguis Tur\u00edstico de Acapulco, no fue la excepci\u00f3n.<br \/>\nAh\u00ed est\u00e1bamos los intr\u00e9pidos asistentes desde Canc\u00fan, rogando por alcanzar la conexi\u00f3n en la CDMX, luego de la demora; los ruegos fueron infructuosos, pues como era de esperarse, nos dej\u00f3 el avi\u00f3n\u2026<br \/>\nLo que sigui\u00f3 para algunos, fue dormir en un Hotel del aeropuerto, los que alcanzamos, para otros en uno de la zona rosa, y para otros m\u00e1s j\u00f3venes y aventurados rentar un veh\u00edculo y lanzarse a la aventura, c\u00f3mo cuando ten\u00edamos dieciocho a\u00f1os y conducir hasta el emblem\u00e1tico y fiestero<img decoding=\"async\" class=\"size-full wp-image-325290 alignleft\" src=\"https:\/\/dimensionturistica.com\/es\/wp-content\/uploads\/2022\/06\/KENSALAZAR.jpg\" alt=\"\" width=\"292\" height=\"158\" \/> puerto.<br \/>\nEl joven empleado de Aerom\u00e9xico, me da tres cupones para pagar desayuno, comida y cena en el Hotel Camino Real del aeropuerto, cada uno por un valor de $300.00 pesitos, y me da mi pase de abordar para el d\u00eda siguiente a las 10:45 de la ma\u00f1ana, con lo cual ya de entrada me perd\u00eda la Inauguraci\u00f3n al Tianguis, ya empez\u00e1bamos mal.<br \/>\nEn el Hotel, me dispongo a cenar con mis amigos y compa\u00f1eros en la aventura, nos aproximamos al restaurante.<br \/>\n-Oiga, caballero podemos juntar los cupones de Desayuno, Comida y Cena, \u00bfpara pagar este \u00fanico alimento que habremos de tomar?<br \/>\n-NO. No es posible.<br \/>\n-Que pena, vamos a perder dos cupones. Ni hablar. \u00bfNos puede tomar la orden?<br \/>\n-NO. No pueden juntar los cupones.<br \/>\n-\u2026\u2026 silencio\u2026..<br \/>\n-Tenemos que cenar separados. ?<br \/>\n-NO. Bueno si, bueno no. Pueden cenar juntos y les hacemos cuentas separadas\u2026<br \/>\n-OHHH. Magn\u00edfico, eso quer\u00edamos\u2026<br \/>\nY as\u00ed, pasamos la primera noche.<br \/>\nA la ma\u00f1ana siguiente, unos en un vuelo, otros en otro. En mi caso y el de mi amigo Phillipe,<img decoding=\"async\" class=\"size-medium wp-image-325291 alignright\" src=\"https:\/\/dimensionturistica.com\/es\/wp-content\/uploads\/2022\/06\/PRINCESACAPULCO-300x168.jpg\" alt=\"\" width=\"300\" height=\"168\" srcset=\"https:\/\/dimensionturistica.com\/es\/wp-content\/uploads\/2022\/06\/PRINCESACAPULCO-300x168.jpg 300w, https:\/\/dimensionturistica.com\/es\/wp-content\/uploads\/2022\/06\/PRINCESACAPULCO-768x431.jpg 768w, https:\/\/dimensionturistica.com\/es\/wp-content\/uploads\/2022\/06\/PRINCESACAPULCO.jpg 1024w, https:\/\/dimensionturistica.com\/es\/wp-content\/uploads\/2022\/06\/PRINCESACAPULCO-750x421.jpg 750w\" sizes=\"(max-width: 300px) 100vw, 300px\" \/> nuestro vuelo, como era de esperarse volvi\u00f3 a salir demorado, nos tuvieron en la pista como cuarenta minutos, pero bueno ya est\u00e1bamos con rumbo a Acapulco. Los chairos no pueden entender a\u00fan mis quejas, algunos me dicen que porque no me compro mejor un avi\u00f3n\u2026<br \/>\nLlegamos a Acapulco y me traslad\u00e9 al legendario y emblem\u00e1tico Hotel Princess que esta cumpliendo 51 a\u00f1os. Siempre me ha gustado ese hotel y me trae hermosos recuerdos, sin embargo, es una pena atestiguar que, si bien sigue siendo un gran hotel, el servicio no es el de antes, las instalaciones han ca\u00eddo un poco en el abandono y lo peor es que los precios no est\u00e1n acordes a su nueva y triste realidad.<br \/>\nLos empresarios que han adquirido el majestuoso Princess, que ahora forma parte del Mundo Imperial que comprende al Palacio, el Pierre Marqu\u00e9s, El Centro de Convenciones y el propio Princess, han abusado del mercado en una escalada de precios que no corresponde con el servicio que ofrecen.<br \/>\nHay falta de personal, que se entiende, despu\u00e9s de la pandemia, situaci\u00f3n que tambi\u00e9n sufrimos en el Caribe Mexicano, pero tambi\u00e9n hay falta de capacitaci\u00f3n, de sensibilidad y de criterio.<img decoding=\"async\" class=\"size-medium wp-image-325292 alignright\" src=\"https:\/\/dimensionturistica.com\/es\/wp-content\/uploads\/2022\/06\/stera-acapulco_Noticias-300x150.jpg\" alt=\"\" width=\"300\" height=\"150\" srcset=\"https:\/\/dimensionturistica.com\/es\/wp-content\/uploads\/2022\/06\/stera-acapulco_Noticias-300x150.jpg 300w, https:\/\/dimensionturistica.com\/es\/wp-content\/uploads\/2022\/06\/stera-acapulco_Noticias-768x384.jpg 768w, https:\/\/dimensionturistica.com\/es\/wp-content\/uploads\/2022\/06\/stera-acapulco_Noticias-360x180.jpg 360w, https:\/\/dimensionturistica.com\/es\/wp-content\/uploads\/2022\/06\/stera-acapulco_Noticias-750x375.jpg 750w, https:\/\/dimensionturistica.com\/es\/wp-content\/uploads\/2022\/06\/stera-acapulco_Noticias.jpg 800w\" sizes=\"(max-width: 300px) 100vw, 300px\" \/><br \/>\nEn el Princess estaban al 50% de ocupaci\u00f3n, y no fue posible que me dieran una habitaci\u00f3n con vista al mar, habiendo pagado una tarifa m\u00e1s que razonable. Me dieron una con vista al campo de golf, uno \u00e1rido, que ya no tiene aquellos c\u00e9spedes verdes de anta\u00f1o.<br \/>\nLos precios en general, son como si estuvieras en un destino de gran lujo, y tristemente el querido Acapulco, ya no es eso.<br \/>\nEl servicio en el Tianguis, es decir, ya en el evento de negocios, pues que les digo, lo mismo de siempre, amables todos, cordiales todos, desorganizados todos, un desmadre como siempre\u2026<br \/>\nY los discursos\u2026bueno, para mis ocho lectores, si alguno no asisti\u00f3 les cuento, que el Se\u00f1or Torruco, ese que tenemos por secretario de turismo, con la arrogancia que le caracteriza y con su enorme inconciencia en su discurso inaugural, en medio de los halagos a las grandes maravillas de M\u00e9xico, ocurre decir que las Barrancas del Cobre en el norte de nuestro pa\u00eds, son de alguna manera, m\u00e1s grandes y m\u00e1s hermosas que el gran Ca\u00f1\u00f3n del Colorado, \u201caunque no le guste al Se\u00f1or Embajador de los Estados Unidos\u201d, ah\u00ed presente.<br \/>\nTorruco siempre ha sido arrogante e incompetente, ahora ha demostrado tambi\u00e9n su falta de educaci\u00f3n y de sensibilidad pol\u00edtica. Y por si eso fuera poco, vino despu\u00e9s el caricaturesco Secretario de Gobernaci\u00f3n representando a AMLO, y bien que lo representa hasta en ese acento, salido como de una rancher\u00eda, que poco favor nos hace a los mexicanos, para ratificar lo dicho por<img decoding=\"async\" class=\"size-medium wp-image-325293 alignright\" src=\"https:\/\/dimensionturistica.com\/es\/wp-content\/uploads\/2022\/06\/texcocoAEROPUERTO-300x173.jpg\" alt=\"\" width=\"300\" height=\"173\" srcset=\"https:\/\/dimensionturistica.com\/es\/wp-content\/uploads\/2022\/06\/texcocoAEROPUERTO-300x173.jpg 300w, https:\/\/dimensionturistica.com\/es\/wp-content\/uploads\/2022\/06\/texcocoAEROPUERTO-1024x590.jpg 1024w, https:\/\/dimensionturistica.com\/es\/wp-content\/uploads\/2022\/06\/texcocoAEROPUERTO-768x442.jpg 768w, https:\/\/dimensionturistica.com\/es\/wp-content\/uploads\/2022\/06\/texcocoAEROPUERTO-750x432.jpg 750w, https:\/\/dimensionturistica.com\/es\/wp-content\/uploads\/2022\/06\/texcocoAEROPUERTO.jpg 1045w\" sizes=\"(max-width: 300px) 100vw, 300px\" \/> el de turismo, que, aunque no le guste \u201cse tiene que aguantar Embajador\u201d, palabras m\u00e1s o menos, refiri\u00e9ndose a la cita sobre el Gran Ca\u00f1\u00f3n del Colorado.<br \/>\nInsensatos, insensibles, mal educados, groseros y si me permiten mis ocho lectores la expresi\u00f3n, tambi\u00e9n nacos, este par de representantes del Gobierno de M\u00e9xico, en una demostraci\u00f3n m\u00e1s de su soslayo y desprecio por el turismo y en una evidencia clara de la falta de respeto por el Embajador de nuestro m\u00e1s importante socio comercial.<br \/>\n&#8220;&#8230;Yo quiero nada m\u00e1s hacer una peque\u00f1a acotaci\u00f3n si me lo permiten personalizar. S\u00e9 que no le gust\u00f3 porque vi su rostro del embajador Salazar cuando Miguel (Torruco) dijo, afirm\u00f3 con justa raz\u00f3n que el Ca\u00f1\u00f3n del Colorado es infinitamente menos hermoso que nuestra Barranca del Cobre, pues hay que aguantar se\u00f1or embajador, porque es verdaderamente hermosa la Barranca del Cobre, pero es verdaderamente hermoso nuestro pa\u00eds, como todos los pa\u00edses del mundo tienen sus bellezas y tiene sus toquezas, pero nosotros estamos aqu\u00ed para decir que M\u00e9xico es grande, grande por su turismo, sus habitantes, es grande por todos ustedes&#8221;, abund\u00f3.<br \/>\nSin palabras\u2026<br \/>\nAlgunas otras peroratas proclam\u00f3 Torruco durante el Tianguis, en distintos foros y eventos, todas absurdas, todas excesivas, todas alabando a su gran l\u00edder L\u00f3pez Obrador, todas rid\u00edculas, todas sin sentido. No hace falta referirse a ninguna, eran todas la misma caricatura.<br \/>\nSi bien el Tianguis sigue siendo el gran escaparate y escenario, para que todos los turisteros de antes y de ahora, viejos y nuevos nos encontremos y nos re encontremos, es una fiesta del turismo que viene a menos, aunque duela. En esta versi\u00f3n por ejemplo no acudieron ninguno de los grandes TourOperadores de Estados Unidos y Canad\u00e1, quienes antes hac\u00edan lucir el Tianguis. Algunos, porque las fechas entre el Tianguis de M\u00e9rida y el de Acapulco estuvieron muy cercanas, situaci\u00f3n ampliamente comentada en el evento; otros, porque mejor se reservan para el Gran Travel Mart de Canc\u00fan en octubre, y algunos m\u00e1s porque tristemente ya no les gusta Acapulco, o ya no les hace confianza. Dicho sea de paso, me enter\u00e9 de que algunos camiones con mercanc\u00edas para los stands y pabellones del Tianguis fueron asaltados y robados. Una verdadera pena en medio de este pa\u00eds de \u201cabrazos y no balazos\u201d.<br \/>\nEn fin, que el querido Tianguis y el legendario Acapulco de mi juventud, parecieran en decadencia. Nostalgia sent\u00ed de no haberme aproximado a la Costera Miguel Alem\u00e1n, ese malec\u00f3n fiestero que me acogi\u00f3 con mis amigos en mis a\u00f1os de juventud, ese que aloj\u00f3 al Edomme, el Le Jardin, al Bocaccio y el inolvidable Baby O` entre muchos otros.<br \/>\nHoy todo transcurre en el Acapulco Diamante, en donde no ves el mar, en donde lo que antes era una carretera incipiente que te llevaba al \u201crevolcadero\u201d, hoy esta plagada de negocios, tiendas y malos restaurantes.<br \/>\nMe gustar\u00eda regresar, sin tener que trabajar y tratar de encontrar a mi Acapulco, ese bonito y rom\u00e1ntico de los atardeceres, en los que te \u201cmov\u00edan la panza por un peso\u201d, comprabas concha nacar, com\u00edas ostiones frescos y te pon\u00edas perfume para ir a la discoteca. Las vistas majestuosas ah\u00ed siguen\u2026<br \/>\nY bueno, regresando al mundo real, hab\u00eda que regresar a Canc\u00fan, y que creen, mis ocho lectores, vuelo demorado de nuevo. Eso es ya la constante si has de pasar por el aeropuerto de la Ciudad de M\u00e9xico.<br \/>\nDos horas de retraso en el \u201cmedio remodelado\u201d aeropuerto de Acapulco, para llegar corriendo, sacando el aliento en M\u00e9xico para alcanzar la conexi\u00f3n, en medio de \u201cme ayuda con su mascarilla\u201d\u2026 que aunque no puedas respirar y no haya mas Covid, te la tienes que colocar, aunque como diga mi amigo Phillipe, el Covid, est\u00e9 solo en la puerta, porque una vez cruzando, \u201cno pasa nada\u201d\u2026<br \/>\nBien por los organizadores en Acapulco por cierto, que contrataron al gran Mijares para la Inauguraci\u00f3n, es un grande, l\u00e1stima que el sonido no alcanzara a las butacas de arriba. Mucho dinero invertido y mala sonorizaci\u00f3n. Generosos fueron en esa fiesta de apertura en la Arena GNP, sobraron sin embargo los discursos de Torruco y la impuesta Gobernadora\u2026<br \/>\nEn fin\u2026<br \/>\nAqu\u00ed les dejo esto.. de regreso en casa con mi Alice\u2026<br \/>\nsgrubiera@acticonsultores.com<\/p>\n","protected":false},"excerpt":{"rendered":"<p>Luego de casi superada la pandemia, y de no haber asistido al Tianguis en la querida M\u00e9rida, Yucat\u00e1n, en donde me perd\u00ed, entre otras cosas, del homenaje al Maestro Armando Manzanero, decid\u00ed aproximar mis pasos al querido y legendario puerto de Acapulco, para atender a una nueva versi\u00f3n de esta supuesta cita de negocios tur\u00edsticos. [&hellip;]<\/p>\n","protected":false},"author":1,"featured_media":325288,"comment_status":"open","ping_status":"closed","sticky":false,"template":"","format":"standard","meta":{"om_disable_all_campaigns":false,"jnews-multi-image_gallery":[],"jnews_single_post":{"source_name":"","source_url":"","via_name":"","via_url":"","override_template":"0","override":[{"template":"1","single_blog_custom":"","parallax":"1","fullscreen":"1","layout":"right-sidebar","sidebar":"default-sidebar","second_sidebar":"default-sidebar","sticky_sidebar":"1","share_position":"top","share_float_style":"share-monocrhome","show_share_counter":"1","show_view_counter":"1","show_featured":"1","show_post_meta":"1","show_post_author":"1","show_post_author_image":"1","show_post_date":"1","post_date_format":"default","post_date_format_custom":"Y\/m\/d","show_post_category":"1","show_post_reading_time":"0","post_reading_time_wpm":"300","show_zoom_button":"0","zoom_button_out_step":"2","zoom_button_in_step":"3","show_post_tag":"1","show_prev_next_post":"1","show_popup_post":"1","number_popup_post":"1","show_author_box":"0","show_post_related":"0","show_inline_post_related":"0"}],"override_image_size":"0","image_override":[{"single_post_thumbnail_size":"crop-500","single_post_gallery_size":"crop-500"}],"trending_post":"0","trending_post_position":"meta","trending_post_label":"Trending","sponsored_post":"0","sponsored_post_label":"Sponsored by","sponsored_post_name":"","sponsored_post_url":"","sponsored_post_logo_enable":"0","sponsored_post_logo":"","sponsored_post_desc":"","disable_ad":"0"},"jnews_primary_category":{"id":""},"jnews_social_meta":{"fb_title":"","fb_description":"","fb_image":"","twitter_title":"","twitter_description":"","twitter_image":""},"footnotes":""},"categories":[39],"tags":[],"class_list":["post-325261","post","type-post","status-publish","format-standard","has-post-thumbnail","hentry","category-viajes"],"_links":{"self":[{"href":"https:\/\/dimensionturistica.com\/es\/wp-json\/wp\/v2\/posts\/325261","targetHints":{"allow":["GET"]}}],"collection":[{"href":"https:\/\/dimensionturistica.com\/es\/wp-json\/wp\/v2\/posts"}],"about":[{"href":"https:\/\/dimensionturistica.com\/es\/wp-json\/wp\/v2\/types\/post"}],"author":[{"embeddable":true,"href":"https:\/\/dimensionturistica.com\/es\/wp-json\/wp\/v2\/users\/1"}],"replies":[{"embeddable":true,"href":"https:\/\/dimensionturistica.com\/es\/wp-json\/wp\/v2\/comments?post=325261"}],"version-history":[{"count":0,"href":"https:\/\/dimensionturistica.com\/es\/wp-json\/wp\/v2\/posts\/325261\/revisions"}],"wp:featuredmedia":[{"embeddable":true,"href":"https:\/\/dimensionturistica.com\/es\/wp-json\/wp\/v2\/media\/325288"}],"wp:attachment":[{"href":"https:\/\/dimensionturistica.com\/es\/wp-json\/wp\/v2\/media?parent=325261"}],"wp:term":[{"taxonomy":"category","embeddable":true,"href":"https:\/\/dimensionturistica.com\/es\/wp-json\/wp\/v2\/categories?post=325261"},{"taxonomy":"post_tag","embeddable":true,"href":"https:\/\/dimensionturistica.com\/es\/wp-json\/wp\/v2\/tags?post=325261"}],"curies":[{"name":"wp","href":"https:\/\/api.w.org\/{rel}","templated":true}]}}