{"id":325087,"date":"2022-06-02T14:13:01","date_gmt":"2022-06-02T14:13:01","guid":{"rendered":"https:\/\/dimensionturistica.com\/es\/?p=325087"},"modified":"2022-06-02T14:15:43","modified_gmt":"2022-06-02T14:15:43","slug":"la-6a-edicion-del-sustainable-and-social-tourism-summit-que-se-llevara-en-leon-guanajuato","status":"publish","type":"post","link":"https:\/\/dimensionturistica.com\/es\/la-6a-edicion-del-sustainable-and-social-tourism-summit-que-se-llevara-en-leon-guanajuato\/","title":{"rendered":"La 6\u00aa. edici\u00f3n del Sustainable and Social Tourism Summit, que se llevara en Le\u00f3n, Guanajuato"},"content":{"rendered":"<p>La 6\u00aa edici\u00f3n del Sustainable and Social Tourismo Summit, que tendr\u00e1 lugar por primera vez en Le\u00f3n, Guanajuato, reconocer\u00e1 las acciones de asociaciones, empresas, organizaciones e individuos de los sectores privado, p\u00fablico y social, que apuestan por un turismo sostenible, solidario y socialmente responsable.<br \/>\nEn rueda de prensa en Ciudad de M\u00e9xico, Juan Jos\u00e9 \u00c1lvarez Brunel, secretario de Turismo de Guanajuato en compa\u00f1\u00eda de Fernando Mandri Bellot, presidente del Sustainable &amp; Social Tourism Summit, anunciaron esta convocatoria de los Premios al Turismo Sustentable y Social que distingue actuaciones ejemplares e inspiradoras para el desarrollo de un nuevo modelo tur\u00edstico a nivel global.<br \/>\nDel 31 de agosto al 03 de septiembre se llevar\u00e1 a cabo esta 6ta. Edici\u00f3n brindando a los asistentes grandes novedades, incl<\/p>\n<p><img decoding=\"async\" class=\"size-medium wp-image-325089 alignleft\" src=\"https:\/\/dimensionturistica.com\/es\/wp-content\/uploads\/2022\/06\/01-300x225.jpg\" alt=\"\" width=\"300\" height=\"225\" srcset=\"https:\/\/dimensionturistica.com\/es\/wp-content\/uploads\/2022\/06\/01-300x225.jpg 300w, https:\/\/dimensionturistica.com\/es\/wp-content\/uploads\/2022\/06\/01-1024x768.jpg 1024w, https:\/\/dimensionturistica.com\/es\/wp-content\/uploads\/2022\/06\/01-768x576.jpg 768w, https:\/\/dimensionturistica.com\/es\/wp-content\/uploads\/2022\/06\/01-750x563.jpg 750w, https:\/\/dimensionturistica.com\/es\/wp-content\/uploads\/2022\/06\/01-1140x855.jpg 1140w, https:\/\/dimensionturistica.com\/es\/wp-content\/uploads\/2022\/06\/01.jpg 1217w\" sizes=\"(max-width: 300px) 100vw, 300px\" \/><\/p>\n<p>uyendo mayores posibilidades de intercambio y networking, as\u00ed como sesiones interactivas en este destino guanajuatense l\u00edder en turismo de reuniones y que actualmente trabaja mediante acciones, programas y est\u00e1ndares de responsabilidad social y ambiental.<br \/>\nLas bases de dichos premios, que re\u00fanen 3 categor\u00edas: Turismo ambientalmente responsable, Turismo solidario, y Turismo socialmente responsable, est\u00e1n disponible en https:\/\/sustainablesocialtourism.org\/convocatoria\/<br \/>\nGuanajuato es \u201cestado pionero en el pa\u00eds en impulsar la sustentabilidad tur\u00edstica desde la administraci\u00f3n p\u00fablica mediante el Modelo de Sustentabilidad, herramienta basada en los Criterios Globales de Turismo Sostenible para incluir pr\u00e1cticas sustentables en destinos y organismos del sector turismo de la entidad\u201d, apunt\u00f3 el maestro \u00c1lvarez Brunel.<br \/>\nComo un ejemplo del compromiso con la sustentabilidad, la SECTUR Guanajuato implementa sistema de manejo ambiental en sus oficinas en materia de energ\u00eda, residuos, agua y uso de materiales, cabe destacar que recientemente mud\u00f3 al uso de energ\u00eda limpias; asimismo, realiz\u00f3 el lanzamiento de su \u201cPol\u00edtica Interna de Sustentabilidad\u201d que tiene por objetivo la incorporaci\u00f3n de criterios de sustentabilidad en acciones, programas y proyectos impulsados desde la Secretar\u00eda, incluyendo los eventos.<br \/>\nEn esta nueva edici\u00f3n en Le\u00f3n, se incorpor\u00f3 al evento la retroalimentaci\u00f3n recibida en ediciones anteriores para brindar a los participantes no solo conocimiento, soluciones, herramientas y buenas pr\u00e1cticas, sino que tambi\u00e9n las puedan vivir de primera mano con los expertos en los \u201cTalleres Tem\u00e1ticos interactivos\u201d.<br \/>\nDichos intercambios se realizar\u00e1n dentro de tres ejes principales: tecnolog\u00eda, experiencias tur\u00edsticas inclusivas y aplicaci\u00f3n de la sostenibilidad en mypymes.<br \/>\nAl igual que en ediciones anteriores, se contar\u00e1 con la Expo Turismo Sustentable, en la cual se tendr\u00e1 la presencia de diferentes empresas y proyectos que se han desarrollado mediante <img decoding=\"async\" class=\"size-medium wp-image-325091 alignleft\" src=\"https:\/\/dimensionturistica.com\/es\/wp-content\/uploads\/2022\/06\/PANELISTAD-300x214.jpg\" alt=\"\" width=\"300\" height=\"214\" srcset=\"https:\/\/dimensionturistica.com\/es\/wp-content\/uploads\/2022\/06\/PANELISTAD-300x214.jpg 300w, https:\/\/dimensionturistica.com\/es\/wp-content\/uploads\/2022\/06\/PANELISTAD-120x86.jpg 120w, https:\/\/dimensionturistica.com\/es\/wp-content\/uploads\/2022\/06\/PANELISTAD-350x250.jpg 350w, https:\/\/dimensionturistica.com\/es\/wp-content\/uploads\/2022\/06\/PANELISTAD.jpg 720w\" sizes=\"(max-width: 300px) 100vw, 300px\" \/>est\u00e1ndares de responsabilidad social, ambiental y act\u00faan en el desarrollo de actividades tur\u00edsticas sustentables, as\u00ed como econ\u00f3micas comprometidas con la sociedad.<br \/>\nConferencistas de primer nivel en la sexta edici\u00f3n del Sustainable &amp; Social Tourism Summit<br \/>\nComo en ediciones anteriores, el Summit reunir\u00e1 a algunos de los m\u00e1ximos exponentes de turismo social y sostenible, entre los cuales destacan Jeremy Sampson de Travel Foundation- Estados Unidos; Jorge Moller, Program Director para el GSTC en Latinoam\u00e9rica; fundador y Director de la ONG de Regenera Chile; Diana Olivares, presidenta de la Canaero y Directora General de LATAM; Isaac Padr\u00f3s, creador de experiencias inclusivas; Agencia Catalana de Turismo y Miembro del Consejo Consultivo de Turismo de catalu\u00f1a y presidente de la Asociaci\u00f3n Multicapacitats de Girona, Espa\u00f1a, entre otros.<br \/>\nExpo Turismo Sustentable<br \/>\nEste a\u00f1o se tendr\u00e1 una expo renovada y m\u00e1s grande que en otros a\u00f1os, dando oportunidad a todos los proveedores de servicios tur\u00edsticos sustentables de presentar sus productos y soluciones a todos los participantes y asistentes al evento. Ser\u00e1 un evento que a diferencia del programa t\u00e9cnico, estar\u00e1 abierto a todo el p\u00fablico.<br \/>\nSummit provocando cambios<br \/>\nEl Sustainable &amp; Social Tourism Summit es un evento que desde sus inicios ha sido un referente en el cambio de modelo de desarrollo tur\u00edsico, por uno sustentable y socialmente responsable. Este a\u00f1o, adem\u00e1s de los Hashtags de siempre, queremos utilizar #Provocandocambios, para que todos los participantes puedan proponer ideas con este Hashtags en las redes del Summit.<br \/>\nGrupo Presidente, referente nacional e internacional en sostenibilidad<br \/>\nLa 6\u00aa edici\u00f3n del Summit cuenta con el apoyo y participaci\u00f3n de Grupo Presidente, empresa que incluye entre sus prioridades la conservaci\u00f3n de los recursos naturales, la reducci\u00f3n de la huella de carbono, el respeto al entorno y a la comunidad local, el trabajo digno, el combate a la explotaci\u00f3n de cualquier tipo y la equidad de g\u00e9nero son algunas de las prioridades de la empresa.<br \/>\n\u201cEn Grupo Presidente, seguimos trabajando en poner en valor y respetar a las comunidades donde desarrollamos nuestra actividad, con un completo entendimiento de que los recursos y atractivos naturales y sociales, son los que nos hacen diferentes y dan un valor agregado a nuestros clientes y a todos los stakeholders con los que trabajamos,\u201d afirm\u00f3 Braulio Arsuaga Losada, Director General de Grupo Presidente \u201cNuestro modelo de hospitalidad se basa en crear experiencias memorables con iniciativas que impacten positivamente el cuidado del medio ambiente y las comunidades\u201d.<br \/>\nLas iniciativas de grupo presidente incluyen el consumo de energ\u00edas limpias, la implementaci\u00f3n de ODS, el cuidado del agua, el uso de productos de limpieza ecol\u00f3gicos, la reducci\u00f3n de emisiones de CO2, el manejo de residuos y la reutilizaci\u00f3n de ropa blanca. Mediante estas acciones Grupo Presidente busca estar en concordancia con lo establecido en la Agenda 2030 para el Desarrollo Sostenible.<br \/>\nPara m\u00e1s informaci\u00f3n acerca de las iniciativas de Grupo Presidente, visite https:\/\/grupopresidente.com.mx\/sustentabilidad\/<br \/>\nSECTUR Federal<br \/>\nLa participaci\u00f3n de la Secretar\u00eda de Turismo Federal ha sido un aliado importante en el desarrollo del evento Sustainable &amp; Social Turismo Summit\u00ae, la cual mediante sus pol\u00edticas y programas incorpora acciones en materia de sustentabilidad compatibles con este evento, un ejemplo de ello es el programa ADAPTATUR que se aplic\u00f3 en San Miguel de Allende, a trav\u00e9s del cual se realiz\u00f3 un an\u00e1lisis de diferentes variables econ\u00f3micas y como se enfrentaban a los efectos del cambio clim\u00e1tico.<\/p>\n","protected":false},"excerpt":{"rendered":"<p>La 6\u00aa edici\u00f3n del Sustainable and Social Tourismo Summit, que tendr\u00e1 lugar por primera vez en Le\u00f3n, Guanajuato, reconocer\u00e1 las acciones de asociaciones, empresas, organizaciones e individuos de los sectores privado, p\u00fablico y social, que apuestan por un turismo sostenible, solidario y socialmente responsable. En rueda de prensa en Ciudad de M\u00e9xico, Juan Jos\u00e9 \u00c1lvarez [&hellip;]<\/p>\n","protected":false},"author":1,"featured_media":325088,"comment_status":"open","ping_status":"closed","sticky":false,"template":"","format":"standard","meta":{"om_disable_all_campaigns":false,"jnews-multi-image_gallery":[],"jnews_single_post":{"source_name":"","source_url":"","via_name":"","via_url":"","override_template":"0","override":[{"template":"1","single_blog_custom":"","parallax":"1","fullscreen":"1","layout":"right-sidebar","sidebar":"default-sidebar","second_sidebar":"default-sidebar","sticky_sidebar":"1","share_position":"top","share_float_style":"share-monocrhome","show_share_counter":"1","show_view_counter":"1","show_featured":"1","show_post_meta":"1","show_post_author":"1","show_post_author_image":"1","show_post_date":"1","post_date_format":"default","post_date_format_custom":"Y\/m\/d","show_post_category":"1","show_post_reading_time":"0","post_reading_time_wpm":"300","show_zoom_button":"0","zoom_button_out_step":"2","zoom_button_in_step":"3","show_post_tag":"1","show_prev_next_post":"1","show_popup_post":"1","number_popup_post":"1","show_author_box":"0","show_post_related":"0","show_inline_post_related":"0"}],"override_image_size":"0","image_override":[{"single_post_thumbnail_size":"crop-500","single_post_gallery_size":"crop-500"}],"trending_post":"0","trending_post_position":"meta","trending_post_label":"Trending","sponsored_post":"0","sponsored_post_label":"Sponsored by","sponsored_post_name":"","sponsored_post_url":"","sponsored_post_logo_enable":"0","sponsored_post_logo":"","sponsored_post_desc":"","disable_ad":"0"},"jnews_primary_category":{"id":""},"jnews_social_meta":{"fb_title":"","fb_description":"","fb_image":"","twitter_title":"","twitter_description":"","twitter_image":""},"footnotes":""},"categories":[40],"tags":[],"class_list":["post-325087","post","type-post","status-publish","format-standard","has-post-thumbnail","hentry","category-industria"],"_links":{"self":[{"href":"https:\/\/dimensionturistica.com\/es\/wp-json\/wp\/v2\/posts\/325087","targetHints":{"allow":["GET"]}}],"collection":[{"href":"https:\/\/dimensionturistica.com\/es\/wp-json\/wp\/v2\/posts"}],"about":[{"href":"https:\/\/dimensionturistica.com\/es\/wp-json\/wp\/v2\/types\/post"}],"author":[{"embeddable":true,"href":"https:\/\/dimensionturistica.com\/es\/wp-json\/wp\/v2\/users\/1"}],"replies":[{"embeddable":true,"href":"https:\/\/dimensionturistica.com\/es\/wp-json\/wp\/v2\/comments?post=325087"}],"version-history":[{"count":0,"href":"https:\/\/dimensionturistica.com\/es\/wp-json\/wp\/v2\/posts\/325087\/revisions"}],"wp:featuredmedia":[{"embeddable":true,"href":"https:\/\/dimensionturistica.com\/es\/wp-json\/wp\/v2\/media\/325088"}],"wp:attachment":[{"href":"https:\/\/dimensionturistica.com\/es\/wp-json\/wp\/v2\/media?parent=325087"}],"wp:term":[{"taxonomy":"category","embeddable":true,"href":"https:\/\/dimensionturistica.com\/es\/wp-json\/wp\/v2\/categories?post=325087"},{"taxonomy":"post_tag","embeddable":true,"href":"https:\/\/dimensionturistica.com\/es\/wp-json\/wp\/v2\/tags?post=325087"}],"curies":[{"name":"wp","href":"https:\/\/api.w.org\/{rel}","templated":true}]}}