{"id":325024,"date":"2022-06-02T12:08:32","date_gmt":"2022-06-02T12:08:32","guid":{"rendered":"https:\/\/dimensionturistica.com\/es\/?p=325024"},"modified":"2022-06-02T12:08:32","modified_gmt":"2022-06-02T12:08:32","slug":"los-dos-restaurantes-barceloneses-que-ha-visitado-dua-lipa-antes-de-actuar-en-el-palau-sant-jordi","status":"publish","type":"post","link":"https:\/\/dimensionturistica.com\/es\/los-dos-restaurantes-barceloneses-que-ha-visitado-dua-lipa-antes-de-actuar-en-el-palau-sant-jordi\/","title":{"rendered":"Los dos restaurantes barceloneses que ha visitado Dua Lipa antes de actuar en el Palau Sant Jordi"},"content":{"rendered":"<p> <br \/>\n<\/p>\n<div>\n<p data-gtm-element-container=\"modulo-texto-link\" class=\"paragraph\">La cantante<a target=\"_blank\" href=\"https:\/\/www.lavanguardia.com\/cultura\/musica\/20220601\/8307936\/dua-lipa-concierto-barcelona-future-nostalgia.html\" rel=\"noopener\"> Dua Lipa<\/a> ha estado de visita en Barcelona por el concierto que dio ayer en el Palau Sant Jordi, un encuentro que se celebr\u00f3 tras dos intentos fallidos por la pandemia y que reuni\u00f3 a 17.000 personas. La tambi\u00e9n modelo y compositora aterriz\u00f3 el martes en la ciudad y tuvo tiempo para hacer algo de turismo y disfrutar de la gastronom\u00eda de alto de nivel de la capital catalana.\u00a0<\/p>\n<p data-gtm-element-container=\"modulo-texto-link\" class=\"paragraph\">Concretamente, dos restaurantes tuvieron el honor de recibirla: el Disfrutar de los exbullinianos Oriol Castro, Eduard Xatruch y Mateu Casa\u00f1as, con dos estrellas Michelin; y el Gresca de Rafa Pe\u00f1a, uno de los lugares favoritos de cocineros y gastr\u00f3nomos en Barcelona, que <a target=\"_blank\" href=\"https:\/\/www.lavanguardia.com\/comer\/sitios\/20220530\/8298892\/gresca-biblioteca-desembarca-madrid-hotel-santo-mauro.html\" rel=\"noopener\">replic\u00f3 su f\u00f3rmula<\/a> a principios de a\u00f1o en el Lodge Santo Mauro de Madrid.\u00a0<\/p>\n<p><span class=\"content-ad-module  hidden-ad\"><\/p>\n<p><span class=\"content-ad visible-xs roba-container  hidden-ad\"><span class=\"ad-unit roba\"><\/p>\n<p>                <\/span><\/span><span class=\"content-ad visible-md irr-container  hidden-ad\"><span class=\"ad-unit irr\"><\/p>\n<p>                <\/span><\/span><span class=\"content-html\"><span class=\"intext-md hidden-xs hidden-md\" \/><\/span><\/span><\/p>\n<figure class=\"composite-image image-container \" data-gtm-element-container=\"button-gallery\">\n<p>                <img decoding=\"async\" data-full-src=\"https:\/\/www.lavanguardia.com\/uploads\/2022\/06\/02\/62989201dad69.jpeg\" alt=\"Uno de los platos que Dua Lipa prob\u00f3 en el Disfrutar\" src=\"https:\/\/www.lavanguardia.com\/files\/content_image_mobile_filter\/uploads\/2022\/06\/02\/62989201dad69.jpeg\" class=\"lazy\" \/><figcaption class=\"figure-caption\">\n<p class=\"caption-title \">Uno de los platos que Dua Lipa prob\u00f3 en el Disfrutar\u00a0<\/p>\n<p>                    <span class=\"caption-author \">Instagram<\/span><\/p>\n<\/figcaption><\/figure>\n<p data-gtm-element-container=\"modulo-texto-link\" class=\"paragraph\">Seg\u00fan se observa en sus publicaciones en redes sociales, Dua Lipa acudi\u00f3 al Disfrutar con una amiga al mediod\u00eda para probar uno de sus men\u00fas degustaci\u00f3n. Como <a target=\"_blank\" href=\"https:\/\/www.lavanguardia.com\/comer\/sitios\/20210212\/6234153\/menu-disfrutar-michelin-restaurante-castro-xatruch-casanas.html\" rel=\"noopener\">contamos <\/a>a principios de a\u00f1o, el tr\u00edo de cocineros que hace funcionar las cocinas de este restaurante aprovech\u00f3 las etapas de cierre por las restricciones a causa de la pandemia\u00a0para subir todav\u00eda m\u00e1s el list\u00f3n de su talentosa propuesta, que les vali\u00f3 para ocupar el <a target=\"_blank\" href=\"https:\/\/www.lavanguardia.com\/comer\/al-dia\/20211005\/7769812\/mejor-restaurante-mundo-2021-50-best.html\" rel=\"noopener\">quinto puesto<\/a> del prestigioso r\u00e1nking The World\u2019s 50 Finest Eating places.\u00a0<\/p>\n<p data-gtm-element-container=\"modulo-texto-link\" class=\"paragraph\">Castro, Xatruch y Casa\u00f1as ofrecen dos men\u00fas degustaci\u00f3n: el Disfrutar Basic, compuesto por platos que se han convertido en ic\u00f3nicos de la casa\u00a0 y el Disfrutar Pageant, con elaboraciones ideadas especialmente para la temporada vigente, ambos por un precio de\u00a0235\u202f\u20ac. Adem\u00e1s, cuentan con el Men\u00fa Especial Desk\u00a0M#01, La Mesa Viva, en el que la mesa cobra vida participando en la experiencia gastron\u00f3mica.<\/p>\n<p><span class=\"content-ad-module  hidden-ad\"><\/p>\n<p><span class=\"content-ad visible-xs irr-container  hidden-ad\"><span class=\"ad-unit irr\"><\/p>\n<p>                <\/span><\/span><span class=\"content-html\"><span class=\"intext-xs hidden-xs hidden-md\" \/><\/span><\/span><\/p>\n<figure class=\"composite-image image-container \" data-gtm-element-container=\"button-gallery\">\n<p>                <img decoding=\"async\" data-full-src=\"https:\/\/www.lavanguardia.com\/uploads\/2022\/06\/02\/62989252eed42.jpeg\" alt=\"Los cocineros Romain Fornell y Rafa Pe\u00f1a junto a Dua Lipa en su vista a Gresca\" src=\"https:\/\/www.lavanguardia.com\/files\/content_image_mobile_filter\/uploads\/2022\/06\/02\/62989252eed42.jpeg\" class=\"lazy\" \/><figcaption class=\"figure-caption\">\n<p class=\"caption-title \">Los cocineros Romain Fornell y Rafa Pe\u00f1a junto a Dua Lipa en su vista al Gresca\u00a0<\/p>\n<p>                    <span class=\"caption-author \">Instagram<\/span><\/p>\n<\/figcaption><\/figure>\n<p data-gtm-element-container=\"modulo-texto-link\" class=\"paragraph\">Por la noche, Dua Lipa visit\u00f3 el Gresca de Rafa Pe\u00f1a, donde se puede saborear una propuesta de alta cocina a precios muy asequibles. Algunos de los platos de su carta son la ostra a la brasa, el <a target=\"_blank\" href=\"https:\/\/www.lavanguardia.com\/comer\/tendencias\/20210412\/6635561\/dia-sandwich-mixto-perfecto-reglas.html\" rel=\"noopener\">bikini <\/a>de lomo ib\u00e9rico, el <i>cap i pota<\/i>, la tostada de anguila, el cabracho a la brasa o la molleja de ternera con guisantes y espinacas.\u00a0<\/p>\n<p><span class=\"content-free-html  \"><span class=\"block-element container-center\"><\/p>\n<blockquote class=\"twitter-tweet\" data-lang=\"es\"><p>\n<a target=\"_blank\" href=\"https:\/\/twitter.com\/DUALIPA\/status\/1532007259248771072\/photo\/2\" rel=\"noopener\">\n<\/p><\/blockquote>\n<p><\/span><\/span><\/p>\n<p data-gtm-element-container=\"modulo-texto-link\" class=\"paragraph\">El chef de este restaurante tan querido por los barceloneses aprovech\u00f3 la visita de la cantante para\u00a0 fotografiarse con ella y con su buen amigo y cocinero Romain Fornell, del estrellado Caelis.\u00a0<\/p>\n<p><span class=\"content-ad-module  hidden-ad\"><\/p>\n<p><span class=\"content-ad visible-xs roba-container  hidden-ad\"><span class=\"ad-unit roba\"><\/p>\n<p>                <\/span><\/span><\/span>\n<\/div>\n<p>  gg.didomi.doWhenConsent(!window.didomiBypass, &#8216;c:facebooka-frU9M5JY&#8217;, perform () {<br \/>\n  !perform(f,b,e,v,n,t,s)<br \/>\n  {if(f.fbq)return;n=f.fbq=perform()<br \/>\n  {n.callMethod? n.callMethod.apply(n,arguments):n.queue.push(arguments)};<br \/>\n  if(!f._fbq)f._fbq=n;n.push=n;n.loaded=!0;n.model=&#8217;2.0&#8242;;<br \/>\n  n.queue=[];t=b.createElement(e);t.async=!0;<br \/>\n  t.src=v;s=b.getElementsByTagName(e)[0];<br \/>\n  s.parentNode.insertBefore(t,s)}(window, doc,&#8217;script&#8217;,<br \/>\n  &#8216;https:\/\/join.fb.internet\/en_US\/fbevents.js&#8217;);<br \/>\n  fbq(&#8216;init&#8217;, &#8216;316167066837274&#8217;);<br \/>\n  fbq(&#8216;observe&#8217;, &#8216;PageView&#8217;);<br \/>\n  });<\/p>\n\n<p><em> \u2018 The preceding article may include information circulated by third parties \u2019 <\/em><\/p>\n<p><em> \u2018 Some details of this article were extracted from the following source www.lavanguardia.com \u2019 <\/em><\/p>\n","protected":false},"excerpt":{"rendered":"<p>La cantante Dua Lipa ha estado de visita en Barcelona por el concierto que dio ayer en el Palau Sant Jordi, un encuentro que se celebr\u00f3 tras dos intentos fallidos por la pandemia y que reuni\u00f3 a 17.000 personas. La tambi\u00e9n modelo y compositora aterriz\u00f3 el martes en la ciudad y tuvo tiempo para hacer [&hellip;]<\/p>\n","protected":false},"author":2,"featured_media":325025,"comment_status":"open","ping_status":"closed","sticky":false,"template":"","format":"standard","meta":{"om_disable_all_campaigns":false,"jnews-multi-image_gallery":[],"jnews_single_post":[],"jnews_primary_category":[],"jnews_social_meta":[],"footnotes":""},"categories":[43],"tags":[],"class_list":["post-325024","post","type-post","status-publish","format-standard","has-post-thumbnail","hentry","category-gourmet"],"_links":{"self":[{"href":"https:\/\/dimensionturistica.com\/es\/wp-json\/wp\/v2\/posts\/325024","targetHints":{"allow":["GET"]}}],"collection":[{"href":"https:\/\/dimensionturistica.com\/es\/wp-json\/wp\/v2\/posts"}],"about":[{"href":"https:\/\/dimensionturistica.com\/es\/wp-json\/wp\/v2\/types\/post"}],"author":[{"embeddable":true,"href":"https:\/\/dimensionturistica.com\/es\/wp-json\/wp\/v2\/users\/2"}],"replies":[{"embeddable":true,"href":"https:\/\/dimensionturistica.com\/es\/wp-json\/wp\/v2\/comments?post=325024"}],"version-history":[{"count":0,"href":"https:\/\/dimensionturistica.com\/es\/wp-json\/wp\/v2\/posts\/325024\/revisions"}],"wp:featuredmedia":[{"embeddable":true,"href":"https:\/\/dimensionturistica.com\/es\/wp-json\/wp\/v2\/media\/325025"}],"wp:attachment":[{"href":"https:\/\/dimensionturistica.com\/es\/wp-json\/wp\/v2\/media?parent=325024"}],"wp:term":[{"taxonomy":"category","embeddable":true,"href":"https:\/\/dimensionturistica.com\/es\/wp-json\/wp\/v2\/categories?post=325024"},{"taxonomy":"post_tag","embeddable":true,"href":"https:\/\/dimensionturistica.com\/es\/wp-json\/wp\/v2\/tags?post=325024"}],"curies":[{"name":"wp","href":"https:\/\/api.w.org\/{rel}","templated":true}]}}