{"id":324400,"date":"2022-05-31T22:43:03","date_gmt":"2022-05-31T22:43:03","guid":{"rendered":"https:\/\/dimensionturistica.com\/es\/?p=324400"},"modified":"2022-05-31T22:43:03","modified_gmt":"2022-05-31T22:43:03","slug":"francisco-pancho-gonzalez-es-nombrado-como-nuevo-ceo-para-lopez-dorada-foods","status":"publish","type":"post","link":"https:\/\/dimensionturistica.com\/es\/francisco-pancho-gonzalez-es-nombrado-como-nuevo-ceo-para-lopez-dorada-foods\/","title":{"rendered":"Francisco \u201cPancho\u201d Gonz\u00e1lez es nombrado como nuevo CEO para Lopez-Dorada Foods"},"content":{"rendered":"<p> <br \/>\n<\/p>\n<div>\n<div class=\"td-featured-image-rec\">\n<div class=\"td-post-featured-image\"><a target=\"_blank\" href=\"https:\/\/metropolimx.com\/wp-content\/uploads\/2022\/05\/WhatsApp-Image-2022-05-31-at-3.22.39-PM.jpeg\" data-caption=\"\" rel=\"noopener\"><img loading=\"lazy\" decoding=\"async\" width=\"544\" height=\"670\" srcset=\"https:\/\/metropolimx.com\/wp-content\/uploads\/2022\/05\/WhatsApp-Image-2022-05-31-at-3.22.39-PM.jpeg 544w, https:\/\/metropolimx.com\/wp-content\/uploads\/2022\/05\/WhatsApp-Image-2022-05-31-at-3.22.39-PM-244x300.jpeg 244w, https:\/\/metropolimx.com\/wp-content\/uploads\/2022\/05\/WhatsApp-Image-2022-05-31-at-3.22.39-PM-324x400.jpeg 324w, https:\/\/metropolimx.com\/wp-content\/uploads\/2022\/05\/WhatsApp-Image-2022-05-31-at-3.22.39-PM-341x420.jpeg 341w\" alt=\"\" title=\"WhatsApp Image 2022-05-31 at 3.22.39 PM\" src=\"https:\/\/metropolimx.com\/wp-content\/uploads\/2022\/05\/WhatsApp-Image-2022-05-31-at-3.22.39-PM.jpeg\" data-sizes=\"(max-width: 544px) 100vw, 544px\" class=\"entry-thumb td-modal-image lazyload\" \/><img decoding=\"async\" width=\"544\" height=\"670\" class=\"entry-thumb td-modal-image\" src=\"https:\/\/metropolimx.com\/wp-content\/uploads\/2022\/05\/WhatsApp-Image-2022-05-31-at-3.22.39-PM.jpeg\" srcset=\"https:\/\/metropolimx.com\/wp-content\/uploads\/2022\/05\/WhatsApp-Image-2022-05-31-at-3.22.39-PM.jpeg 544w, https:\/\/metropolimx.com\/wp-content\/uploads\/2022\/05\/WhatsApp-Image-2022-05-31-at-3.22.39-PM-244x300.jpeg 244w, https:\/\/metropolimx.com\/wp-content\/uploads\/2022\/05\/WhatsApp-Image-2022-05-31-at-3.22.39-PM-324x400.jpeg 324w, https:\/\/metropolimx.com\/wp-content\/uploads\/2022\/05\/WhatsApp-Image-2022-05-31-at-3.22.39-PM-341x420.jpeg 341w\" alt=\"\" title=\"WhatsApp Image 2022-05-31 at 3.22.39 PM\" \/><\/a><\/div>\n<\/div>\n<p><strong>Oklahoma Metropolis, OK.- <\/strong><strong>Lopez-Dorada Meals<\/strong> anunci\u00f3 el d\u00eda de hoy que<strong> Francisco \u201cPancho\u201d Gonz\u00e1lez<\/strong> ha sido nombrado <strong>Chief Government Officer<\/strong> (CEO) a partir del primero de junio del 2022.<\/p>\n<p>El anuncio fue hecho por <strong>Ed S\u00e1nchez<\/strong>, quien fungir\u00e1 como Presidente del Consejo de Administraci\u00f3n de la empresa.<\/p>\n<p>\u201c<em>Estoy realmente emocionado con las d\u00e9cadas de experiencia y conocimiento que Pancho traer\u00e1 al equipo de Lopez-Dorada,\u201d dijo S\u00e1nchez. \u00a0\u201cEl nombramiento de Pancho es un testimonio de nuestro compromiso de continuar el crecimiento como la empresa hispana de procesamiento de prote\u00ednas mas grande del pa\u00eds. Habiendo trabajado con Pancho en el pasado, estoy seguro que con su liderazgo y visi\u00f3n, llevara a nuestra compa\u00f1\u00eda al siguiente nivel con una nueva energ\u00eda y enfoque.\u00a0 El futuro de Lopez-Dorada es sin duda muy prometedor. En nombre de toda la familia Lopez-Dorada, le doy la mas cordial bienvenida a Pancho como nuestro nuevo CEO<\/em>\u201d.<\/p>\n<p>Antes de unirse al equipo de <strong>Lopez-Dorada Meals<\/strong>, Pancho se desempe\u00f1\u00f3 como Vice Presidente de Las Am\u00e9ricas para <strong>Encourage Manufacturers<\/strong>, donde period responsable de todas sus marcas incluyendo: Arby\u2019s, Baskin-Robbins, Buffalo Wild Wings, Dunkin\u2019, Jimmy John\u2019s y Sonic para 16 pa\u00edses.<\/p>\n<p>Adicionalmente a esta experiencia con <strong>Encourage Manufacturers<\/strong>, Pancho fue por 8 a\u00f1os franquiciatario para <strong>McDonald\u2019s<\/strong> en M\u00e9xico.<\/p>\n<p>Durante este tiempo, se desempe\u00f1o como Presidente del Co-op Mexicano y eventualmente se convirti\u00f3 en Director Normal de <strong>McDonald\u2019s Company<\/strong> en M\u00e9xico y tambi\u00e9n para <strong>Arcos Dorados<\/strong>.<\/p>\n<p>Durante su periodo con <strong>McDonald\u2019s<\/strong>, Pancho paso por varias posiciones ejecutivas para la corporaci\u00f3n, incluyendo Vice Presidente y Director Normal para las regiones de Michigan y de Houston, as\u00ed como tambi\u00e9n Vice Presidente de Operaciones y Franquicias para la regi\u00f3n de Chicago.<\/p>\n<p><strong>Pancho<\/strong> es egresado de Seneca Faculty en Toronto, Canad\u00e1. Obtuvo Diplomados en Finanzas, Alta Direcci\u00f3n y Desarrollo Ejecutivo por el Instituto Tecnol\u00f3gico de Estudios Superiores de Monterrey (ITESM), Planeaci\u00f3n Estrat\u00e9gica por la Universidad de Chicago, y Model Mastery por el Kellogg College of Administration. <strong>Pancho<\/strong> es actualmente Presidente del Consejo de Administraci\u00f3n de la C\u00e1mara Hispana de Comercio de Houston (HHCC).<\/p>\n<p>\u201c<em>Estoy muy agradecido por esta oportunidad de liderar una gran empresa con tanta historia y tradici\u00f3n, y con su origen y herencia hispana<\/em>\u201d, dijo Gonz\u00e1lez. \u201c<em>Lopez-Dorada es un ejemplo en la industria del procesamiento de prote\u00ednas, y por muchos a\u00f1os, he admirado su compromiso con los productos que manufacturan, con sus clientes, y con las comunidades donde tienen presencia. Estoy emocionado de poder trabajar con el equipo ejecutivo de Lopez-Dorada y continuar el legado que Ed Sanchez y la familia Lopez han construido, liderando la empresa hacia el futuro<\/em>\u201d.<\/p>\n<p>Como CEO,<strong> Gonz\u00e1lez<\/strong> manejara el d\u00eda a d\u00eda de <strong>Lopez-Dorada<\/strong>, desarrollando un plan de crecimiento hacia nuevos productos y mercados, as\u00ed mismo, continuar el crecimiento con clientes existentes.<\/p>\n<p>###<\/p>\n<p><strong>Acerca de Lopez-Dorada Meals<\/strong><\/p>\n<p>Como una marca l\u00edder a nivel nacional dentro de Estados Unidos en la industria de procesamiento de prote\u00ednas, <strong>Lopez-Dorada Meals<\/strong> procesa, manufactura y distribuye productos de res, cerdo y pollo para algunas de las cadenas globales m\u00e1s importantes de restaurantes y tremendous mercados.<\/p>\n<p>Reconocida como empresa l\u00edder en la industria de la prote\u00edna, <strong>Lopez-Dorada Meals<\/strong> tiene como prioridad la seguridad alimentaria, as\u00ed como la calidad para todos sus apreciados clientes.<\/p>\n<p>Orgullosos de su herencia hispana y con una larga trayectoria de excelencia, <strong>Lopez-Dorada<\/strong> mantiene su compromiso de proveer comida segura y de alta calidad haciendo las cosas bien desde la primera vez. <strong>Lopez-Dorada<\/strong> promueve la inclusi\u00f3n y diversidad en el equipo, as\u00ed mismo enfatiza la confianza, la seguridad en el \u00e1rea de trabajo y la relaci\u00f3n con sus empleados y sus comunidades.<\/p>\n<p>\u00a0<\/p>\n<\/div>\n\n<p><em> \u2018 The preceding article may include information circulated by third parties \u2019 <\/em><\/p>\n<p><em> \u2018 Some details of this article were extracted from the following source metropolimx.com \u2019 <\/em><\/p>\n","protected":false},"excerpt":{"rendered":"<p>Oklahoma Metropolis, OK.- Lopez-Dorada Meals anunci\u00f3 el d\u00eda de hoy que Francisco \u201cPancho\u201d Gonz\u00e1lez ha sido nombrado Chief Government Officer (CEO) a partir del primero de junio del 2022. El anuncio fue hecho por Ed S\u00e1nchez, quien fungir\u00e1 como Presidente del Consejo de Administraci\u00f3n de la empresa. \u201cEstoy realmente emocionado con las d\u00e9cadas de experiencia [&hellip;]<\/p>\n","protected":false},"author":2,"featured_media":324401,"comment_status":"open","ping_status":"closed","sticky":false,"template":"","format":"standard","meta":{"om_disable_all_campaigns":false,"jnews-multi-image_gallery":[],"jnews_single_post":[],"jnews_primary_category":[],"jnews_social_meta":[],"footnotes":""},"categories":[43],"tags":[],"class_list":["post-324400","post","type-post","status-publish","format-standard","has-post-thumbnail","hentry","category-gourmet"],"_links":{"self":[{"href":"https:\/\/dimensionturistica.com\/es\/wp-json\/wp\/v2\/posts\/324400","targetHints":{"allow":["GET"]}}],"collection":[{"href":"https:\/\/dimensionturistica.com\/es\/wp-json\/wp\/v2\/posts"}],"about":[{"href":"https:\/\/dimensionturistica.com\/es\/wp-json\/wp\/v2\/types\/post"}],"author":[{"embeddable":true,"href":"https:\/\/dimensionturistica.com\/es\/wp-json\/wp\/v2\/users\/2"}],"replies":[{"embeddable":true,"href":"https:\/\/dimensionturistica.com\/es\/wp-json\/wp\/v2\/comments?post=324400"}],"version-history":[{"count":0,"href":"https:\/\/dimensionturistica.com\/es\/wp-json\/wp\/v2\/posts\/324400\/revisions"}],"wp:featuredmedia":[{"embeddable":true,"href":"https:\/\/dimensionturistica.com\/es\/wp-json\/wp\/v2\/media\/324401"}],"wp:attachment":[{"href":"https:\/\/dimensionturistica.com\/es\/wp-json\/wp\/v2\/media?parent=324400"}],"wp:term":[{"taxonomy":"category","embeddable":true,"href":"https:\/\/dimensionturistica.com\/es\/wp-json\/wp\/v2\/categories?post=324400"},{"taxonomy":"post_tag","embeddable":true,"href":"https:\/\/dimensionturistica.com\/es\/wp-json\/wp\/v2\/tags?post=324400"}],"curies":[{"name":"wp","href":"https:\/\/api.w.org\/{rel}","templated":true}]}}