{"id":323865,"date":"2022-05-29T23:38:34","date_gmt":"2022-05-29T23:38:34","guid":{"rendered":"https:\/\/dimensionturistica.com\/es\/?p=323865"},"modified":"2022-05-29T23:38:34","modified_gmt":"2022-05-29T23:38:34","slug":"rd-exhibe-encantos-y-diversidad-del-pais-a-participantes-del-congreso-les-entreprises-du-voyage","status":"publish","type":"post","link":"https:\/\/dimensionturistica.com\/es\/rd-exhibe-encantos-y-diversidad-del-pais-a-participantes-del-congreso-les-entreprises-du-voyage\/","title":{"rendered":"RD exhibe encantos y diversidad del pa\u00eds a participantes del Congreso Les Entreprises du Voyage"},"content":{"rendered":"<p> <br \/>\n<\/p>\n<div>\n<p><span><span><span>B\u00e1varo, La Altagracia. \u2013 Durante el <strong>Congreso Les Entreprises du Voyage<\/strong>, los participantes manifestaron su satisfacci\u00f3n por los encantos y diversidad de la <strong>oferta tur\u00edstica de Rep\u00fablica Dominicana<\/strong>.<\/span><\/span><\/span><\/p>\n<p><span><span><span>El c\u00f3nclave, donde se reunieron <strong>m\u00e1s de 400 representantes<\/strong> de la industria tur\u00edstica francesa; entre turoperadores, agentes de viajes, l\u00edneas a\u00e9reas, periodistas, agencias de seguros, agencias MICE y otros, se llev\u00f3 a cabo en B\u00e1varo del 4 al 9 de mayo.<\/span><\/span><\/span><\/p>\n<p><span><span><span><strong>Jean-Pierre MAS<\/strong>, presidente Entreprises du Voyage, agradeci\u00f3 al <strong>ministro David Collado<\/strong> por la disposici\u00f3n y facilidades para que el congreso se realizara en Rep\u00fablica Dominicana, al tiempo de felicitarlo por ser el primer pa\u00eds en la recuperaci\u00f3n de la industria despu\u00e9s del COVID-19.<\/span><\/span><\/span><\/p>\n<p><span><span><span>\u201c<em>Quiero agradecer su acogida en Rep\u00fablica Dominicana, estamos encantados en este pa\u00eds, el sol, el mar, y cada una de sus ofertas, pero, sobre todo, alegr\u00eda de la poblaci\u00f3n<\/em>\u201d, expres\u00f3 MAS.<\/span><\/span><\/span><\/p>\n<p><span><span><span>Manifest\u00f3 que Quisqueya fue el primer pa\u00eds de larga distancia en recibir al franc\u00e9s luego de la pandemia, y que es uno de los <strong>5 primeros destinos de los franceses para vacacionar<\/strong>.<\/span><\/span><\/span><\/p>\n<p><span><span><span>El ministro Collado estuvo presente durante la realizaci\u00f3n del evento y agradeci\u00f3 a los representantes tur\u00edsticos franceses la escogencia de Rep\u00fablica Dominicana para realizar el congreso, adem\u00e1s de ser Quisqueya su destino favorito de larga distancia, lo cual se puede comprobar al <a rel=\"nofollow noopener\" target=\"_blank\" href=\"https:\/\/presidencia.gob.do\/noticias\/rd-logra-el-mejor-mes-de-abril-en-la-historia-con-mas-de-600-mil-turistas\">recibir <\/a>en el mes de abril de este a\u00f1o <strong>24,839 franceses<\/strong>, 1,500 m\u00e1s que en 2019.<\/span><\/span><\/span><\/p>\n<p><span><span><span>\u201c<em>Ustedes han sido el soporte del turismo en el pa\u00eds y ser sus anfitriones en estas jornadas de trabajo; para nosotros es un orgullo y en nombre del presidente la Rep\u00fablica, del Gabinete de Turismo, del Ministerio de Turismo y de todos los dominicanos, much\u00edsimas gracias<\/em>\u201d, expres\u00f3 David Collado.<\/span><\/span><\/span><\/p>\n<p><img decoding=\"async\" alt=\"\" data-entity-type=\"file\" data-entity-uuid=\"ae567cd8-ce2a-45c9-b9c0-acfb3d54ee52\" height=\"1080\" src=\"https:\/\/presidencia.gob.do\/sites\/default\/files\/content\/DSC_4210.JPG\" width=\"1620\" loading=\"lazy\" \/><\/p>\n<p><span><span><span><strong>Mercedes Castillo, directora de la Oficina de Promoci\u00f3n Tur\u00edstica (OPT) en Francia<\/strong>, dijo que la realizaci\u00f3n de este congreso, donde se reunieron los ejecutivos de m\u00e1s alto nivel de las empresas tur\u00edsticas francesas, es de gran importancia para Rep\u00fablica Dominicana, ya que es el <strong>tercer mercado emisor <\/strong>en la llegada de turistas al pa\u00eds.<\/span><\/span><\/span><\/p>\n<p><span><span><span>\u201c<em>Para estas empresas, estar aqu\u00ed es importante, porque para ellos Quisqueya representa el primer destino de larga distancia en Francia y en ventas, como lo es tambi\u00e9n para todo el sector tur\u00edstico dominicano (hoteleros, productores, artesanos, empresas de excursiones, etc.)\u201d,<\/em> indic\u00f3 Castillo.<\/span><\/span><\/span><\/p>\n<p><span><span><span>Agradeci\u00f3 la presencia de todos los participantes, porque al conocer el pa\u00eds de primera mano y a trav\u00e9s de sus comentarios, se convierten en embajadores y esto facilita el trabajo para que <strong>sigan llegando m\u00e1s turistas franceses.<\/strong><\/span><\/span><\/span><\/p>\n<p><span><span><span>Los franceses durante su intervenci\u00f3n en el congreso agotaron una amplia agenda, donde, aparte de sus rondas de negocios, conocieron las ofertas tur\u00edsticas con la que cuenta el pa\u00eds. Participaron en Workshop y, adem\u00e1s de B\u00e1varo, visitaron la Isla Saona, Miches y la Ciudad Colonial de Santo Domingo.<\/span><\/span><\/span><\/p>\n<p><span><span><span>Una parte de los participantes llegaron al pa\u00eds previo a la fecha del evento y realizaron un precongreso, es decir, visitaron varios destinos tur\u00edsticos. Otro grupo de agentes de viajes va a continuar una etapa posterior al congreso, en la cual visitar\u00e1n Saman\u00e1, Santo Domingo y Santiago.<\/span><\/span><\/span><\/p>\n<p><span><span><span>Entre las empresas participantes estaban Airfrance, Air Caraibes, Iftm- Prime Resa, Avis, Corsair, Practice Air, Presence Help Tourisme, Voyages\u00a0 Loisiris Etudes, entre otras.<\/span><\/span><\/span><\/p>\n<\/div>\n\n<p><em> &#8221; Fuentes presidencia.gob.do &#8221; <\/em><\/p>\n","protected":false},"excerpt":{"rendered":"<p>B\u00e1varo, La Altagracia. \u2013 Durante el Congreso Les Entreprises du Voyage, los participantes manifestaron su satisfacci\u00f3n por los encantos y diversidad de la oferta tur\u00edstica de Rep\u00fablica Dominicana. El c\u00f3nclave, donde se reunieron m\u00e1s de 400 representantes de la industria tur\u00edstica francesa; entre turoperadores, agentes de viajes, l\u00edneas a\u00e9reas, periodistas, agencias de seguros, agencias MICE [&hellip;]<\/p>\n","protected":false},"author":4,"featured_media":323866,"comment_status":"open","ping_status":"closed","sticky":false,"template":"","format":"standard","meta":{"om_disable_all_campaigns":false,"jnews-multi-image_gallery":[],"jnews_single_post":[],"jnews_primary_category":[],"jnews_social_meta":[],"footnotes":""},"categories":[40],"tags":[544],"class_list":["post-323865","post","type-post","status-publish","format-standard","has-post-thumbnail","hentry","category-industria","tag-turismo"],"_links":{"self":[{"href":"https:\/\/dimensionturistica.com\/es\/wp-json\/wp\/v2\/posts\/323865","targetHints":{"allow":["GET"]}}],"collection":[{"href":"https:\/\/dimensionturistica.com\/es\/wp-json\/wp\/v2\/posts"}],"about":[{"href":"https:\/\/dimensionturistica.com\/es\/wp-json\/wp\/v2\/types\/post"}],"author":[{"embeddable":true,"href":"https:\/\/dimensionturistica.com\/es\/wp-json\/wp\/v2\/users\/4"}],"replies":[{"embeddable":true,"href":"https:\/\/dimensionturistica.com\/es\/wp-json\/wp\/v2\/comments?post=323865"}],"version-history":[{"count":0,"href":"https:\/\/dimensionturistica.com\/es\/wp-json\/wp\/v2\/posts\/323865\/revisions"}],"wp:featuredmedia":[{"embeddable":true,"href":"https:\/\/dimensionturistica.com\/es\/wp-json\/wp\/v2\/media\/323866"}],"wp:attachment":[{"href":"https:\/\/dimensionturistica.com\/es\/wp-json\/wp\/v2\/media?parent=323865"}],"wp:term":[{"taxonomy":"category","embeddable":true,"href":"https:\/\/dimensionturistica.com\/es\/wp-json\/wp\/v2\/categories?post=323865"},{"taxonomy":"post_tag","embeddable":true,"href":"https:\/\/dimensionturistica.com\/es\/wp-json\/wp\/v2\/tags?post=323865"}],"curies":[{"name":"wp","href":"https:\/\/api.w.org\/{rel}","templated":true}]}}