{"id":323778,"date":"2022-05-29T16:30:58","date_gmt":"2022-05-29T16:30:58","guid":{"rendered":"https:\/\/dimensionturistica.com\/es\/?p=323778"},"modified":"2022-05-29T16:30:58","modified_gmt":"2022-05-29T16:30:58","slug":"una-ves-mas-tamaulipas-enamora-y-deleita-con-gran-exito-en-el-tianguis-turistico-2022","status":"publish","type":"post","link":"https:\/\/dimensionturistica.com\/es\/una-ves-mas-tamaulipas-enamora-y-deleita-con-gran-exito-en-el-tianguis-turistico-2022\/","title":{"rendered":"Una ves m\u00e1s, Tamaulipas enamora y deleita con gran \u00e9xito en el Tianguis Tur\u00edstico 2022"},"content":{"rendered":"<p><img decoding=\"async\" class=\"size-medium wp-image-323780 alignright\" src=\"https:\/\/dimensionturistica.com\/es\/wp-content\/uploads\/2022\/05\/2-2-300x200.jpg\" alt=\"\" width=\"300\" height=\"200\" srcset=\"https:\/\/dimensionturistica.com\/es\/wp-content\/uploads\/2022\/05\/2-2-300x200.jpg 300w, https:\/\/dimensionturistica.com\/es\/wp-content\/uploads\/2022\/05\/2-2-1024x682.jpg 1024w, https:\/\/dimensionturistica.com\/es\/wp-content\/uploads\/2022\/05\/2-2-768x512.jpg 768w, https:\/\/dimensionturistica.com\/es\/wp-content\/uploads\/2022\/05\/2-2-750x500.jpg 750w, https:\/\/dimensionturistica.com\/es\/wp-content\/uploads\/2022\/05\/2-2-1140x760.jpg 1140w, https:\/\/dimensionturistica.com\/es\/wp-content\/uploads\/2022\/05\/2-2.jpg 1280w\" sizes=\"(max-width: 300px) 100vw, 300px\" \/>Acapulco, Guerrero.- Tamaulipas finaliz\u00f3 con \u00e9xito su participaci\u00f3n dentro del Tianguis Tur\u00edstico M\u00e9xico Acapulco 2022, generando alianzas estrat\u00e9gicas, formalizando pr\u00f3ximos eventos y firmando 5 trascendentes convenios que consolidar\u00e1n la promoci\u00f3n y la actividad tur\u00edstica en \u201cLa Sorpresa de M\u00e9xico\u201d.<br \/>\nDurante la jornada final, el secretario de Turismo de Tamaulipas, Fernando Olivera Rocha anunci\u00f3, tras reunirse con representantes de la SECTUR federal, la realizaci\u00f3n en el estado del 3er. Encuentro Nacional de los Centros de Atenci\u00f3n y Protecci\u00f3n del Turista (CAPTAs). Siendo del 15 al 18 de junio y teniendo como sede playa Miramar.<img decoding=\"async\" class=\"size-medium wp-image-323782 alignright\" src=\"https:\/\/dimensionturistica.com\/es\/wp-content\/uploads\/2022\/05\/4-2-300x200.jpg\" alt=\"\" width=\"300\" height=\"200\" srcset=\"https:\/\/dimensionturistica.com\/es\/wp-content\/uploads\/2022\/05\/4-2-300x200.jpg 300w, https:\/\/dimensionturistica.com\/es\/wp-content\/uploads\/2022\/05\/4-2-1024x682.jpg 1024w, https:\/\/dimensionturistica.com\/es\/wp-content\/uploads\/2022\/05\/4-2-768x512.jpg 768w, https:\/\/dimensionturistica.com\/es\/wp-content\/uploads\/2022\/05\/4-2-750x500.jpg 750w, https:\/\/dimensionturistica.com\/es\/wp-content\/uploads\/2022\/05\/4-2-1140x760.jpg 1140w, https:\/\/dimensionturistica.com\/es\/wp-content\/uploads\/2022\/05\/4-2.jpg 1280w\" sizes=\"(max-width: 300px) 100vw, 300px\" \/><br \/>\nFortaleciendo el intercambio con el estado vecino de Nuevo Le\u00f3n, Tamaulipas suscribi\u00f3 un acuerdo con la Asociaci\u00f3n de Tour Operadores de Nuevo Le\u00f3n, que preside Fabi\u00e1n Garza Massa. Mediante este compromiso se fomentar\u00e1 entre sus integrantes la actividad tur\u00edstica comercializando los destinos tamaulipecos y desarrollando producto.<br \/>\nComo parte de los encuentros, el secretario Olivera Rocha sostuvo una reuni\u00f3n con representantes de la Asociaci\u00f3n Nacional de Tour Operadores de M\u00e9xico (ANTOMEX). Organismo con el que se oficializar\u00e1 en el corto tiempo un proyecto para conformar la Asociaci\u00f3n de Tour Operadores de<img decoding=\"async\" class=\"size-medium wp-image-323783 alignleft\" src=\"https:\/\/dimensionturistica.com\/es\/wp-content\/uploads\/2022\/05\/5-300x200.jpg\" alt=\"\" width=\"300\" height=\"200\" srcset=\"https:\/\/dimensionturistica.com\/es\/wp-content\/uploads\/2022\/05\/5-300x200.jpg 300w, https:\/\/dimensionturistica.com\/es\/wp-content\/uploads\/2022\/05\/5-1024x682.jpg 1024w, https:\/\/dimensionturistica.com\/es\/wp-content\/uploads\/2022\/05\/5-768x512.jpg 768w, https:\/\/dimensionturistica.com\/es\/wp-content\/uploads\/2022\/05\/5-750x500.jpg 750w, https:\/\/dimensionturistica.com\/es\/wp-content\/uploads\/2022\/05\/5-1140x760.jpg 1140w, https:\/\/dimensionturistica.com\/es\/wp-content\/uploads\/2022\/05\/5.jpg 1280w\" sizes=\"(max-width: 300px) 100vw, 300px\" \/> Tamaulipas, para coordinar esfuerzos de capacitaci\u00f3n y profesionalizaci\u00f3n de este sector en el estado.<br \/>\nAnunci\u00e1ndose antes de concluir el tianguis, la llegada a Reynosa, dentro de las instalaciones de Expo Tam, del museo itinerante \u201cTierra de Dinosaurios\u201d.<br \/>\nInaugur\u00e1ndose el 6 de junio y concluyendo sus actividades el 10 de julio. Manejando un costo de entrada de 70 pesos los ni\u00f1os y 99 pesos los adultos.<br \/>\nDespu\u00e9s del \u00e9xito alcanzado con esta exhibici\u00f3n jur\u00e1sica en la zona sur de Tamaulipas, los<img decoding=\"async\" class=\"size-medium wp-image-323784 alignright\" src=\"https:\/\/dimensionturistica.com\/es\/wp-content\/uploads\/2022\/05\/6-1-300x200.jpg\" alt=\"\" width=\"300\" height=\"200\" srcset=\"https:\/\/dimensionturistica.com\/es\/wp-content\/uploads\/2022\/05\/6-1-300x200.jpg 300w, https:\/\/dimensionturistica.com\/es\/wp-content\/uploads\/2022\/05\/6-1-1024x682.jpg 1024w, https:\/\/dimensionturistica.com\/es\/wp-content\/uploads\/2022\/05\/6-1-768x512.jpg 768w, https:\/\/dimensionturistica.com\/es\/wp-content\/uploads\/2022\/05\/6-1-750x500.jpg 750w, https:\/\/dimensionturistica.com\/es\/wp-content\/uploads\/2022\/05\/6-1-1140x760.jpg 1140w, https:\/\/dimensionturistica.com\/es\/wp-content\/uploads\/2022\/05\/6-1.jpg 1280w\" sizes=\"(max-width: 300px) 100vw, 300px\" \/> habitantes de la frontera podr\u00e1n conocer y asombrarse con la historia, r\u00e9plicas de tama\u00f1o real y la ambientaci\u00f3n que los llevar\u00e1 a la \u00e9poca donde los dinosaurios dominaban la tierra.<br \/>\nEn la primera noche del tianguis, 2,500 asistentes se deleitaron con los sabores de Tamaulipas, dentro de la tercera edici\u00f3n de la \u201cCarnita Asada del Noreste\u201d.<br \/>\nDisfrutando de los platillos preparados por el restaurante tampique\u00f1o de los \u201cCurricanes\u201d. Contando tambi\u00e9n con la participaci\u00f3n de los estados de Coahuila y Nuevo Le\u00f3n, teniendo como invitado especial a Michoac\u00e1n.<\/p>\n","protected":false},"excerpt":{"rendered":"<p>Acapulco, Guerrero.- Tamaulipas finaliz\u00f3 con \u00e9xito su participaci\u00f3n dentro del Tianguis Tur\u00edstico M\u00e9xico Acapulco 2022, generando alianzas estrat\u00e9gicas, formalizando pr\u00f3ximos eventos y firmando 5 trascendentes convenios que consolidar\u00e1n la promoci\u00f3n y la actividad tur\u00edstica en \u201cLa Sorpresa de M\u00e9xico\u201d. Durante la jornada final, el secretario de Turismo de Tamaulipas, Fernando Olivera Rocha anunci\u00f3, tras reunirse [&hellip;]<\/p>\n","protected":false},"author":1,"featured_media":323779,"comment_status":"open","ping_status":"closed","sticky":false,"template":"","format":"standard","meta":{"om_disable_all_campaigns":false,"jnews-multi-image_gallery":[],"jnews_single_post":{"source_name":"","source_url":"","via_name":"","via_url":"","override_template":"0","override":[{"template":"1","single_blog_custom":"","parallax":"1","fullscreen":"1","layout":"right-sidebar","sidebar":"default-sidebar","second_sidebar":"default-sidebar","sticky_sidebar":"1","share_position":"top","share_float_style":"share-monocrhome","show_share_counter":"1","show_view_counter":"1","show_featured":"1","show_post_meta":"1","show_post_author":"1","show_post_author_image":"1","show_post_date":"1","post_date_format":"default","post_date_format_custom":"Y\/m\/d","show_post_category":"1","show_post_reading_time":"0","post_reading_time_wpm":"300","show_zoom_button":"0","zoom_button_out_step":"2","zoom_button_in_step":"3","show_post_tag":"1","show_prev_next_post":"1","show_popup_post":"1","number_popup_post":"1","show_author_box":"0","show_post_related":"0","show_inline_post_related":"0"}],"override_image_size":"0","image_override":[{"single_post_thumbnail_size":"crop-500","single_post_gallery_size":"crop-500"}],"trending_post":"0","trending_post_position":"meta","trending_post_label":"Trending","sponsored_post":"0","sponsored_post_label":"Sponsored by","sponsored_post_name":"","sponsored_post_url":"","sponsored_post_logo_enable":"0","sponsored_post_logo":"","sponsored_post_desc":"","disable_ad":"0"},"jnews_primary_category":{"id":""},"jnews_social_meta":{"fb_title":"","fb_description":"","fb_image":"","twitter_title":"","twitter_description":"","twitter_image":""},"footnotes":""},"categories":[39],"tags":[],"class_list":["post-323778","post","type-post","status-publish","format-standard","has-post-thumbnail","hentry","category-viajes"],"_links":{"self":[{"href":"https:\/\/dimensionturistica.com\/es\/wp-json\/wp\/v2\/posts\/323778","targetHints":{"allow":["GET"]}}],"collection":[{"href":"https:\/\/dimensionturistica.com\/es\/wp-json\/wp\/v2\/posts"}],"about":[{"href":"https:\/\/dimensionturistica.com\/es\/wp-json\/wp\/v2\/types\/post"}],"author":[{"embeddable":true,"href":"https:\/\/dimensionturistica.com\/es\/wp-json\/wp\/v2\/users\/1"}],"replies":[{"embeddable":true,"href":"https:\/\/dimensionturistica.com\/es\/wp-json\/wp\/v2\/comments?post=323778"}],"version-history":[{"count":0,"href":"https:\/\/dimensionturistica.com\/es\/wp-json\/wp\/v2\/posts\/323778\/revisions"}],"wp:featuredmedia":[{"embeddable":true,"href":"https:\/\/dimensionturistica.com\/es\/wp-json\/wp\/v2\/media\/323779"}],"wp:attachment":[{"href":"https:\/\/dimensionturistica.com\/es\/wp-json\/wp\/v2\/media?parent=323778"}],"wp:term":[{"taxonomy":"category","embeddable":true,"href":"https:\/\/dimensionturistica.com\/es\/wp-json\/wp\/v2\/categories?post=323778"},{"taxonomy":"post_tag","embeddable":true,"href":"https:\/\/dimensionturistica.com\/es\/wp-json\/wp\/v2\/tags?post=323778"}],"curies":[{"name":"wp","href":"https:\/\/api.w.org\/{rel}","templated":true}]}}