{"id":323707,"date":"2022-05-29T15:03:03","date_gmt":"2022-05-29T15:03:03","guid":{"rendered":"https:\/\/dimensionturistica.com\/es\/?p=323707"},"modified":"2022-05-29T15:03:03","modified_gmt":"2022-05-29T15:03:03","slug":"se-pide-erradicar-a-las-empresas-informales-de-seguridad","status":"publish","type":"post","link":"https:\/\/dimensionturistica.com\/es\/se-pide-erradicar-a-las-empresas-informales-de-seguridad\/","title":{"rendered":"Se pide erradicar a las empresas informales de seguridad"},"content":{"rendered":"<p>De la mano de las autoridades, la Asociaci\u00f3n Mexicana de Empresas de Seguridad Privada (AMESP), pide combatir la informalidad y erradicar las empresas patito de seguridad, a fin de dar mayor certeza jur\u00eddica a los contratantes e inversionistas, profesionalizar a los miembros del sector y fomentar una buena imagen de la seguridad privada hacia la sociedad, asegur\u00f3 el presidente de este organismo que agrupa a las 170 empresas m\u00e1s grandes y s\u00f3lidas del pa\u00eds, capit\u00e1n Salvador<img decoding=\"async\" class=\"size-medium wp-image-323710 alignright\" src=\"https:\/\/dimensionturistica.com\/es\/wp-content\/uploads\/2022\/05\/AMEPS2-300x200.jpg\" alt=\"\" width=\"300\" height=\"200\" srcset=\"https:\/\/dimensionturistica.com\/es\/wp-content\/uploads\/2022\/05\/AMEPS2-300x200.jpg 300w, https:\/\/dimensionturistica.com\/es\/wp-content\/uploads\/2022\/05\/AMEPS2-1024x682.jpg 1024w, https:\/\/dimensionturistica.com\/es\/wp-content\/uploads\/2022\/05\/AMEPS2-768x512.jpg 768w, https:\/\/dimensionturistica.com\/es\/wp-content\/uploads\/2022\/05\/AMEPS2-750x500.jpg 750w, https:\/\/dimensionturistica.com\/es\/wp-content\/uploads\/2022\/05\/AMEPS2-1140x760.jpg 1140w, https:\/\/dimensionturistica.com\/es\/wp-content\/uploads\/2022\/05\/AMEPS2.jpg 1280w\" sizes=\"(max-width: 300px) 100vw, 300px\" \/> L\u00f3pez Contreras.<br \/>\nAl encabezar en este destino tur\u00edstico su Asamblea General Ordinaria de Asociados, la cual fue encabezada por el secretario de seguridad p\u00fablica de la entidad, Lucio Hern\u00e1ndez Guti\u00e9rrez, en representaci\u00f3n del gobernador de Quintana Roo, Carlos Joaqu\u00edn Gonz\u00e1lez, el dirigente de la AMESP, dijo que la seguridad privada es una industria en constante crecimiento, ya que tiene gran demanda de parte de los sectores p\u00fablico y privado en todas sus modalidades, no s\u00f3lo guardias, sino en todos los aspectos, especialmente en el uso de nuevas tecnolog\u00edas.<br \/>\nMuy en especial en el sureste del pa\u00eds, es muy requerida por la industria tur\u00edstica e inmobiliaria o real state.<br \/>\nEn su segunda asamblea que se realiza fuera de la capital del pa\u00eds, L\u00f3pez Contreras destac\u00f3 que est\u00e1n interesados y trabajan a fin de que la gente s\u00f3lo contrate empresas legalmente constituidas y evitar recurran a compa\u00f1\u00edas no reguladas que dan mal servicio y da\u00f1an la imagen de este sector.<br \/>\nEl presidente de la AMESP destac\u00f3 que la seguridad privada es un sector de gran relevancia, que trabaja en todas las industrias y en todos los niveles. \u201cLa mayor\u00eda de las personas en las zonas urbanas cuentan o han utilizado servicios de seguridad privada\u201d.<br \/>\nParticipa casi con el 2 por ciento del Producto Interno Bruto (PIB) y cuenta con m\u00e1s del 18 por ciento del estado de fuerza de los trabajadores del pa\u00eds. Tan s\u00f3lo las empresas afiliadas a la AMESP tienen aproximadamente 180 mil de los 600 mil trabajadores que integran el sector de la<img decoding=\"async\" class=\"size-medium wp-image-323711 alignright\" src=\"https:\/\/dimensionturistica.com\/es\/wp-content\/uploads\/2022\/05\/AMEWPS1.JPH_-300x225.jpg\" alt=\"\" width=\"300\" height=\"225\" srcset=\"https:\/\/dimensionturistica.com\/es\/wp-content\/uploads\/2022\/05\/AMEWPS1.JPH_-300x225.jpg 300w, https:\/\/dimensionturistica.com\/es\/wp-content\/uploads\/2022\/05\/AMEWPS1.JPH_-1024x768.jpg 1024w, https:\/\/dimensionturistica.com\/es\/wp-content\/uploads\/2022\/05\/AMEWPS1.JPH_-768x576.jpg 768w, https:\/\/dimensionturistica.com\/es\/wp-content\/uploads\/2022\/05\/AMEWPS1.JPH_-750x563.jpg 750w, https:\/\/dimensionturistica.com\/es\/wp-content\/uploads\/2022\/05\/AMEWPS1.JPH_-1140x855.jpg 1140w, https:\/\/dimensionturistica.com\/es\/wp-content\/uploads\/2022\/05\/AMEWPS1.JPH_.jpg 1280w\" sizes=\"(max-width: 300px) 100vw, 300px\" \/> seguridad privada a nivel nacional.<br \/>\nManifest\u00f3 que cada vez m\u00e1s empresas dedican m\u00e1s presupuesto a la tecnolog\u00eda en materia de seguridad y ah\u00ed la AMESP, est\u00e1 a la vanguardia. Esta, junto con la profesionalizaci\u00f3n de sus trabajadores es la columna vertebral de todos sus asociados.<br \/>\nRecord\u00f3 que desde el 2014 la AMESP es un organismo certificador del Consejo Nacional de Normalizaci\u00f3n y Certificaci\u00f3n de Competencias Laborales (Conocer), dependiente de la Secretar\u00eda de Educaci\u00f3n P\u00fablica y hoy cuenta con 30 centros de evaluaciones certificados por esa dependencia.<br \/>\nA la fecha la AMESP ha obtenido m\u00e1s de mil 500 certificaciones. Cuenta con 18 est\u00e1ndares de competencia y sigue impulsando m\u00e1s de estos, como el de la ciberseguridad.<br \/>\nTodo esto, subray\u00f3, ha detonado una gran confianza en el sector de parte de organizaciones nacionales e internacionales que operan en el pa\u00eds y esto coadyuva a que esta industria de la seguridad privada sea reconocida en toda su dimensi\u00f3n.<br \/>\nEl mayor tesoro que tiene la AMESP, es la confianza de sus 170 afiliados. Gracias a ello, hoy es la m\u00e1s importante del sector en M\u00e9xico y de Latinoam\u00e9rica, insisti\u00f3.<br \/>\nEn su discurso, Salvador L\u00f3pez Contreras, se refiri\u00f3 adem\u00e1s a los retos de este sector, entre los que se encuentran: mejorar y sostener la rentabilidad del empresario, dar valor agregado al cliente, elevar el nivel salarial de los colaboradores, mejorar la relaci\u00f3n con el Estado mexicano, en la parte ejecutiva y, en la parte legislativa, coadyuvar en la elaboraci\u00f3n de un marco regulatorio. Tambi\u00e9n tener una buena coordinaci\u00f3n con la secretar\u00eda a nivel estatal y municipal, as\u00ed como con la Secretar\u00eda del Trabajo y Previsi\u00f3n Social a nivel federal, adem\u00e1s de los organismos fiscales y sociales.<br \/>\n\u201cTambi\u00e9n estamos dando empuje para la creaci\u00f3n de la C\u00e1mara Nacional de la Industria de la Seguridad privada\u201d, apunt\u00f3.<br \/>\nPor su parte el secretario de Seguridad P\u00fablica del estado de Quintana Roo, Lucio Hern\u00e1ndez Guti\u00e9rrez, quien acudi\u00f3 con la representaci\u00f3n del gobernador Carlos Joaqu\u00edn Gonz\u00e1lez, expres\u00f3 que en su estado se trabaja por crear cada vez m\u00e1s entornos seguros para todos los quintanarroenses, as\u00ed como para los turistas que los visitan. En eso es importante contar con un cuerpo de polic\u00eda profesional y debidamente capacitado, as\u00ed como empresas de seguridad privada que cumplan con todos los requisitos establecidos en la ley en la materia, abatiendo a todas las empresas de competencia desleal.<br \/>\nEn el evento, Luis Miguel Dena Escalera, presidente de la Comisi\u00f3n de Tecnolog\u00eda de la AMESP, habl\u00f3 bien de la seguridad, igual que el expresidente y fundador de AMESP, Mario Espinosa, el presidente de la Comisi\u00f3n de Relaciones Institucionales y Enlace con Gobierno de esta Asociaci\u00f3n, Luis N. Barra\u00f1\u00f3n, y el secretario de Seguridad P\u00fablica de Tulum, Oscar Alberto Aparicio Avenda\u00f1o.<br \/>\nComo invitados se cont\u00f3 con la presencia del comisionado Alberto Rom\u00e1n Gonz\u00e1lez Fern\u00e1ndez, Coordinador de Guardia Nacional en el Estado de Quintana Roo, entre otros.<br \/>\nAl final del evento se hizo un reconocimiento a la distancia, a la senadora Luc\u00eda Trasvi\u00f1a W., presidenta de la Comisi\u00f3n de Seguridad del Senado de la Rep\u00fablica y la diputada Juanita Guerra Mena, presidenta de la Comisi\u00f3n de Seguridad de la C\u00e1mara de Diputados, por el apoyo brindado a la Asociaci\u00f3n.<\/p>\n","protected":false},"excerpt":{"rendered":"<p>De la mano de las autoridades, la Asociaci\u00f3n Mexicana de Empresas de Seguridad Privada (AMESP), pide combatir la informalidad y erradicar las empresas patito de seguridad, a fin de dar mayor certeza jur\u00eddica a los contratantes e inversionistas, profesionalizar a los miembros del sector y fomentar una buena imagen de la seguridad privada hacia la [&hellip;]<\/p>\n","protected":false},"author":1,"featured_media":323712,"comment_status":"open","ping_status":"closed","sticky":false,"template":"","format":"standard","meta":{"om_disable_all_campaigns":false,"jnews-multi-image_gallery":[],"jnews_single_post":{"source_name":"","source_url":"","via_name":"","via_url":"","override_template":"0","override":[{"template":"1","single_blog_custom":"","parallax":"1","fullscreen":"1","layout":"right-sidebar","sidebar":"default-sidebar","second_sidebar":"default-sidebar","sticky_sidebar":"1","share_position":"top","share_float_style":"share-monocrhome","show_share_counter":"1","show_view_counter":"1","show_featured":"1","show_post_meta":"1","show_post_author":"1","show_post_author_image":"1","show_post_date":"1","post_date_format":"default","post_date_format_custom":"Y\/m\/d","show_post_category":"1","show_post_reading_time":"0","post_reading_time_wpm":"300","show_zoom_button":"0","zoom_button_out_step":"2","zoom_button_in_step":"3","show_post_tag":"1","show_prev_next_post":"1","show_popup_post":"1","number_popup_post":"1","show_author_box":"0","show_post_related":"0","show_inline_post_related":"0"}],"override_image_size":"0","image_override":[{"single_post_thumbnail_size":"crop-500","single_post_gallery_size":"crop-500"}],"trending_post":"0","trending_post_position":"meta","trending_post_label":"Trending","sponsored_post":"0","sponsored_post_label":"Sponsored by","sponsored_post_name":"","sponsored_post_url":"","sponsored_post_logo_enable":"0","sponsored_post_logo":"","sponsored_post_desc":"","disable_ad":"0"},"jnews_primary_category":{"id":""},"jnews_social_meta":{"fb_title":"","fb_description":"","fb_image":"","twitter_title":"","twitter_description":"","twitter_image":""},"footnotes":""},"categories":[40],"tags":[],"class_list":["post-323707","post","type-post","status-publish","format-standard","has-post-thumbnail","hentry","category-industria"],"_links":{"self":[{"href":"https:\/\/dimensionturistica.com\/es\/wp-json\/wp\/v2\/posts\/323707","targetHints":{"allow":["GET"]}}],"collection":[{"href":"https:\/\/dimensionturistica.com\/es\/wp-json\/wp\/v2\/posts"}],"about":[{"href":"https:\/\/dimensionturistica.com\/es\/wp-json\/wp\/v2\/types\/post"}],"author":[{"embeddable":true,"href":"https:\/\/dimensionturistica.com\/es\/wp-json\/wp\/v2\/users\/1"}],"replies":[{"embeddable":true,"href":"https:\/\/dimensionturistica.com\/es\/wp-json\/wp\/v2\/comments?post=323707"}],"version-history":[{"count":0,"href":"https:\/\/dimensionturistica.com\/es\/wp-json\/wp\/v2\/posts\/323707\/revisions"}],"wp:featuredmedia":[{"embeddable":true,"href":"https:\/\/dimensionturistica.com\/es\/wp-json\/wp\/v2\/media\/323712"}],"wp:attachment":[{"href":"https:\/\/dimensionturistica.com\/es\/wp-json\/wp\/v2\/media?parent=323707"}],"wp:term":[{"taxonomy":"category","embeddable":true,"href":"https:\/\/dimensionturistica.com\/es\/wp-json\/wp\/v2\/categories?post=323707"},{"taxonomy":"post_tag","embeddable":true,"href":"https:\/\/dimensionturistica.com\/es\/wp-json\/wp\/v2\/tags?post=323707"}],"curies":[{"name":"wp","href":"https:\/\/api.w.org\/{rel}","templated":true}]}}