{"id":323553,"date":"2022-05-29T03:16:22","date_gmt":"2022-05-29T03:16:22","guid":{"rendered":"https:\/\/dimensionturistica.com\/es\/?p=323553"},"modified":"2022-05-29T03:16:22","modified_gmt":"2022-05-29T03:16:22","slug":"mauro-colagreco-el-mejor-chef-argentino-que-cautiva-a-nivel-mundial-tengo-la-esperanza-de-que-volvamos-a-ser-el-granero-del-mundo","status":"publish","type":"post","link":"https:\/\/dimensionturistica.com\/es\/mauro-colagreco-el-mejor-chef-argentino-que-cautiva-a-nivel-mundial-tengo-la-esperanza-de-que-volvamos-a-ser-el-granero-del-mundo\/","title":{"rendered":"Mauro Colagreco, el mejor chef argentino que cautiva a nivel mundial: \u201cTengo la esperanza de que volvamos a ser el granero del mundo\u201d"},"content":{"rendered":"<p> <br \/>\n<\/p>\n<div>\n<div class=\"visual__image\"><img decoding=\"async\" alt=\"Est\u00e1 al mando de 20 restaurantes alrededor del mundo y su filosof\u00eda es administrar un proyecto gastron\u00f3mico transformador y potenciador de su entorno\" height=\"1080\" width=\"1920\" class=\"\" src=\"https:\/\/cloudfront-us-east-1.images.arcpublishing.com\/infobae\/3XMGTWK6QFBHHGEOZY7YT6LU7Q.jpg\" srcset=\"https:\/\/www.infobae.com\/new-resizer\/mSB2VZ4ESQr-HwL1wH0u0pLbsp0=\/420x236\/filters:format(webp):quality(85)\/cloudfront-us-east-1.images.arcpublishing.com\/infobae\/3XMGTWK6QFBHHGEOZY7YT6LU7Q.jpg 420w,https:\/\/www.infobae.com\/new-resizer\/TwPripB18wpBxhAWYIRPVEdszCw=\/768x432\/filters:format(webp):quality(85)\/cloudfront-us-east-1.images.arcpublishing.com\/infobae\/3XMGTWK6QFBHHGEOZY7YT6LU7Q.jpg 768w,https:\/\/www.infobae.com\/new-resizer\/o-6RxhLYOG1uhmwfoqu1ZnKGN80=\/992x558\/filters:format(webp):quality(85)\/cloudfront-us-east-1.images.arcpublishing.com\/infobae\/3XMGTWK6QFBHHGEOZY7YT6LU7Q.jpg 992w,https:\/\/www.infobae.com\/new-resizer\/gWoPQ475qNcOe3l2u6TqaQmb9Xs=\/1200x675\/filters:format(webp):quality(85)\/cloudfront-us-east-1.images.arcpublishing.com\/infobae\/3XMGTWK6QFBHHGEOZY7YT6LU7Q.jpg 1200w,https:\/\/www.infobae.com\/new-resizer\/ghYz3iAJqf07T8BVxI1LYtdYcTY=\/1440x810\/filters:format(webp):quality(85)\/cloudfront-us-east-1.images.arcpublishing.com\/infobae\/3XMGTWK6QFBHHGEOZY7YT6LU7Q.jpg 1440w\" loading=\"lazy\" \/><figcaption class=\"\">Est\u00e1 al mando de 20 restaurantes alrededor del mundo y su filosof\u00eda es administrar un proyecto gastron\u00f3mico transformador y potenciador de su entorno<\/figcaption><\/div>\n<p class=\"paragraph\"><b>Est\u00e1 al mando de 20 restaurantes alrededor del mundo y su filosof\u00eda es administrar un proyecto gastron\u00f3mico transformador y potenciador de su entorno. <\/b>A <b>Mauro Colagreco<\/b> le apasiona nutrir y nutrirse de la naturaleza, y <b>Mirazur <\/b>es prueba de ello.<\/p>\n<p class=\"paragraph\">El <b>restaurante con tres estrellas en la Gu\u00eda Michelin de Francia <\/b>y elevado, desde 2021, al grupo \u201cLo mejor de lo mejor\u201d por <b>\u201cThe World\u2019s 50 Best Restaurants\u201d,<\/b> es reconocido por las<b> bases sostenibles <\/b>que<b> <\/b>el cocinero sent\u00f3 desde su apertura, as\u00ed como su pol\u00edtica <b>\u201cdesperdicio cero\u201d.<\/b> En 2020, se convirti\u00f3 en <b>el primer establecimiento gastron\u00f3mico certificado en el mundo como Libre de Pl\u00e1stico.<\/b><\/p>\n<p class=\"paragraph\">Lograr ese objetivo fue un enorme desaf\u00edo porque<b> implic\u00f3 un cambio de conciencia a toda escala. <\/b>Sin embargo, para el <b>chef \u00edtalo-argentino<\/b><i><b> <\/b><\/i>represent\u00f3 un paso adelante en el largo camino por recorrer, en busca de reducir el impacto que, como seres humanos, causamos al <b>medioambiente.<\/b> Por esa raz\u00f3n, ante la consulta de este medio sobre el futuro del consumo, no dud\u00f3 en responder: <b>\u201cNo creo en los extremos.<\/b> Creo que lo que hay que buscar es un <b>equilibrio. <\/b>Lamentablemente, <b>se desequilibr\u00f3 el consumo de carne en la sociedad.<\/b> Una cosa es clara:<b> <\/b><mark class=\"hl_yellow\"><b>no podemos comer ning\u00fan tipo de prote\u00edna animal todos los d\u00edas de la semana en todas las comidas porque el mundo no da abasto\u201d.<\/b><\/mark><\/p>\n<div class=\"visual__image\"><img decoding=\"async\" alt=\"El chef \u00edtalo-argentino alimenta su \u00e1nimo de generar nuevas sensaciones a trav\u00e9s de una cocina comprometida con la protecci\u00f3n del planeta\" height=\"2400\" width=\"1920\" class=\"\" src=\"https:\/\/cloudfront-us-east-1.images.arcpublishing.com\/infobae\/NPFVIIZATFCQ7MOF2HKTRQN6TU.jpg\" srcset=\"https:\/\/www.infobae.com\/new-resizer\/71dCjbKkHin5CDDRQNJAzTS1Hvk=\/420x560\/filters:format(webp):quality(85)\/cloudfront-us-east-1.images.arcpublishing.com\/infobae\/NPFVIIZATFCQ7MOF2HKTRQN6TU.jpg 420w,https:\/\/www.infobae.com\/new-resizer\/_Yau2hN16C5ofjaNK5SBtlW_Li4=\/768x1024\/filters:format(webp):quality(85)\/cloudfront-us-east-1.images.arcpublishing.com\/infobae\/NPFVIIZATFCQ7MOF2HKTRQN6TU.jpg 768w,https:\/\/www.infobae.com\/new-resizer\/sjyuMLXM2xlyporT4RISpsPzZZs=\/992x1323\/filters:format(webp):quality(85)\/cloudfront-us-east-1.images.arcpublishing.com\/infobae\/NPFVIIZATFCQ7MOF2HKTRQN6TU.jpg 992w,https:\/\/www.infobae.com\/new-resizer\/ZVzEAf8WkIIzTp7wm6y2P7i2NWA=\/1200x1600\/filters:format(webp):quality(85)\/cloudfront-us-east-1.images.arcpublishing.com\/infobae\/NPFVIIZATFCQ7MOF2HKTRQN6TU.jpg 1200w\" loading=\"lazy\" \/><figcaption class=\"\">El chef \u00edtalo-argentino alimenta su \u00e1nimo de generar nuevas sensaciones a trav\u00e9s de una cocina comprometida con la protecci\u00f3n del planeta<\/figcaption><\/div>\n<p class=\"paragraph\">\u201cCocina de frontera sin fronteras. Un territorio m\u00f3vil, con mapas superpuestos y l\u00edmites desdibujados. Una mezcla de idiomas, identidades, saberes y sabores. Y una cocina entre l\u00edneas geogr\u00e1ficas, hist\u00f3ricas y culturales, donde cada plato se convierte en un espacio \u00fanico en el que se olvidan las divisiones y se instaura el equilibrio\u201d, se\u00f1ala <b>Massimo Bottura, <\/b>el mejor chef italiano <b>(Osteria Francisana <\/b>fue el n\u00famero 1 del mundo en 2018), en el pr\u00f3logo de <i><b>Mirazur<\/b><\/i>, el libro de 372 p\u00e1ginas que <b>resume la vida y obra de Mauro Colagrego al frente del restaurante ubicado en Ment\u00f3n.<\/b><\/p>\n<p class=\"paragraph\"><b>Carrera<\/b><\/p>\n<p class=\"paragraph\">El cocinero argentino, nacionalizado italiano, naci\u00f3 en La Plata en 1976, obtuvo su t\u00edtulo en la escuela del Gato Dumas y, luego de especializarse con Beatriz Chomnalez, se mud\u00f3 a Francia en 2001. Una vez instalado en tierra gala, trabaj\u00f3 con el c\u00e9lebre chef <b>Bernard Loiseau,<\/b> con <b>Alain Passard, <\/b>en Arp\u00e8ge, y con <b>Alain Ducasse, <\/b>en el Lodge Plaza Ath\u00e9n\u00e9e, antes de mudarse a Menton en 2006, en la frontera italiana-francesa.<\/p>\n<p class=\"paragraph\">\u201cTuve la suerte de trabajar con grandes como <b>Ducasse,<\/b> <b>Passard y<\/b> <b>Loiseau.<\/b> Sin lugar a dudas, todos han dejado una marca en mi carrera que ha servido para construir mi estilo, mi futuro y mi cocina de hoy. Con <b>Ducasse<\/b> nos hablamos y nos consultamos muy seguido. Es que lo de <b>Alain<\/b> es incre\u00edble. A pesar de tener su carrera probada, <b>siempre est\u00e1 llevando las cosas m\u00e1s all\u00e1 de lo esperado. <\/b>Es un motor asombroso de una nueva generaci\u00f3n de cocineros y un ejemplo para muchos\u201d, reconoci\u00f3<b> <\/b>en di\u00e1logo con este medio el <i>chef <\/i>en el marco de la presentaci\u00f3n de la cuarta edici\u00f3n del <b>Prix de Baron B \u2013 \u00c9dition Delicacies, <\/b>una iniciativa que busca reconocer las historias de los proyectos y cocineros argentinos que trabajan con una mirada innovadora, en sinton\u00eda con el medioambiente y los productores locales, d\u00e1ndole valor a la gastronom\u00eda regional y preservando su entorno pure.<\/p>\n<p class=\"paragraph\">En una charla exclusiva con <b>Infobae,<\/b> <b>Colagreco<\/b> revel\u00f3 <b>qu\u00e9 lo inspira, c\u00f3mo trabaja y c\u00f3mo ense\u00f1a su filosof\u00eda en los m\u00e1s de 20 restaurantes que administra alrededor del mundo, <\/b>empezando por el gran <b>Mirazur.<\/b><\/p>\n<div class=\"visual__image\"><img decoding=\"async\" alt=\"Con cinco hect\u00e1reas verdes sobre las que trabajar, Colagreco tiene clar\u00edsimo que &quot;la escuela de Mirazur es tambi\u00e9n una escuela de vida&quot;\" height=\"1460\" width=\"1538\" class=\"\" src=\"https:\/\/cloudfront-us-east-1.images.arcpublishing.com\/infobae\/F5G77JYHJRE35BTR37J3ENJUEU.png\" srcset=\"https:\/\/www.infobae.com\/new-resizer\/ZQVo2myeaKZH7uuhgZ8ErD92PFU=\/420x420\/filters:format(webp):quality(85)\/cloudfront-us-east-1.images.arcpublishing.com\/infobae\/F5G77JYHJRE35BTR37J3ENJUEU.png 420w,https:\/\/www.infobae.com\/new-resizer\/A8RkDVvdLNp2FKLfiDdXBPdazo0=\/768x768\/filters:format(webp):quality(85)\/cloudfront-us-east-1.images.arcpublishing.com\/infobae\/F5G77JYHJRE35BTR37J3ENJUEU.png 768w,https:\/\/www.infobae.com\/new-resizer\/J_DFR-20AB_lr3qBwA8k8QlGPeI=\/992x992\/filters:format(webp):quality(85)\/cloudfront-us-east-1.images.arcpublishing.com\/infobae\/F5G77JYHJRE35BTR37J3ENJUEU.png 992w,https:\/\/www.infobae.com\/new-resizer\/9hZe78KZBKRDVWyrITBn-_Yi6BU=\/1200x1200\/filters:format(webp):quality(85)\/cloudfront-us-east-1.images.arcpublishing.com\/infobae\/F5G77JYHJRE35BTR37J3ENJUEU.png 1200w,https:\/\/www.infobae.com\/new-resizer\/l5lHjb7Op6V6iLGaDJzBfTHtF2A=\/1440x1440\/filters:format(webp):quality(85)\/cloudfront-us-east-1.images.arcpublishing.com\/infobae\/F5G77JYHJRE35BTR37J3ENJUEU.png 1440w\" loading=\"lazy\" \/><figcaption class=\"\">Con cinco hect\u00e1reas verdes sobre las que trabajar, Colagreco tiene clar\u00edsimo que &#8220;la escuela de Mirazur es tambi\u00e9n una escuela de vida&#8221;<\/figcaption><\/div>\n<p class=\"paragraph\"><b>&#8211; Mar\u00eda Florencia Rodr\u00edguez, ganadora de la edici\u00f3n 2021 del Prix de Baron B \u2013 \u00c9dition Delicacies, est\u00e1 en Mirazur haciendo una pasant\u00eda que es parte del premio de esta competencia. \u00bfC\u00f3mo es la escuela de Mirazur? \u00bfC\u00f3mo se entrena un cocinero bajo su mirada?<\/b><\/p>\n<p class=\"paragraph\">&#8211; Fue muy lindo tenerla ac\u00e1 y mostrarle todo lo que <b>Mirazur<\/b> refleja, no solo con sus platos sino tambi\u00e9n con su entorno. Estoy casi seguro de que le gust\u00f3. Le va a dar m\u00e1s ganas de seguir adelante con su proyecto que es fenomenal. El restaurante tiene algo muy especial que es<b> la conexi\u00f3n que ofrece con la tierra gracias a los huertos que tenemos:<\/b> cinco hect\u00e1reas que cultivamos nosotros. Dos de ellas est\u00e1n ubicadas a 300 metros del restaurante. <mark class=\"hl_yellow\">Eso hace que distintos grupos de cocineros pasen un tiempo en el jard\u00edn y conecten de una manera que a la mayor\u00eda de los cocineros hoy les falta.<\/mark> A veces los no saben cu\u00e1nto tarda en crecer una cebolla o una zanahoria.<b> La conexi\u00f3n que ten\u00edan antes los cocineros con la naturaleza ya no existe, <\/b>o porque vivimos en grandes ciudades o porque no la ense\u00f1an en las escuelas. <mark class=\"hl_yellow\"><b>La escuela de Mirazur es tambi\u00e9n una escuela de vida,<\/b><\/mark><b> <\/b>donde no solo se ense\u00f1a a cocinar, sino que tambi\u00e9n se brinda la posibilidad de conectar con la naturaleza. En la familia Mirazur <b>se tiene en cuenta m\u00e1s a la persona que a su t\u00e9cnica.<\/b> La t\u00e9cnica se puede aprender, pero <b>ser una buena persona no se aprende.<\/b><\/p>\n<div class=\"visual__image\"><img decoding=\"async\" alt=\"&quot;M\u00e1s que francesa, mi cocina es muy representativa de mi persona y de mi proyecto, sobre todo la de Mirazur&quot;\" height=\"1452\" width=\"1540\" class=\"\" src=\"https:\/\/cloudfront-us-east-1.images.arcpublishing.com\/infobae\/BWFDLEMVIRBT3FIKWXGF2CUJEI.png\" srcset=\"https:\/\/www.infobae.com\/new-resizer\/tcjsqeQkcVHrlLanvp6NcgFs5i0=\/420x420\/filters:format(webp):quality(85)\/cloudfront-us-east-1.images.arcpublishing.com\/infobae\/BWFDLEMVIRBT3FIKWXGF2CUJEI.png 420w,https:\/\/www.infobae.com\/new-resizer\/If_9MRSBnZAHossiaBxUmZWyHeQ=\/768x768\/filters:format(webp):quality(85)\/cloudfront-us-east-1.images.arcpublishing.com\/infobae\/BWFDLEMVIRBT3FIKWXGF2CUJEI.png 768w,https:\/\/www.infobae.com\/new-resizer\/vKHcUA2Q_u4yuyuD5k9Outp87c4=\/992x992\/filters:format(webp):quality(85)\/cloudfront-us-east-1.images.arcpublishing.com\/infobae\/BWFDLEMVIRBT3FIKWXGF2CUJEI.png 992w,https:\/\/www.infobae.com\/new-resizer\/DhPTLoMSc962_-5qZb1OiddGKb0=\/1200x1200\/filters:format(webp):quality(85)\/cloudfront-us-east-1.images.arcpublishing.com\/infobae\/BWFDLEMVIRBT3FIKWXGF2CUJEI.png 1200w,https:\/\/www.infobae.com\/new-resizer\/UybeGOvjux0l68jlQSGBTvI1tpU=\/1440x1440\/filters:format(webp):quality(85)\/cloudfront-us-east-1.images.arcpublishing.com\/infobae\/BWFDLEMVIRBT3FIKWXGF2CUJEI.png 1440w\" loading=\"lazy\" \/><figcaption class=\"\">&#8220;M\u00e1s que francesa, mi cocina es muy representativa de mi persona y de mi proyecto, sobre todo la de Mirazur&#8221;<\/figcaption><\/div>\n<p class=\"paragraph\"><b>&#8211; Si tuviera que definir el ADN de la cocina francesa, \u00bfc\u00f3mo lo har\u00eda? \u00bfY el de la argentina?<\/b><\/p>\n<p class=\"paragraph\"><b>&#8211; <\/b>M\u00e1s que francesa, <b>mi cocina es muy representativa de mi persona y de mi proyecto, <\/b>sobre todo la de <b>Mirazur.<\/b> Lo que distingue a mi cocina (y a la cocina francesa en muchos casos, no todos) es el hecho de que <b>se trata de trabajar el plato de una manera en la que el cocinero pasa a un segundo plano para darle lugar al producto y a la emoci\u00f3n del cliente.<\/b> Uno no hace una cocina para uno mismo, sino para que le guste al otro. No digo que en Argentina eso no se haga, pero es distinto. En <b>Francia<\/b> <b>se tiene un gran amor por los peque\u00f1os productores.<\/b> Es una cultura la de ir a buscar tal producto que viene de tal lugar porque tiene tales caracter\u00edsticas. Eso es algo que si bien en alg\u00fan momento lo tuvo, Argentina hoy no lo tiene.<\/p>\n<p class=\"paragraph\">Colagreco recuerda a su abuelo quien viv\u00eda en <b>Tandil <\/b>y se iba hasta <b>Rauch<\/b> a buscar el cerdo para cocinar en las Fiestas para toda la familia cuando pod\u00eda comprarlo en cualquier lugar de Tandil. \u201cEsas cosas ac\u00e1 todav\u00eda existen. La gente sabe que el buen producto tiene un costo y est\u00e1 dispuesta a pagarlo porque quiere sostener esa cultura, esa manera de producir y bancar a los agricultores que a veces tienen muchas dificultades. <b>Argentina y el mundo est\u00e1n queriendo volver a eso.<\/b> Los argentinos lo mamamos desde chicos. En mi familia era algo que estaba muy presente a pesar de que no \u00e9ramos una familia muy sofisticada, \u00e9ramos de clase media normal. Que hoy se quiera volver a eso es fant\u00e1stico\u201d, cuenta.<\/p>\n<div class=\"visual__image\"><img decoding=\"async\" alt=\"Mirazur, el restaurante con tres estrellas en la Gu\u00eda Michelin de Francia y elevado, desde 2021, al grupo \u201cLo mejor de lo mejor\u201d por \u201cThe World\u2019s 50 Best Restaurants\u201d, es reconocido por las bases sostenibles que el cocinero sent\u00f3 desde su apertura, as\u00ed como su pol\u00edtica \u201cdesperdicio cero\u201d\" height=\"1536\" width=\"1232\" class=\"\" src=\"https:\/\/cloudfront-us-east-1.images.arcpublishing.com\/infobae\/OVPSCBLNXVBWXNQ5PCPYV36GLM.png\" srcset=\"https:\/\/www.infobae.com\/new-resizer\/xskVJxJt9r-iyPNjtXbWdfWtV6U=\/420x560\/filters:format(webp):quality(85)\/cloudfront-us-east-1.images.arcpublishing.com\/infobae\/OVPSCBLNXVBWXNQ5PCPYV36GLM.png 420w,https:\/\/www.infobae.com\/new-resizer\/cMrsnnXS7L1wHlYWVXdyy9hkQWA=\/768x1024\/filters:format(webp):quality(85)\/cloudfront-us-east-1.images.arcpublishing.com\/infobae\/OVPSCBLNXVBWXNQ5PCPYV36GLM.png 768w,https:\/\/www.infobae.com\/new-resizer\/QvsMV3y_TZBb-AKKK_M9enuCcyA=\/992x1323\/filters:format(webp):quality(85)\/cloudfront-us-east-1.images.arcpublishing.com\/infobae\/OVPSCBLNXVBWXNQ5PCPYV36GLM.png 992w,https:\/\/www.infobae.com\/new-resizer\/LS3zwiYVVeYloJdTJMg3-g6gOyY=\/1200x1600\/filters:format(webp):quality(85)\/cloudfront-us-east-1.images.arcpublishing.com\/infobae\/OVPSCBLNXVBWXNQ5PCPYV36GLM.png 1200w\" loading=\"lazy\" \/><figcaption class=\"\">Mirazur, el restaurante con tres estrellas en la Gu\u00eda Michelin de Francia y elevado, desde 2021, al grupo \u201cLo mejor de lo mejor\u201d por \u201cThe World\u2019s 50 Best Restaurants\u201d, es reconocido por las bases sostenibles que el cocinero sent\u00f3 desde su apertura, as\u00ed como su pol\u00edtica \u201cdesperdicio cero\u201d<\/figcaption><\/div>\n<p class=\"paragraph\"><b>&#8211; \u00bfCree que la gastronom\u00eda argentina tiene algo que las dem\u00e1s no tienen?<\/b><\/p>\n<p class=\"paragraph\">&#8211; Creo que a pesar de las circunstancias, la gastronom\u00eda argentina est\u00e1 pasando por un buen momento. Lo vemos en todos los proyectos que nos llegan. Aun as\u00ed, <b>no me gusta hablar de gastronom\u00eda \u201cde lugares\u201d. <\/b>La gastronom\u00eda en basic es la que puede llegar a provocar un cambio en lo que es producci\u00f3n de alimentos y consumo. <b>Lo que pas\u00f3 en Argentina con trigo transg\u00e9nico es un desastre para la agricultura y para nuestros suelos. <\/b><mark class=\"hl_yellow\"><b>Yo tengo la esperanza de que nuestro pa\u00eds pueda volver a ser lo que fue: el granero del mundo<\/b><\/mark><b>, <\/b>un pa\u00eds donde la agricultura se hizo siempre de una manera muy pure gracias a nuestros recursos. <b>Todav\u00eda podemos recuperarlos pero hay que hacer un vuelque importante.<\/b> <b>\u00bfEstamos preparados para hacerlo? No s\u00e9, yo creo que s\u00ed.<\/b><\/p>\n<p class=\"paragraph\"><b>&#8211; \u00bfD\u00f3nde encuentra inspiraci\u00f3n para seguir creando?<\/b><\/p>\n<p class=\"paragraph\">&#8211; Tengo muchas fuentes de inspiraci\u00f3n. <b>Mi huerto <\/b>es un cable a tierra para m\u00ed. Cuando estoy estresado me voy ah\u00ed solo y eso me transmite mucha inspiraci\u00f3n. Ver el producto y su evoluci\u00f3n es algo genial. Tambi\u00e9n pueden ser <b>los viajes. <\/b>Me encanta ir al encuentro con la gente, con lo que hacen y producen. Me gusta <b>ver nuevas maneras de tratar un mismo producto o productos nuevos. <\/b>Viajo con semillas de todos lados. Por \u00faltimo,<b> los recuerdos de mi infancia<\/b>. Uno siempre vuelve a los aromas y a las im\u00e1genes que lo marcaron.<\/p>\n<div class=\"visual__image\"><img decoding=\"async\" alt=\"Robert de Niro y su pareja, Tiffany Chen, disfrutaron y saborearon cada plato del &quot;men\u00fa impagable&quot; dise\u00f1ado en Madrid para ellos por cinco de los mejores cocineros del mundo, entre ellos, el argentino Mauro Colagreco \" height=\"1496\" width=\"1266\" class=\"\" src=\"https:\/\/cloudfront-us-east-1.images.arcpublishing.com\/infobae\/DDGUM4EZX5CEVJ5ZMYI52YJIDA.png\" srcset=\"https:\/\/www.infobae.com\/new-resizer\/GPqrTz9JkU-9pEoAySkPX7EdFNY=\/420x560\/filters:format(webp):quality(85)\/cloudfront-us-east-1.images.arcpublishing.com\/infobae\/DDGUM4EZX5CEVJ5ZMYI52YJIDA.png 420w,https:\/\/www.infobae.com\/new-resizer\/StG5j_oUhX9bHbSCXngZwgiTMdY=\/768x1024\/filters:format(webp):quality(85)\/cloudfront-us-east-1.images.arcpublishing.com\/infobae\/DDGUM4EZX5CEVJ5ZMYI52YJIDA.png 768w,https:\/\/www.infobae.com\/new-resizer\/Ww_XPjQp41xuaS6hv1qO5JYzwNY=\/992x1323\/filters:format(webp):quality(85)\/cloudfront-us-east-1.images.arcpublishing.com\/infobae\/DDGUM4EZX5CEVJ5ZMYI52YJIDA.png 992w,https:\/\/www.infobae.com\/new-resizer\/OxZWR9gKwKJMd2ByreQWBl10G4Q=\/1200x1600\/filters:format(webp):quality(85)\/cloudfront-us-east-1.images.arcpublishing.com\/infobae\/DDGUM4EZX5CEVJ5ZMYI52YJIDA.png 1200w\" loading=\"lazy\" \/><figcaption class=\"\">Robert de Niro y su pareja, Tiffany Chen, disfrutaron y saborearon cada plato del &#8220;men\u00fa impagable&#8221; dise\u00f1ado en Madrid para ellos por cinco de los mejores cocineros del mundo, entre ellos, el argentino Mauro Colagreco <\/figcaption><\/div>\n<p class=\"paragraph\"><b>&#8211; Le cocin\u00f3 a Robert de Niro un men\u00fa de 16 platos junto a gigantes como Joan Roca, Quique Dacosta, Jos\u00e9 Andr\u00e9s y Mart\u00edn Berasategui. \u00bfC\u00f3mo fue esa experiencia? \u00bfQueda alg\u00fan comensal en la lista de pendientes?<\/b><\/p>\n<p class=\"paragraph\"><b>&#8211; <\/b>Cocinar para <b>Robert<\/b> fue hermoso porque crec\u00ed viendo sus movies. He tenido la suerte de cocinarle a much\u00edsimos artistas y a algunos presidentes, aunque <b>me hubiera gustado cocinarle a Obama.<\/b><\/p>\n<p class=\"paragraph\"><i><b>Fotos: Instagram<\/b><\/i><\/p>\n<p class=\"paragraph\"><b>SEGUIR LEYENDO:<\/b><\/p>\n<div class=\"text-element\"><a target=\"_blank\" href=\"https:\/\/www.infobae.com\/america\/tendencias-america\/2022\/05\/14\/leonor-espinosa-la-chef-colombiana-que-hace-politica-social-desde-la-cocina-de-uno-de-los-mejores-restaurantes-del-mundo\/\" rel=\"noopener\"><b>Leonor Espinosa, la chef colombiana que hace pol\u00edtica social desde la cocina de uno de los mejores restaurantes del mundo<\/b><\/a><\/div>\n<div class=\"text-element\"><a target=\"_blank\" href=\"https:\/\/www.infobae.com\/tendencias\/2022\/05\/07\/francis-mallmann-la-innovacion-como-pensamiento-general-en-la-cocina-no-es-algo-bueno\/\" rel=\"noopener\"><b>Francis Mallmann: \u201cLa innovaci\u00f3n como pensamiento general en la cocina no es algo bueno\u201d<\/b><\/a><\/div>\n<div class=\"text-element\"><a target=\"_blank\" href=\"https:\/\/www.infobae.com\/tendencias\/2022\/04\/12\/una-parrilla-argentina-ingreso-en-el-top-3-de-los-mejores-restaurantes-de-carnes-del-mundo\/\" rel=\"noopener\"><b>Una parrilla argentina ingres\u00f3 en el top 3 de los mejores restaurantes de carnes del mundo<\/b><\/a><\/div>\n<\/div>\n<p>!operate(f,b,e,v,n,t,s) {if(f.fbq)return;n=f.fbq=operate(){n.callMethod? n.callMethod.apply(n,arguments):n.queue.push(arguments)}; if(!f._fbq)f._fbq=n;n.push=n;n.loaded=!0;n.model=&#8217;2.0&#8242;; n.queue=[];t=b.createElement(e);t.async=!0; t.src=v;s=b.getElementsByTagName(e)[0]; s.parentNode.insertBefore(t,s)}(window, doc,&#8217;script&#8217;, &#8216;https:\/\/join.fb.web\/en_US\/fbevents.js&#8217;); fbq(&#8216;init&#8217;, &#8216;336383993555320&#8217;); fbq(&#8216;monitor&#8217;, &#8216;PageView&#8217;); fbq(&#8216;monitor&#8217;, &#8216;ViewContent&#8217;);<br \/>\n<br \/><\/p>\n<p><em> \u2018 The preceding article may include information circulated by third parties \u2019 <\/em><\/p>\n<p><em> \u2018 Some details of this article were extracted from the following source www.infobae.com \u2019 <\/em><\/p>\n","protected":false},"excerpt":{"rendered":"<p>Est\u00e1 al mando de 20 restaurantes alrededor del mundo y su filosof\u00eda es administrar un proyecto gastron\u00f3mico transformador y potenciador de su entorno Est\u00e1 al mando de 20 restaurantes alrededor del mundo y su filosof\u00eda es administrar un proyecto gastron\u00f3mico transformador y potenciador de su entorno. A Mauro Colagreco le apasiona nutrir y nutrirse de [&hellip;]<\/p>\n","protected":false},"author":2,"featured_media":323554,"comment_status":"open","ping_status":"closed","sticky":false,"template":"","format":"standard","meta":{"om_disable_all_campaigns":false,"jnews-multi-image_gallery":[],"jnews_single_post":[],"jnews_primary_category":[],"jnews_social_meta":[],"footnotes":""},"categories":[43],"tags":[],"class_list":["post-323553","post","type-post","status-publish","format-standard","has-post-thumbnail","hentry","category-gourmet"],"_links":{"self":[{"href":"https:\/\/dimensionturistica.com\/es\/wp-json\/wp\/v2\/posts\/323553","targetHints":{"allow":["GET"]}}],"collection":[{"href":"https:\/\/dimensionturistica.com\/es\/wp-json\/wp\/v2\/posts"}],"about":[{"href":"https:\/\/dimensionturistica.com\/es\/wp-json\/wp\/v2\/types\/post"}],"author":[{"embeddable":true,"href":"https:\/\/dimensionturistica.com\/es\/wp-json\/wp\/v2\/users\/2"}],"replies":[{"embeddable":true,"href":"https:\/\/dimensionturistica.com\/es\/wp-json\/wp\/v2\/comments?post=323553"}],"version-history":[{"count":0,"href":"https:\/\/dimensionturistica.com\/es\/wp-json\/wp\/v2\/posts\/323553\/revisions"}],"wp:featuredmedia":[{"embeddable":true,"href":"https:\/\/dimensionturistica.com\/es\/wp-json\/wp\/v2\/media\/323554"}],"wp:attachment":[{"href":"https:\/\/dimensionturistica.com\/es\/wp-json\/wp\/v2\/media?parent=323553"}],"wp:term":[{"taxonomy":"category","embeddable":true,"href":"https:\/\/dimensionturistica.com\/es\/wp-json\/wp\/v2\/categories?post=323553"},{"taxonomy":"post_tag","embeddable":true,"href":"https:\/\/dimensionturistica.com\/es\/wp-json\/wp\/v2\/tags?post=323553"}],"curies":[{"name":"wp","href":"https:\/\/api.w.org\/{rel}","templated":true}]}}