{"id":323524,"date":"2022-05-28T23:32:15","date_gmt":"2022-05-28T23:32:15","guid":{"rendered":"https:\/\/dimensionturistica.com\/es\/?p=323524"},"modified":"2022-05-28T23:32:16","modified_gmt":"2022-05-28T23:32:16","slug":"la-hija-del-candidato-del-pan-a-gubernatura-de-tamaulipas-el-truko-presume-viajes-por-el-mundo","status":"publish","type":"post","link":"https:\/\/dimensionturistica.com\/es\/la-hija-del-candidato-del-pan-a-gubernatura-de-tamaulipas-el-truko-presume-viajes-por-el-mundo\/","title":{"rendered":"La hija del candidato del PAN a gubernatura de Tamaulipas, &#8220;El Truko&#8221;, presume viajes por el mundo"},"content":{"rendered":"<p> <br \/>\n<\/p>\n<div id=\"cuerpo-nota\">\n<p>CIUDAD DE M\u00c9XICO (proceso).- Martha Guadalupe Ver\u00e1stegui Aranda, hija del candidato del PAN a la gubernatura de Tamaulipas, Cesar Ver\u00e1stegui, se ha dado una gran vida con paseos alrededor del mundo, como se ve en fotos que ha publicado en redes sociales.<\/p>\n<p>La joven ha sido trabajadora del Gobierno del Estado como Encargada Administradora de la Direcci\u00f3n Basic de Giras, en tiempos en que su padre, conocido como Truko, ahora abanderado de la Coalici\u00f3n Va por Tamaulipas, period Secretario Basic de Gobierno en el precise sexenio estatal.<\/p>\n<aside class=\"relacionadas con-foto\">\n<h5>Noticias Relacionadas<\/h5>\n<\/aside>\n<p>En diversas fotos que ha posteado en redes sociales, se le ve Martha en reconocidos parajes tur\u00edsticos de renombre internacional.<\/p>\n<p>En Suiza, muestra foto en un espectacular ba\u00f1o sauna descubierto, en el Spa del Lodge B\u00fcrgenstock, en la monta\u00f1a del mismo nombre, con tarifa de 31 mil pesos la noche.<\/p>\n<p>Posa frente a la torre Eiffel, de Par\u00eds. Martha aparece junto a unas dunas en el desierto de Dubai, con un turbante y con lentes oscuros. En otra imagen aparece en Los Alpes suizos, con gorra de invierno, lentes oscuros y llamativa chamarra amarilla.<\/p>\n<p>En Suiza, que parece ser uno de sus destinos favoritos, se le ve en una calle de la elegante ciudad Zurich, con un abrigo de lo que parece ser piel. En un punto identificado como Beijing, China, se ve sentada en una estructura que parece formar parte de la Gran Muralla China.<\/p>\n<p>Una fotograf\u00eda la muestra caminando despreocupada en el inside del templo budista Senso- ji, de Asakusa, en Tokio, Jap\u00f3n. Una imagen capta a la hija del Truko mientras toma una copa frente al mundialmente conocido edificio de la \u00d3pera de S\u00eddney, Australia.<\/p>\n<p>La estructura The Vessel, en Manhattan, Nueva York, se encuentra a sus espaldas, en otra gr\u00e1fica. Martha tambi\u00e9n se exhibe al pie de las Torres Petronas de Kuala Lumpur, en Malasia, que alguna vez fueron el edificio m\u00e1s alto del planeta.\n<\/p>\n<p>Como se ve en una de las fotograf\u00edas, estuvo en el museo Louvre Abu Dabi, en el distrito cultural de la isla Saadiyat, de Emiratos \u00c1rabes Unidos. Pas\u00f3, tambi\u00e9n, Martha Ver\u00e1stegui por el Santuario de Elefantes Chiang Mai, de Tailandia, donde se le ve entretenida junto a dos paquidermos.\n<\/p>\n<p>En Cob\u00e1, Quintana Roo posa en bikini, y tambi\u00e9n, navega en otra estampa publicada, sobre una lancha en alg\u00fan punto del Bosque Tropical Amazonas, que abarca Brasil, Per\u00fa y Colombia.\n<\/p>\n<p>Adem\u00e1s de haber trabajado en giras en este gobierno de Francisco Garc\u00eda Cabeza de Vaca, documentos muestran que Martha Ver\u00e1stegui tambi\u00e9n estuvo en otra posici\u00f3n descrita como Directora de Relaciones P\u00fablicas en la Direcci\u00f3n Basic de Relaciones P\u00fablicas, Compromiso y Atenci\u00f3n Ciudadana, con sueldo mensual bruto de 12 mil 253 pesos.\n<\/p>\n<\/div>\n<p>      window.fbAsyncInit = operate() {<br \/>\n        FB.init({<br \/>\n          appId      : &#8216;{785979025297911}&#8217;,<br \/>\n          standing     : true,<br \/>\n\t\t  model:  &#8216;v2.7&#8217;,<br \/>\n          xfbml      : true<br \/>\n        });<br \/>\nFB.Occasion.subscribe(&#8216;remark.create&#8217;, operate (response) {grabacom_compa(286660)});<br \/>\nFB.Occasion.subscribe(&#8216;remark.take away&#8217;,  operate (response) {grabacom_compa(286660)});<br \/>\nFB.Occasion.subscribe(&#8216;edge.create&#8217;,  operate (response) {grabacom_compa(286660)});<br \/>\nFB.Occasion.subscribe(&#8216;edge.take away&#8217;,  operate (response) {grabacom_compa(286660)});<br \/>\n      };<\/p>\n<p>(operate(d, s, id) {<br \/>\n  var js, fjs = d.getElementsByTagName(s)[0];<br \/>\n  if (d.getElementById(id)) return;<br \/>\n  js = d.createElement(s); js.id = id;<br \/>\n  js.src = &#8220;\/\/connect.facebook.net\/es_LA\/sdk.js#xfbml=1&amp;version=v2.7&amp;appId=785979025297911&#8221;;<br \/>\n  fjs.parentNode.insertBefore(js, fjs);<br \/>\n}(doc, &#8216;script&#8217;, &#8216;facebook-jssdk&#8217;));<\/p>\n\n<p><em> &#8221; Fuentes www.proceso.com.mx &#8221; <\/em><\/p>\n","protected":false},"excerpt":{"rendered":"<p>CIUDAD DE M\u00c9XICO (proceso).- Martha Guadalupe Ver\u00e1stegui Aranda, hija del candidato del PAN a la gubernatura de Tamaulipas, Cesar Ver\u00e1stegui, se ha dado una gran vida con paseos alrededor del mundo, como se ve en fotos que ha publicado en redes sociales. La joven ha sido trabajadora del Gobierno del Estado como Encargada Administradora de [&hellip;]<\/p>\n","protected":false},"author":4,"featured_media":323525,"comment_status":"open","ping_status":"closed","sticky":false,"template":"","format":"standard","meta":{"om_disable_all_campaigns":false,"jnews-multi-image_gallery":[],"jnews_single_post":[],"jnews_primary_category":[],"jnews_social_meta":[],"footnotes":""},"categories":[39],"tags":[2221,1165],"class_list":["post-323524","post","type-post","status-publish","format-standard","has-post-thumbnail","hentry","category-viajes","tag-pan","tag-tamaulipas"],"_links":{"self":[{"href":"https:\/\/dimensionturistica.com\/es\/wp-json\/wp\/v2\/posts\/323524","targetHints":{"allow":["GET"]}}],"collection":[{"href":"https:\/\/dimensionturistica.com\/es\/wp-json\/wp\/v2\/posts"}],"about":[{"href":"https:\/\/dimensionturistica.com\/es\/wp-json\/wp\/v2\/types\/post"}],"author":[{"embeddable":true,"href":"https:\/\/dimensionturistica.com\/es\/wp-json\/wp\/v2\/users\/4"}],"replies":[{"embeddable":true,"href":"https:\/\/dimensionturistica.com\/es\/wp-json\/wp\/v2\/comments?post=323524"}],"version-history":[{"count":0,"href":"https:\/\/dimensionturistica.com\/es\/wp-json\/wp\/v2\/posts\/323524\/revisions"}],"wp:featuredmedia":[{"embeddable":true,"href":"https:\/\/dimensionturistica.com\/es\/wp-json\/wp\/v2\/media\/323525"}],"wp:attachment":[{"href":"https:\/\/dimensionturistica.com\/es\/wp-json\/wp\/v2\/media?parent=323524"}],"wp:term":[{"taxonomy":"category","embeddable":true,"href":"https:\/\/dimensionturistica.com\/es\/wp-json\/wp\/v2\/categories?post=323524"},{"taxonomy":"post_tag","embeddable":true,"href":"https:\/\/dimensionturistica.com\/es\/wp-json\/wp\/v2\/tags?post=323524"}],"curies":[{"name":"wp","href":"https:\/\/api.w.org\/{rel}","templated":true}]}}