{"id":323166,"date":"2022-05-28T00:54:26","date_gmt":"2022-05-28T00:54:26","guid":{"rendered":"https:\/\/dimensionturistica.com\/es\/?p=323166"},"modified":"2022-05-28T00:54:27","modified_gmt":"2022-05-28T00:54:27","slug":"los-mejores-rastros-en-alicante-para-un-plan-dominguero","status":"publish","type":"post","link":"https:\/\/dimensionturistica.com\/es\/los-mejores-rastros-en-alicante-para-un-plan-dominguero\/","title":{"rendered":"Los mejores rastros en Alicante para un \u201cplan dominguero\u201d"},"content":{"rendered":"<p> <br \/>\n<\/p>\n<div id=\"articlebody\">\n<p>Si eres alicantino lo sabes\u2026 es domingo de rastro. Y si no, prep\u00e1rate para visitar verdaderos templos con art\u00edculos <strong>perfectos para los amantes de las antig\u00fcedades<\/strong>, de los curiosos y de los que les encanta que haya un poco de todo.<\/p>\n<p>En Alicante, de hecho, <strong>se encuentran instalados al aire libre y se celebran en su mayor\u00eda los domingos<\/strong>, donde se venden una gran diversidad de objetos que van desde la decoraci\u00f3n classic a los cromos o monedas de colecci\u00f3n.<\/p>\n<p>As\u00ed que si est\u00e1s pensando que hacer este domingo\u2026 aqu\u00ed lo tienes f\u00e1cil.<\/p>\n<h2>1. Rastro de La Nuc\u00eda<\/h2>\n<p>Es, sin duda, uno de los m\u00e1s populares de todo Alicante y lo podemos encontrar e<strong>n el Pol\u00edgono Industrial La Alberca de La Nuc\u00eda.<\/strong> Tiene un horario de apertura que abarca desde las 8.00 a las 15.00 y es exclusivamente los domingos.<\/p>\n<blockquote class=\"instagram-media\" data-instgrm-permalink=\"https:\/\/www.instagram.com\/p\/CNhvXceFRlo\/?utm_source=ig_embed&amp;utm_campaign=loading\" data-instgrm-version=\"14\" style=\"background:#FFF;border:0;border-radius:3px;margin: 1px;max-width:540px;min-width:326px;padding:0;width:99.375%;width:-webkit-calc(100% - 2px);width:calc(100% - 2px)\">\n<\/blockquote>\n<p>Tal es su fama que <strong>se ha mantenido abierto durante m\u00e1s de 30 a\u00f1os<\/strong> y se ha convertido en uno de los principales reclamos tur\u00edsticos de la provincia. \u00bfPor qu\u00e9? Porque se trata de uno de los rastros m\u00e1s grandes de toda la provincia de Alicante, con m\u00e1s de 700 puestos.<\/p>\n<h2>2. Rastro de Polop<\/h2>\n<p>Se ha convertido en una verdadera atracci\u00f3n tur\u00edstica con diez a\u00f1os de historia. Para encontrarlo deber\u00e1s acudir hasta el <strong>Pol\u00edgono Industrial Pl\u00e0 de Polop<\/strong>, donde nos encontramos cerca de 400 puestos en los que hay desde artesan\u00eda, hasta antig\u00fcedades u objetos curiosos. Su horario de apertura son los <strong>domingos de 8.00 a 14.00 horas.<\/strong><\/p>\n<p><img decoding=\"async\" src=\"https:\/\/img1.viajar.elperiodico.com\/41\/1d\/e7\/rastros-plan-dominguero-650x427.jpg\" alt=\"\" \/><\/p>\n<h2>3. Mercadillos en Guardamar del Segura<\/h2>\n<p>Nos situamos ahora en Guardamar del Segura en busca de otros de los rastros m\u00e1s conocidos de la provincia en los que disfrutar de un domingo. Uno de ellos lo podemos encontrar en la carretera N-332, mientras que el otro lo encontramos en el conocido como <strong>\u201cEl Campico\u201d.<\/strong><\/p>\n<p><img decoding=\"async\" src=\"https:\/\/img1.viajar.elperiodico.com\/a2\/31\/bb\/rastros-plan-dominguero-650x432.jpg\" alt=\"Rastros para un plan Dominguero\" \/><\/p>\n<p>Los dos merecen una visita dominguera y est\u00e1n abiertos <strong>de 9 de la ma\u00f1ana hasta las 14.00 horas.<\/strong> Estos, en especial, son verdaderamente interesantes para aquellos que buscan antig\u00fcedades, ropa y utensilios nuevos y de segunda mano.<\/p>\n<h2>4. Rastro de El Verger<\/h2>\n<p>Abre cada domingo del a\u00f1o <strong>de 9.00 a 14.00 horas y es conocido por ser otro de los m\u00e1s grandes.<\/strong> Lo encontramos a la salida de El Verger hacia el norte, donde podemos encontrar cerca de 350 puestos con una gran variedad de productos.<\/p>\n<h2>5. Rastro Mercadillo de Benimagrell<\/h2>\n<p>Nos vamos hasta el rastro de Benimagrell, ubicado <strong>en la Avenida Miguel Hern\u00e1ndez<\/strong>, para encontrar otro de los encantadores rastros de la provincia de Alicante. Este tiene un horario un poco diferente: abre desde las 8.00 horas hasta el mediod\u00eda.<\/p>\n<p><img decoding=\"async\" src=\"https:\/\/img3.viajar.elperiodico.com\/05\/13\/6d\/rastros-plan-dominguero-650x436.jpg\" alt=\"\" \/><\/p>\n<p>Este mercadillo est\u00e1 dedicado a la venta de electr\u00f3nica, textil, calzado y alimentaci\u00f3n. Y cuenta con un bar de tapas caseras y con el distintivo que les hace \u00fanicos: conciertos en directo los primeros domingos de cada mes.<\/p>\n<\/p><\/div>\n\n<p><em> &#8221; Fuentes viajar.elperiodico.com &#8221; <\/em><\/p>\n","protected":false},"excerpt":{"rendered":"<p>Si eres alicantino lo sabes\u2026 es domingo de rastro. Y si no, prep\u00e1rate para visitar verdaderos templos con art\u00edculos perfectos para los amantes de las antig\u00fcedades, de los curiosos y de los que les encanta que haya un poco de todo. En Alicante, de hecho, se encuentran instalados al aire libre y se celebran en [&hellip;]<\/p>\n","protected":false},"author":4,"featured_media":323167,"comment_status":"open","ping_status":"closed","sticky":false,"template":"","format":"standard","meta":{"om_disable_all_campaigns":false,"jnews-multi-image_gallery":[],"jnews_single_post":[],"jnews_primary_category":[],"jnews_social_meta":[],"footnotes":""},"categories":[39],"tags":[6178,3005,46296,46297],"class_list":["post-323166","post","type-post","status-publish","format-standard","has-post-thumbnail","hentry","category-viajes","tag-alicante","tag-comunidad-valenciana","tag-rastros","tag-rastros-alicante"],"_links":{"self":[{"href":"https:\/\/dimensionturistica.com\/es\/wp-json\/wp\/v2\/posts\/323166","targetHints":{"allow":["GET"]}}],"collection":[{"href":"https:\/\/dimensionturistica.com\/es\/wp-json\/wp\/v2\/posts"}],"about":[{"href":"https:\/\/dimensionturistica.com\/es\/wp-json\/wp\/v2\/types\/post"}],"author":[{"embeddable":true,"href":"https:\/\/dimensionturistica.com\/es\/wp-json\/wp\/v2\/users\/4"}],"replies":[{"embeddable":true,"href":"https:\/\/dimensionturistica.com\/es\/wp-json\/wp\/v2\/comments?post=323166"}],"version-history":[{"count":0,"href":"https:\/\/dimensionturistica.com\/es\/wp-json\/wp\/v2\/posts\/323166\/revisions"}],"wp:featuredmedia":[{"embeddable":true,"href":"https:\/\/dimensionturistica.com\/es\/wp-json\/wp\/v2\/media\/323167"}],"wp:attachment":[{"href":"https:\/\/dimensionturistica.com\/es\/wp-json\/wp\/v2\/media?parent=323166"}],"wp:term":[{"taxonomy":"category","embeddable":true,"href":"https:\/\/dimensionturistica.com\/es\/wp-json\/wp\/v2\/categories?post=323166"},{"taxonomy":"post_tag","embeddable":true,"href":"https:\/\/dimensionturistica.com\/es\/wp-json\/wp\/v2\/tags?post=323166"}],"curies":[{"name":"wp","href":"https:\/\/api.w.org\/{rel}","templated":true}]}}