{"id":323098,"date":"2022-05-27T23:27:55","date_gmt":"2022-05-27T23:27:55","guid":{"rendered":"https:\/\/dimensionturistica.com\/es\/?p=323098"},"modified":"2022-05-27T23:27:56","modified_gmt":"2022-05-27T23:27:56","slug":"covid-y-la-nueva-normalidad-de-los-viajes-destinos","status":"publish","type":"post","link":"https:\/\/dimensionturistica.com\/es\/covid-y-la-nueva-normalidad-de-los-viajes-destinos\/","title":{"rendered":"COVID y la nueva normalidad de los viajes &#8211; Destinos"},"content":{"rendered":"<p> <br \/>\n<\/p>\n<div>\n<ol class=\"breadcrumb\">\n<li><a rel=\"nofollow noopener\" target=\"_blank\" href=\"https:\/\/contactonews.co\">Inicio<\/a><\/li>\n<li><a rel=\"nofollow noopener\" target=\"_blank\" href=\"https:\/\/contactonews.co\/destinos\">Destinos<\/a><\/li>\n<li class=\"active\">COVID y la nueva normalidad de los viajes <\/li>\n<\/ol>\n<p class=\"article-blurb\">La nueva normalidad y los viajes en estos d\u00edas todav\u00eda se encuentran vinculados al COVID pues persiste el riesgo de contraerlo estando en el exterior aunque los s\u00edntomas sean leves o incluso asintom\u00e1ticos.&#013;\n<\/p>\n<p>                              <span class=\"pb-byline author\">Por <a rel=\"nofollow noopener\" target=\"_blank\" href=\"https:\/\/contactonews.co\/autor\/contacto-editorial\"><span>Contacto Editorial<\/span><\/a> | <\/span><br \/>\n                                <span class=\"publish-date\">27 de mayo de 2022<\/span><\/p>\n<figure>\n    <img decoding=\"async\" src=\"https:\/\/contactonews.co\/storage\/images\/thumb-large-aeropuerto-pasajero-pandemia-covid-750x530.jpeg\" alt=\"COVID y la nueva normalidad de los viajes \" \/><br \/>\n        <\/figure>\n<\/p><\/div>\n<div>\n<p>Considerando esa posibilidad, que tambi\u00e9n l\u00f3gicamente incluye la necesidad de alg\u00fan cambio en los planes de viaje, se recomienda que los viajeros cuenten con planes de respaldo especialmente si las circunstancias obligan a permanecer m\u00e1s tiempo del planeado en alg\u00fan destino.<\/p>\n<p>Igualmente se debe tener en cuenta que una prueba de PCR puede seguir dando positivo durante semanas despu\u00e9s de una infecci\u00f3n por lo que se debe considerar un tiempo suficiente para la recuperaci\u00f3n whole antes de emprender un viaje. En estos casos y estando en el extranjero es posible que se tenga que obtener documentos m\u00e9dicos o de autoridades sanitarias que indiquen y confirmen la recuperaci\u00f3n.<\/p>\n<p>Contar con un seguro m\u00e9dico que cubra los costos provocados eventualmente por COVID es esencial. El sentido com\u00fan y elementales medidas de precauci\u00f3n como la continuidad del uso de tapabocas en lugares muy concurridos y cerrados tambi\u00e9n son muy importantes.<\/p>\n<p class=\"subscription-phrase\">Para leer las principales noticias tur\u00edsticas de la semana, suscribite a nuestro <a rel=\"nofollow noopener\" target=\"_blank\" href=\"#\" data-open=\"subscriptionModal\">newsletter de los viernes.<\/a><\/p>\n<\/p><\/div>\n\n<p><em> &#8221; Fuentes contactonews.co &#8221; <\/em><\/p>\n","protected":false},"excerpt":{"rendered":"<p>Inicio Destinos COVID y la nueva normalidad de los viajes La nueva normalidad y los viajes en estos d\u00edas todav\u00eda se encuentran vinculados al COVID pues persiste el riesgo de contraerlo estando en el exterior aunque los s\u00edntomas sean leves o incluso asintom\u00e1ticos.&#013; Por Contacto Editorial | 27 de mayo de 2022 Considerando esa posibilidad, [&hellip;]<\/p>\n","protected":false},"author":4,"featured_media":323099,"comment_status":"open","ping_status":"closed","sticky":false,"template":"","format":"standard","meta":{"om_disable_all_campaigns":false,"jnews-multi-image_gallery":[],"jnews_single_post":[],"jnews_primary_category":[],"jnews_social_meta":[],"footnotes":""},"categories":[39],"tags":[55],"class_list":["post-323098","post","type-post","status-publish","format-standard","has-post-thumbnail","hentry","category-viajes","tag-coronavirus"],"_links":{"self":[{"href":"https:\/\/dimensionturistica.com\/es\/wp-json\/wp\/v2\/posts\/323098","targetHints":{"allow":["GET"]}}],"collection":[{"href":"https:\/\/dimensionturistica.com\/es\/wp-json\/wp\/v2\/posts"}],"about":[{"href":"https:\/\/dimensionturistica.com\/es\/wp-json\/wp\/v2\/types\/post"}],"author":[{"embeddable":true,"href":"https:\/\/dimensionturistica.com\/es\/wp-json\/wp\/v2\/users\/4"}],"replies":[{"embeddable":true,"href":"https:\/\/dimensionturistica.com\/es\/wp-json\/wp\/v2\/comments?post=323098"}],"version-history":[{"count":0,"href":"https:\/\/dimensionturistica.com\/es\/wp-json\/wp\/v2\/posts\/323098\/revisions"}],"wp:featuredmedia":[{"embeddable":true,"href":"https:\/\/dimensionturistica.com\/es\/wp-json\/wp\/v2\/media\/323099"}],"wp:attachment":[{"href":"https:\/\/dimensionturistica.com\/es\/wp-json\/wp\/v2\/media?parent=323098"}],"wp:term":[{"taxonomy":"category","embeddable":true,"href":"https:\/\/dimensionturistica.com\/es\/wp-json\/wp\/v2\/categories?post=323098"},{"taxonomy":"post_tag","embeddable":true,"href":"https:\/\/dimensionturistica.com\/es\/wp-json\/wp\/v2\/tags?post=323098"}],"curies":[{"name":"wp","href":"https:\/\/api.w.org\/{rel}","templated":true}]}}