{"id":323063,"date":"2022-05-27T19:35:16","date_gmt":"2022-05-27T19:35:16","guid":{"rendered":"https:\/\/dimensionturistica.com\/es\/?p=323063"},"modified":"2022-05-27T19:35:16","modified_gmt":"2022-05-27T19:35:16","slug":"foodi-se-prepara-para-abordar-los-principales-retos-que-afectaran-al-sector-alimentario-en-los-proximos-anos","status":"publish","type":"post","link":"https:\/\/dimensionturistica.com\/es\/foodi-se-prepara-para-abordar-los-principales-retos-que-afectaran-al-sector-alimentario-en-los-proximos-anos\/","title":{"rendered":"FOOD+i se prepara para abordar los principales retos que afectar\u00e1n al sector alimentario en los pr\u00f3ximos a\u00f1os"},"content":{"rendered":"<p> <br \/>\n<\/p>\n<div id=\"part3263333\">\n<p><a target=\"_blank\" href=\"https:\/\/www.clusterfoodmasi.es\/\" rel=\"noopener\">FOOD+i<\/a>, cl\u00faster alimentario del Valle del Ebro, celebr\u00f3 el 26 de mayo su encuentro anual de socios en las instalaciones del museo Wurth en Logro\u00f1o donde, adem\u00e1s, se present\u00f3 la nueva Junta Directiva.<\/p>\n<p>La nueva Junta Directiva, que dirigir\u00e1 la estrategia de la organizaci\u00f3n innovadora durante los pr\u00f3ximos cuatro a\u00f1os, est\u00e1 presidida por la empresa riojana Matadero Jos\u00e9 Calatayud y se completa con representantes de Grupo Alimentario Argal, Ctic Cita, Grupo Palacios Alimentaci\u00f3n, Tecnalia Analysis &amp; Innovation, The Actual Inexperienced Meals, Borges, Sanygran, Udapa, Ingredalia y Zyrcular Meals.<\/p>\n<\/div>\n<div id=\"part3263331\">\n<p>Empresas l\u00edderes del sector alimentario con sede en las comunidades del Valle del Ebro (Catalu\u00f1a, Arag\u00f3n, Navarra, La Rioja, y Pa\u00eds Vasco) se reunieron en Logro\u00f1o para debatir los principales retos que afectan al sector y visualizar nuevos campos de oportunidad de colaboraci\u00f3n.<\/p>\n<\/div>\n<div id=\"part3263332\">\n<p>Esta nueva legislatura fue presentada y aprobada por la Asamblea Basic de socios de Cl\u00faster FOOD+i, y tiene como objetivo continuar avanzando en la creaci\u00f3n y dinamizaci\u00f3n de una purple empresarial de primer nivel dentro del sector alimentario, para liderar la innovaci\u00f3n y la apertura de nuevos mercados con el fin de mejorar la competitividad de las empresas alimentarias del Valle del Ebro.<\/p>\n<p>Durante la jornada, se celebr\u00f3 tambi\u00e9n una nueva edici\u00f3n del Innobusiness Assembly Level, en el que Cluster FOOD+i rueni\u00f3 a sus socios y otras entidades invitadas para debatir los principales retos que afectan al sector y que se ver\u00e1n reflejados en el nuevo plan estrat\u00e9gico de la organizaci\u00f3n 22-26. Adem\u00e1s, las empresas trabajan conjuntamente en visualizar nuevos campos de oportunidad conjunta. Es una jornada donde se favorece la interconexi\u00f3n y se generan espacios de reflexi\u00f3n a trav\u00e9s de ponencias inspiracionales.<\/p>\n<p>Cl\u00faster FOOD+i es una entidad privada, sin \u00e1nimo de lucro, que aglutina a empresas, instituciones, centros tecnol\u00f3gicos y de investigaci\u00f3n referentes del Valle del Ebro que tiene como objetivo fomentar la competitividad y el desarrollo del sector agroalimentario a trav\u00e9s de la cooperaci\u00f3n y la innovaci\u00f3n. Actualmente, Cl\u00faster FOOD+i cuenta con 110 miembros asociados a trav\u00e9s de los cuales moviliza una cartera de 17 proyectos de I+D+i aprobados de 34,22 millones de euros a nivel nacional y europeo.<\/p>\n<\/div>\n\n<p><em> \u2018 The preceding article may include information circulated by third parties \u2019 <\/em><\/p>\n<p><em> \u2018 Some details of this article were extracted from the following source www.interempresas.net \u2019 <\/em><\/p>\n","protected":false},"excerpt":{"rendered":"<p>FOOD+i, cl\u00faster alimentario del Valle del Ebro, celebr\u00f3 el 26 de mayo su encuentro anual de socios en las instalaciones del museo Wurth en Logro\u00f1o donde, adem\u00e1s, se present\u00f3 la nueva Junta Directiva. La nueva Junta Directiva, que dirigir\u00e1 la estrategia de la organizaci\u00f3n innovadora durante los pr\u00f3ximos cuatro a\u00f1os, est\u00e1 presidida por la empresa [&hellip;]<\/p>\n","protected":false},"author":2,"featured_media":323064,"comment_status":"open","ping_status":"closed","sticky":false,"template":"","format":"standard","meta":{"om_disable_all_campaigns":false,"jnews-multi-image_gallery":[],"jnews_single_post":[],"jnews_primary_category":[],"jnews_social_meta":[],"footnotes":""},"categories":[43],"tags":[],"class_list":["post-323063","post","type-post","status-publish","format-standard","has-post-thumbnail","hentry","category-gourmet"],"_links":{"self":[{"href":"https:\/\/dimensionturistica.com\/es\/wp-json\/wp\/v2\/posts\/323063","targetHints":{"allow":["GET"]}}],"collection":[{"href":"https:\/\/dimensionturistica.com\/es\/wp-json\/wp\/v2\/posts"}],"about":[{"href":"https:\/\/dimensionturistica.com\/es\/wp-json\/wp\/v2\/types\/post"}],"author":[{"embeddable":true,"href":"https:\/\/dimensionturistica.com\/es\/wp-json\/wp\/v2\/users\/2"}],"replies":[{"embeddable":true,"href":"https:\/\/dimensionturistica.com\/es\/wp-json\/wp\/v2\/comments?post=323063"}],"version-history":[{"count":0,"href":"https:\/\/dimensionturistica.com\/es\/wp-json\/wp\/v2\/posts\/323063\/revisions"}],"wp:featuredmedia":[{"embeddable":true,"href":"https:\/\/dimensionturistica.com\/es\/wp-json\/wp\/v2\/media\/323064"}],"wp:attachment":[{"href":"https:\/\/dimensionturistica.com\/es\/wp-json\/wp\/v2\/media?parent=323063"}],"wp:term":[{"taxonomy":"category","embeddable":true,"href":"https:\/\/dimensionturistica.com\/es\/wp-json\/wp\/v2\/categories?post=323063"},{"taxonomy":"post_tag","embeddable":true,"href":"https:\/\/dimensionturistica.com\/es\/wp-json\/wp\/v2\/tags?post=323063"}],"curies":[{"name":"wp","href":"https:\/\/api.w.org\/{rel}","templated":true}]}}