{"id":322972,"date":"2022-05-27T14:47:42","date_gmt":"2022-05-27T14:47:42","guid":{"rendered":"https:\/\/dimensionturistica.com\/es\/?p=322972"},"modified":"2022-05-27T14:49:08","modified_gmt":"2022-05-27T14:49:08","slug":"el-caribe-mexicano-presente-en-la-edicion-46o-del-tianguis-turistico-acapulco-guerrero-2022","status":"publish","type":"post","link":"https:\/\/dimensionturistica.com\/es\/el-caribe-mexicano-presente-en-la-edicion-46o-del-tianguis-turistico-acapulco-guerrero-2022\/","title":{"rendered":"El Caribe Mexicano presente en la Edici\u00f3n 46o del Tianguis Tur\u00edstico, Acapulco, Guerrero 2022"},"content":{"rendered":"<p>El Caribe Mexicano estar\u00e1 presente en el Tianguis Tur\u00edstico M\u00e9xico 2022, en su edici\u00f3n 46 celebrada en Acapulco, Guerrero del 22 al 25 de mayo, en el que participan representaciones de los 32 estados de la Rep\u00fablica, asistentes de m\u00e1s de 70 pa\u00edses, 600 expositores y 700 empresas adem\u00e1s de tour operadores, representantes de aerol\u00edneas, agencias de viaje y prensa especializada.<br \/>\n\u201cEl Tianguis Tur\u00edstico es el escenario perfecto para continuar consolidando el Caribe Mexicano hacia una franca recuperaci\u00f3n econ\u00f3mica, mostrando la gran oferta tur\u00edstica que poseemos, afianzando nuestra conectividad, pero sobre todo ver una nueva forma de hacer turismo a la par de mantenernos como el destino favorito de Am\u00e9rica Latina\u201d, coment\u00f3 Bernardo Cueto Riestra, secretario de Turismo de Quintana Roo.<img decoding=\"async\" class=\"wp-image-322980 alignright\" src=\"https:\/\/dimensionturistica.com\/es\/wp-content\/uploads\/2022\/05\/unnamed-1-11-300x143.jpg\" alt=\"\" width=\"390\" height=\"186\" srcset=\"https:\/\/dimensionturistica.com\/es\/wp-content\/uploads\/2022\/05\/unnamed-1-11-300x143.jpg 300w, https:\/\/dimensionturistica.com\/es\/wp-content\/uploads\/2022\/05\/unnamed-1-11-1024x489.jpg 1024w, https:\/\/dimensionturistica.com\/es\/wp-content\/uploads\/2022\/05\/unnamed-1-11-768x367.jpg 768w, https:\/\/dimensionturistica.com\/es\/wp-content\/uploads\/2022\/05\/unnamed-1-11-750x358.jpg 750w, https:\/\/dimensionturistica.com\/es\/wp-content\/uploads\/2022\/05\/unnamed-1-11-1140x544.jpg 1140w, https:\/\/dimensionturistica.com\/es\/wp-content\/uploads\/2022\/05\/unnamed-1-11.jpg 1280w\" sizes=\"(max-width: 390px) 100vw, 390px\" \/><br \/>\nEl pabell\u00f3n de del Caribe Mexicano, es uno de los m\u00e1s grandes de la Expo Mundo Imperial con casi 800 m2, y donde se tiene una agenda de negocios de cerca de 2,500 citas en 30 mesas de trabajo y 10 stands para los destinos tur\u00edsticos de Quintana Roo. Como parte de la delegaci\u00f3n del estado, encabezada por el gobernador Carlos Joaqu\u00edn asisten 120 representantes del sector tur\u00edstico de Quintana Roo, el secretario de Turismo estatal, Bernardo Cueto; el director general del Consejo de Promoci\u00f3n Tur\u00edstica del Estado, Dar\u00edo Flota Ocampo, adem\u00e1s de las representaciones municipales.<br \/>\n\u201cConfiamos que la presencia de todos los destinos del Caribe Mexicano en esta edici\u00f3n del Tianguis Tur\u00edstico ayude a consolidar el proceso de recuperaci\u00f3n tur\u00edstica y asegure buenas ocupaciones para la temporada de verano y todo lo que resta del a\u00f1o\u201d, coment\u00f3 el director general del CPTQ, Dar\u00edo Flota Ocampo.<br \/>\nEn cuanto a la agenda de la Secretar\u00eda de Turismo y del Consejo de Promoci\u00f3n Tur\u00edstica de Quintana Roo, est\u00e1 conformada por reuniones de negocios con aerol\u00edneas, tour operadores, diferentes empresarios del sector y con diversas representaciones estatales para continuar la reactivaci\u00f3n tur\u00edstica del Caribe Mexicano, as\u00ed como atenci\u00f3n a medios de comunicaci\u00f3n.<\/p>\n","protected":false},"excerpt":{"rendered":"<p>El Caribe Mexicano estar\u00e1 presente en el Tianguis Tur\u00edstico M\u00e9xico 2022, en su edici\u00f3n 46 celebrada en Acapulco, Guerrero del 22 al 25 de mayo, en el que participan representaciones de los 32 estados de la Rep\u00fablica, asistentes de m\u00e1s de 70 pa\u00edses, 600 expositores y 700 empresas adem\u00e1s de tour operadores, representantes de aerol\u00edneas, [&hellip;]<\/p>\n","protected":false},"author":1,"featured_media":322976,"comment_status":"open","ping_status":"closed","sticky":false,"template":"","format":"standard","meta":{"om_disable_all_campaigns":false,"jnews-multi-image_gallery":[],"jnews_single_post":{"source_name":"","source_url":"","via_name":"","via_url":"","override_template":"0","override":[{"template":"1","single_blog_custom":"","parallax":"1","fullscreen":"1","layout":"right-sidebar","sidebar":"default-sidebar","second_sidebar":"default-sidebar","sticky_sidebar":"1","share_position":"top","share_float_style":"share-monocrhome","show_share_counter":"1","show_view_counter":"1","show_featured":"1","show_post_meta":"1","show_post_author":"1","show_post_author_image":"1","show_post_date":"1","post_date_format":"default","post_date_format_custom":"Y\/m\/d","show_post_category":"1","show_post_reading_time":"0","post_reading_time_wpm":"300","show_zoom_button":"0","zoom_button_out_step":"2","zoom_button_in_step":"3","show_post_tag":"1","show_prev_next_post":"1","show_popup_post":"1","number_popup_post":"1","show_author_box":"0","show_post_related":"0","show_inline_post_related":"0"}],"override_image_size":"0","image_override":[{"single_post_thumbnail_size":"crop-500","single_post_gallery_size":"crop-500"}],"trending_post":"0","trending_post_position":"meta","trending_post_label":"Trending","sponsored_post":"0","sponsored_post_label":"Sponsored by","sponsored_post_name":"","sponsored_post_url":"","sponsored_post_logo_enable":"0","sponsored_post_logo":"","sponsored_post_desc":"","disable_ad":"0"},"jnews_primary_category":{"id":""},"jnews_social_meta":{"fb_title":"","fb_description":"","fb_image":"","twitter_title":"","twitter_description":"","twitter_image":""},"footnotes":""},"categories":[40],"tags":[],"class_list":["post-322972","post","type-post","status-publish","format-standard","has-post-thumbnail","hentry","category-industria"],"_links":{"self":[{"href":"https:\/\/dimensionturistica.com\/es\/wp-json\/wp\/v2\/posts\/322972","targetHints":{"allow":["GET"]}}],"collection":[{"href":"https:\/\/dimensionturistica.com\/es\/wp-json\/wp\/v2\/posts"}],"about":[{"href":"https:\/\/dimensionturistica.com\/es\/wp-json\/wp\/v2\/types\/post"}],"author":[{"embeddable":true,"href":"https:\/\/dimensionturistica.com\/es\/wp-json\/wp\/v2\/users\/1"}],"replies":[{"embeddable":true,"href":"https:\/\/dimensionturistica.com\/es\/wp-json\/wp\/v2\/comments?post=322972"}],"version-history":[{"count":0,"href":"https:\/\/dimensionturistica.com\/es\/wp-json\/wp\/v2\/posts\/322972\/revisions"}],"wp:featuredmedia":[{"embeddable":true,"href":"https:\/\/dimensionturistica.com\/es\/wp-json\/wp\/v2\/media\/322976"}],"wp:attachment":[{"href":"https:\/\/dimensionturistica.com\/es\/wp-json\/wp\/v2\/media?parent=322972"}],"wp:term":[{"taxonomy":"category","embeddable":true,"href":"https:\/\/dimensionturistica.com\/es\/wp-json\/wp\/v2\/categories?post=322972"},{"taxonomy":"post_tag","embeddable":true,"href":"https:\/\/dimensionturistica.com\/es\/wp-json\/wp\/v2\/tags?post=322972"}],"curies":[{"name":"wp","href":"https:\/\/api.w.org\/{rel}","templated":true}]}}