{"id":322923,"date":"2022-05-27T14:25:39","date_gmt":"2022-05-27T14:25:39","guid":{"rendered":"https:\/\/dimensionturistica.com\/es\/?p=322923"},"modified":"2022-05-27T14:25:39","modified_gmt":"2022-05-27T14:25:39","slug":"entre-piratas-y-sedas-conoce-el-fuerte-de-san-diego-en-acapulco","status":"publish","type":"post","link":"https:\/\/dimensionturistica.com\/es\/entre-piratas-y-sedas-conoce-el-fuerte-de-san-diego-en-acapulco\/","title":{"rendered":"Entre piratas y sedas conoce el Fuerte de San Diego, en Acapulco"},"content":{"rendered":"<p><img decoding=\"async\" class=\"size-medium wp-image-322930 alignright\" src=\"https:\/\/dimensionturistica.com\/es\/wp-content\/uploads\/2022\/05\/CANON-300x200.jpg\" alt=\"\" width=\"300\" height=\"200\" srcset=\"https:\/\/dimensionturistica.com\/es\/wp-content\/uploads\/2022\/05\/CANON-300x200.jpg 300w, https:\/\/dimensionturistica.com\/es\/wp-content\/uploads\/2022\/05\/CANON-1024x682.jpg 1024w, https:\/\/dimensionturistica.com\/es\/wp-content\/uploads\/2022\/05\/CANON-768x512.jpg 768w, https:\/\/dimensionturistica.com\/es\/wp-content\/uploads\/2022\/05\/CANON-750x500.jpg 750w, https:\/\/dimensionturistica.com\/es\/wp-content\/uploads\/2022\/05\/CANON-1140x759.jpg 1140w, https:\/\/dimensionturistica.com\/es\/wp-content\/uploads\/2022\/05\/CANON.jpg 1480w\" sizes=\"(max-width: 300px) 100vw, 300px\" \/>Si te gustan los cuentos de piratas, entonces no te pierdas el Fuerte de San Diego, una colosal fortificaci\u00f3n mar\u00edtima de traza italiana, en la que podr\u00e1s transportarte, a trav\u00e9s de la imaginaci\u00f3n y de cada objeto que ah\u00ed se exhibe, a la era de los bucaneros del siglo XVII.<br \/>\nAh\u00ed sabr\u00e1s la diferencia entre piratas, bucaneros, filibusteros y corsarios, adem\u00e1s de que podr\u00e1s admirar piezas de seda, marfiles, porcelanas y mobiliario que nos muestra el intercambio comercial de la \u00e9poca.<br \/>\nActualmente, en las entra\u00f1as de esta propiedad, podr\u00e1s recorrer el Museo Hist\u00f3rico de Acapulco Fuerte de San Diego, que cuenta con 12 Salas de exhibici\u00f3n permanente y una sala de exposiciones temporales.<br \/>\nEn esta antigua edificaci\u00f3n, en cada muro, en cada rinc\u00f3n, a\u00fan vibran los episodios de la Independencia, de la segunda intervenci\u00f3n francesa y de la Revoluci\u00f3n mexicana.<br \/>\nAh\u00ed se vivieron la conquista de los Mares del Sur, el comercio con el Oriente, la pirater\u00eda en el Oc\u00e9ano Pac\u00edfico y la haza\u00f1a militar m\u00e1s importante en esa regi\u00f3n cuando Jos\u00e9 Mar\u00eda Morelos y<img decoding=\"async\" class=\"size-medium wp-image-322943 alignright\" src=\"https:\/\/dimensionturistica.com\/es\/wp-content\/uploads\/2022\/05\/GROPIRAMIDE-300x200.jpg\" alt=\"\" width=\"300\" height=\"200\" srcset=\"https:\/\/dimensionturistica.com\/es\/wp-content\/uploads\/2022\/05\/GROPIRAMIDE-300x200.jpg 300w, https:\/\/dimensionturistica.com\/es\/wp-content\/uploads\/2022\/05\/GROPIRAMIDE-1024x682.jpg 1024w, https:\/\/dimensionturistica.com\/es\/wp-content\/uploads\/2022\/05\/GROPIRAMIDE-768x512.jpg 768w, https:\/\/dimensionturistica.com\/es\/wp-content\/uploads\/2022\/05\/GROPIRAMIDE-750x500.jpg 750w, https:\/\/dimensionturistica.com\/es\/wp-content\/uploads\/2022\/05\/GROPIRAMIDE-1140x759.jpg 1140w, https:\/\/dimensionturistica.com\/es\/wp-content\/uploads\/2022\/05\/GROPIRAMIDE.jpg 1480w\" sizes=\"(max-width: 300px) 100vw, 300px\" \/> Pav\u00f3n, al frente de las tropas insurgentes hace 209 a\u00f1os, logr\u00f3 -el 20 de agosto de 1813- que el ej\u00e9rcito realista les entregara dicha fortificaci\u00f3n, luego de 3 meses de sitiarla.<br \/>\nTambi\u00e9n es de suma importancia arquitect\u00f3nica por su dise\u00f1o, ya que su traza geom\u00e9trica tiene forma de pent\u00e1gono o estrella de 5 picos, por lo que es admirado por arquitectos y constructores de todo el mundo.<br \/>\nNo olvides visitar la carroza real, los mascarones del siglo XVIII y el tibor de porcelana con personajes chinos de la misma \u00e9poca.<\/p>\n","protected":false},"excerpt":{"rendered":"<p>Si te gustan los cuentos de piratas, entonces no te pierdas el Fuerte de San Diego, una colosal fortificaci\u00f3n mar\u00edtima de traza italiana, en la que podr\u00e1s transportarte, a trav\u00e9s de la imaginaci\u00f3n y de cada objeto que ah\u00ed se exhibe, a la era de los bucaneros del siglo XVII. Ah\u00ed sabr\u00e1s la diferencia entre [&hellip;]<\/p>\n","protected":false},"author":1,"featured_media":322934,"comment_status":"open","ping_status":"closed","sticky":false,"template":"","format":"standard","meta":{"om_disable_all_campaigns":false,"jnews-multi-image_gallery":[],"jnews_single_post":{"source_name":"","source_url":"","via_name":"","via_url":"","override_template":"0","override":[{"template":"1","single_blog_custom":"","parallax":"1","fullscreen":"1","layout":"right-sidebar","sidebar":"default-sidebar","second_sidebar":"default-sidebar","sticky_sidebar":"1","share_position":"top","share_float_style":"share-monocrhome","show_share_counter":"1","show_view_counter":"1","show_featured":"1","show_post_meta":"1","show_post_author":"1","show_post_author_image":"1","show_post_date":"1","post_date_format":"default","post_date_format_custom":"Y\/m\/d","show_post_category":"1","show_post_reading_time":"0","post_reading_time_wpm":"300","show_zoom_button":"0","zoom_button_out_step":"2","zoom_button_in_step":"3","show_post_tag":"1","show_prev_next_post":"1","show_popup_post":"1","number_popup_post":"1","show_author_box":"0","show_post_related":"0","show_inline_post_related":"0"}],"override_image_size":"0","image_override":[{"single_post_thumbnail_size":"crop-500","single_post_gallery_size":"crop-500"}],"trending_post":"0","trending_post_position":"meta","trending_post_label":"Trending","sponsored_post":"0","sponsored_post_label":"Sponsored by","sponsored_post_name":"","sponsored_post_url":"","sponsored_post_logo_enable":"0","sponsored_post_logo":"","sponsored_post_desc":"","disable_ad":"0"},"jnews_primary_category":{"id":""},"jnews_social_meta":{"fb_title":"","fb_description":"","fb_image":"","twitter_title":"","twitter_description":"","twitter_image":""},"footnotes":""},"categories":[39],"tags":[],"class_list":["post-322923","post","type-post","status-publish","format-standard","has-post-thumbnail","hentry","category-viajes"],"_links":{"self":[{"href":"https:\/\/dimensionturistica.com\/es\/wp-json\/wp\/v2\/posts\/322923","targetHints":{"allow":["GET"]}}],"collection":[{"href":"https:\/\/dimensionturistica.com\/es\/wp-json\/wp\/v2\/posts"}],"about":[{"href":"https:\/\/dimensionturistica.com\/es\/wp-json\/wp\/v2\/types\/post"}],"author":[{"embeddable":true,"href":"https:\/\/dimensionturistica.com\/es\/wp-json\/wp\/v2\/users\/1"}],"replies":[{"embeddable":true,"href":"https:\/\/dimensionturistica.com\/es\/wp-json\/wp\/v2\/comments?post=322923"}],"version-history":[{"count":0,"href":"https:\/\/dimensionturistica.com\/es\/wp-json\/wp\/v2\/posts\/322923\/revisions"}],"wp:featuredmedia":[{"embeddable":true,"href":"https:\/\/dimensionturistica.com\/es\/wp-json\/wp\/v2\/media\/322934"}],"wp:attachment":[{"href":"https:\/\/dimensionturistica.com\/es\/wp-json\/wp\/v2\/media?parent=322923"}],"wp:term":[{"taxonomy":"category","embeddable":true,"href":"https:\/\/dimensionturistica.com\/es\/wp-json\/wp\/v2\/categories?post=322923"},{"taxonomy":"post_tag","embeddable":true,"href":"https:\/\/dimensionturistica.com\/es\/wp-json\/wp\/v2\/tags?post=322923"}],"curies":[{"name":"wp","href":"https:\/\/api.w.org\/{rel}","templated":true}]}}