{"id":322565,"date":"2022-05-26T17:07:58","date_gmt":"2022-05-26T17:07:58","guid":{"rendered":"https:\/\/dimensionturistica.com\/es\/?p=322565"},"modified":"2022-05-26T17:07:58","modified_gmt":"2022-05-26T17:07:58","slug":"guadalajara-sera-sede-de4l-festival-pixelati-2022","status":"publish","type":"post","link":"https:\/\/dimensionturistica.com\/es\/guadalajara-sera-sede-de4l-festival-pixelati-2022\/","title":{"rendered":"Guadalajara ser\u00e1 sede de4l \u00abFestival Pixelati 2022\u00bb"},"content":{"rendered":"<p><img decoding=\"async\" class=\" wp-image-322579 alignright\" src=\"https:\/\/dimensionturistica.com\/es\/wp-content\/uploads\/2022\/05\/PIXEL-300x200.jpg\" alt=\"\" width=\"393\" height=\"262\" srcset=\"https:\/\/dimensionturistica.com\/es\/wp-content\/uploads\/2022\/05\/PIXEL-300x200.jpg 300w, https:\/\/dimensionturistica.com\/es\/wp-content\/uploads\/2022\/05\/PIXEL-1024x683.jpg 1024w, https:\/\/dimensionturistica.com\/es\/wp-content\/uploads\/2022\/05\/PIXEL-768x512.jpg 768w, https:\/\/dimensionturistica.com\/es\/wp-content\/uploads\/2022\/05\/PIXEL-750x500.jpg 750w, https:\/\/dimensionturistica.com\/es\/wp-content\/uploads\/2022\/05\/PIXEL-1140x760.jpg 1140w, https:\/\/dimensionturistica.com\/es\/wp-content\/uploads\/2022\/05\/PIXEL.jpg 1500w\" sizes=\"(max-width: 393px) 100vw, 393px\" \/>La Oficina de Visitantes y Convenciones de Guadalajara celebra que, del 6 al 10 de septiembre, la capital jalisciense y su Zona Metropolitana ser\u00e1n sedes de la d\u00e9cima primera edici\u00f3n del Festival Pixelatl, la reuni\u00f3n m\u00e1s importante entre creadores de las industrias globales de la animaci\u00f3n, el c\u00f3mic y los videojuegos en Latinoam\u00e9rica.<br \/>\nPara esta edici\u00f3n, se estima la convocatoria de 3 mil asistentes, entre p\u00fablico general y 250 expositores de m\u00e1s de 20 pa\u00edses, para generar encuentros de negocios; impulsar, desarrollar y promover proyectos emergentes; crear una red de colaboraci\u00f3n internacional; as\u00ed como generar nuevas audiencias.<br \/>\nEl festival, que por primera vez se realizar\u00e1 en la capital jalisciense, fue anunciado<\/p>\n<p><img decoding=\"async\" class=\"size-medium wp-image-322580 alignright\" src=\"https:\/\/dimensionturistica.com\/es\/wp-content\/uploads\/2022\/05\/PIXELATERSAS-200x300.jpg\" alt=\"\" width=\"200\" height=\"300\" srcset=\"https:\/\/dimensionturistica.com\/es\/wp-content\/uploads\/2022\/05\/PIXELATERSAS-200x300.jpg 200w, https:\/\/dimensionturistica.com\/es\/wp-content\/uploads\/2022\/05\/PIXELATERSAS-682x1024.jpg 682w, https:\/\/dimensionturistica.com\/es\/wp-content\/uploads\/2022\/05\/PIXELATERSAS-768x1153.jpg 768w, https:\/\/dimensionturistica.com\/es\/wp-content\/uploads\/2022\/05\/PIXELATERSAS-1023x1536.jpg 1023w, https:\/\/dimensionturistica.com\/es\/wp-content\/uploads\/2022\/05\/PIXELATERSAS-750x1126.jpg 750w, https:\/\/dimensionturistica.com\/es\/wp-content\/uploads\/2022\/05\/PIXELATERSAS.jpg 1102w\" sizes=\"(max-width: 200px) 100vw, 200px\" \/><\/p>\n<p>en Ciudad Creativa Digital por Jos\u00e9 I\u00f1esta, director del festival; la Secretar\u00eda de Turismo Jalisco, Vanessa P\u00e9rez Lama; el Presidente Municipal del Gobierno de Guadalajara, Pablo Lemus Navarro; Presidente Municipal del Gobierno de Zapopan, Juan Jos\u00e9 Frangie Saade; el director general de la Agencia para el Desarrollo de Industrias Creativas y Digitales, Antonio Salazar G\u00f3mez, entre otras autoridades.<br \/>\nDurante la presentaci\u00f3n, se dio a conocer que participar\u00e1n grandes cadenas como Netflix, Amazon Studio, Disney, Cartoon Network, Warner Media. As\u00ed mismo, se anunci\u00f3 que Argentina ser\u00e1 el pa\u00eds\u00a0invitado.<br \/>\nLas actividades se dividir\u00e1n en distintas sedes: en Ciudad Creativa Digital y algunos museos aleda\u00f1os se ubicar\u00e1 la parte de animaci\u00f3n y videojuegos. Por otro lado, en Zapopan habr\u00e1 actividades en torno a la ilustraci\u00f3n y el c\u00f3mic.<br \/>\nPara mayor informaci\u00f3n visita: https:\/\/www.pixelatl.com\/es-MX<\/p>\n","protected":false},"excerpt":{"rendered":"<p>La Oficina de Visitantes y Convenciones de Guadalajara celebra que, del 6 al 10 de septiembre, la capital jalisciense y su Zona Metropolitana ser\u00e1n sedes de la d\u00e9cima primera edici\u00f3n del Festival Pixelatl, la reuni\u00f3n m\u00e1s importante entre creadores de las industrias globales de la animaci\u00f3n, el c\u00f3mic y los videojuegos en Latinoam\u00e9rica. Para esta [&hellip;]<\/p>\n","protected":false},"author":1,"featured_media":322578,"comment_status":"open","ping_status":"closed","sticky":false,"template":"","format":"standard","meta":{"om_disable_all_campaigns":false,"jnews-multi-image_gallery":[],"jnews_single_post":{"source_name":"","source_url":"","via_name":"","via_url":"","override_template":"0","override":[{"template":"1","single_blog_custom":"","parallax":"1","fullscreen":"1","layout":"right-sidebar","sidebar":"default-sidebar","second_sidebar":"default-sidebar","sticky_sidebar":"1","share_position":"top","share_float_style":"share-monocrhome","show_share_counter":"1","show_view_counter":"1","show_featured":"1","show_post_meta":"1","show_post_author":"1","show_post_author_image":"1","show_post_date":"1","post_date_format":"default","post_date_format_custom":"Y\/m\/d","show_post_category":"1","show_post_reading_time":"0","post_reading_time_wpm":"300","show_zoom_button":"0","zoom_button_out_step":"2","zoom_button_in_step":"3","show_post_tag":"1","show_prev_next_post":"1","show_popup_post":"1","number_popup_post":"1","show_author_box":"0","show_post_related":"0","show_inline_post_related":"0"}],"override_image_size":"0","image_override":[{"single_post_thumbnail_size":"crop-500","single_post_gallery_size":"crop-500"}],"trending_post":"0","trending_post_position":"meta","trending_post_label":"Trending","sponsored_post":"0","sponsored_post_label":"Sponsored by","sponsored_post_name":"","sponsored_post_url":"","sponsored_post_logo_enable":"0","sponsored_post_logo":"","sponsored_post_desc":"","disable_ad":"0"},"jnews_primary_category":{"id":""},"jnews_social_meta":{"fb_title":"","fb_description":"","fb_image":"","twitter_title":"","twitter_description":"","twitter_image":""},"footnotes":""},"categories":[40],"tags":[],"class_list":["post-322565","post","type-post","status-publish","format-standard","has-post-thumbnail","hentry","category-industria"],"_links":{"self":[{"href":"https:\/\/dimensionturistica.com\/es\/wp-json\/wp\/v2\/posts\/322565","targetHints":{"allow":["GET"]}}],"collection":[{"href":"https:\/\/dimensionturistica.com\/es\/wp-json\/wp\/v2\/posts"}],"about":[{"href":"https:\/\/dimensionturistica.com\/es\/wp-json\/wp\/v2\/types\/post"}],"author":[{"embeddable":true,"href":"https:\/\/dimensionturistica.com\/es\/wp-json\/wp\/v2\/users\/1"}],"replies":[{"embeddable":true,"href":"https:\/\/dimensionturistica.com\/es\/wp-json\/wp\/v2\/comments?post=322565"}],"version-history":[{"count":0,"href":"https:\/\/dimensionturistica.com\/es\/wp-json\/wp\/v2\/posts\/322565\/revisions"}],"wp:featuredmedia":[{"embeddable":true,"href":"https:\/\/dimensionturistica.com\/es\/wp-json\/wp\/v2\/media\/322578"}],"wp:attachment":[{"href":"https:\/\/dimensionturistica.com\/es\/wp-json\/wp\/v2\/media?parent=322565"}],"wp:term":[{"taxonomy":"category","embeddable":true,"href":"https:\/\/dimensionturistica.com\/es\/wp-json\/wp\/v2\/categories?post=322565"},{"taxonomy":"post_tag","embeddable":true,"href":"https:\/\/dimensionturistica.com\/es\/wp-json\/wp\/v2\/tags?post=322565"}],"curies":[{"name":"wp","href":"https:\/\/api.w.org\/{rel}","templated":true}]}}