{"id":322516,"date":"2022-05-26T15:20:02","date_gmt":"2022-05-26T15:20:02","guid":{"rendered":"https:\/\/dimensionturistica.com\/es\/?p=322516"},"modified":"2022-05-26T15:21:07","modified_gmt":"2022-05-26T15:21:07","slug":"toma-protesta-miguel-torruco-a-la-nueva-mesa-directiva-de-la-asociacion-de-hoteles-de-jalisco","status":"publish","type":"post","link":"https:\/\/dimensionturistica.com\/es\/toma-protesta-miguel-torruco-a-la-nueva-mesa-directiva-de-la-asociacion-de-hoteles-de-jalisco\/","title":{"rendered":"Toma protesta Miguel Torruco a la nueva Mesa Directiva de la Asociaci\u00f3n de Hoteles de Jalisco"},"content":{"rendered":"<p><img decoding=\"async\" class=\"size-medium wp-image-322529 alignright\" src=\"https:\/\/dimensionturistica.com\/es\/wp-content\/uploads\/2022\/05\/Toma-de-protesta-Asoc.Hoteles-Jalisco-3-300x190.jpeg\" alt=\"\" width=\"300\" height=\"190\" srcset=\"https:\/\/dimensionturistica.com\/es\/wp-content\/uploads\/2022\/05\/Toma-de-protesta-Asoc.Hoteles-Jalisco-3-300x190.jpeg 300w, https:\/\/dimensionturistica.com\/es\/wp-content\/uploads\/2022\/05\/Toma-de-protesta-Asoc.Hoteles-Jalisco-3-768x487.jpeg 768w, https:\/\/dimensionturistica.com\/es\/wp-content\/uploads\/2022\/05\/Toma-de-protesta-Asoc.Hoteles-Jalisco-3-750x475.jpeg 750w, https:\/\/dimensionturistica.com\/es\/wp-content\/uploads\/2022\/05\/Toma-de-protesta-Asoc.Hoteles-Jalisco-3.jpeg 1024w\" sizes=\"(max-width: 300px) 100vw, 300px\" \/>El titular de la Secretar\u00eda de Turismo (Sectur) resalt\u00f3 la importancia del sector hotelero en la industria tur\u00edstica, al afirmar que la hoteler\u00eda es la columna vertebral del sector.<br \/>\nAsegur\u00f3 que las condiciones de salud en las que se encuentra el pa\u00eds est\u00e1n permitiendo recuperar los niveles alcanzados en 2019, cuando el sector representaba el 29.8 por ciento del PIB tur\u00edstico y gener\u00f3 9.7 por ciento del empleo.<br \/>\nEn el mismo sentido, el secretario de Turismo resalt\u00f3 que M\u00e9xico ha sido el pa\u00eds con m\u00e1s pronta recuperaci\u00f3n, raz\u00f3n por la cual el secretario de la Organizaci\u00f3n Mundial del Turismo, Zurab Pololikashvili, entreg\u00f3 un reconocimiento al presidente, Andr\u00e9s Manuel L\u00f3pez Obrador, por ser el pa\u00eds que implement\u00f3 las pol\u00edticas que favorecieron m\u00e1s la actividad tur\u00edstica.<br \/>\nSe\u00f1al\u00f3 que durante el a\u00f1o 2020, a pesar de la pandemia, la confianza de la iniciativa privada en el sector turismo qued\u00f3 reflejada en la construcci\u00f3n de 17 mil 505 nuevos cuartos, con lo que se alcanz\u00f3 la cifra de 854 mil cuartos de hotel en 24 mil 700 establecimientos. Con lo anterior, M\u00e9xico <img decoding=\"async\" class=\"size-medium wp-image-322530 alignright\" src=\"https:\/\/dimensionturistica.com\/es\/wp-content\/uploads\/2022\/05\/Toma-de-protesta-Asoc.Hoteles-Jalisco-4-300x210.jpeg\" alt=\"\" width=\"300\" height=\"210\" srcset=\"https:\/\/dimensionturistica.com\/es\/wp-content\/uploads\/2022\/05\/Toma-de-protesta-Asoc.Hoteles-Jalisco-4-300x210.jpeg 300w, https:\/\/dimensionturistica.com\/es\/wp-content\/uploads\/2022\/05\/Toma-de-protesta-Asoc.Hoteles-Jalisco-4-768x538.jpeg 768w, https:\/\/dimensionturistica.com\/es\/wp-content\/uploads\/2022\/05\/Toma-de-protesta-Asoc.Hoteles-Jalisco-4-750x525.jpeg 750w, https:\/\/dimensionturistica.com\/es\/wp-content\/uploads\/2022\/05\/Toma-de-protesta-Asoc.Hoteles-Jalisco-4.jpeg 1024w\" sizes=\"(max-width: 300px) 100vw, 300px\" \/>fue ratificado en la s\u00e9ptima posici\u00f3n a nivel mundial en cuanto a infraestructura hotelera.<br \/>\nTorruco Marqu\u00e9s a\u00f1adi\u00f3 que en 2021 la industria del turismo capt\u00f3 el 6.5 por ciento del total de la Inversi\u00f3n Extranjera Directa en M\u00e9xico, es decir, 2 mil 55 millones de d\u00f3lares, de los cuales, 24.2 por ciento correspondi\u00f3 a la infraestructura hotelera.<br \/>\nAdem\u00e1s, durante 2021 el consumo por hospedaje alcanz\u00f3 los 11.4 mil millones de d\u00f3lares, 58.3 por ciento m\u00e1s que en el a\u00f1o 2020.<br \/>\n\u201cJalisco cuenta con la infraestructura y calidad en el servicio suficientes para seguir abonando al crecimiento de su actividad tur\u00edstica, y la hoteler\u00eda es parte fundamental, porque es una realidad que sin hoteles no hay turismo\u201d, asever\u00f3.<br \/>\nReconoci\u00f3 la importante labor de la Asociaci\u00f3n de Hoteles de Jalisco como piedra angular de la Asociaci\u00f3n Mexicana de Hoteles y Moteles, misma que este a\u00f1o cumple 100 a\u00f1os de su fundaci\u00f3n.<br \/>\nTorruco Marqu\u00e9s aprovech\u00f3 la oportunidad para dar a conocer a los asistentes la creaci\u00f3n del Centro de Geointeligencia de la Direcci\u00f3n General de Servicios al Turista \u00c1ngeles Verdes, con el <img decoding=\"async\" class=\"size-medium wp-image-322531 alignright\" src=\"https:\/\/dimensionturistica.com\/es\/wp-content\/uploads\/2022\/05\/Toma-de-protesta-Asoc.Hoteles-Jalisco-2-300x225.jpeg\" alt=\"\" width=\"300\" height=\"225\" srcset=\"https:\/\/dimensionturistica.com\/es\/wp-content\/uploads\/2022\/05\/Toma-de-protesta-Asoc.Hoteles-Jalisco-2-300x225.jpeg 300w, https:\/\/dimensionturistica.com\/es\/wp-content\/uploads\/2022\/05\/Toma-de-protesta-Asoc.Hoteles-Jalisco-2-768x576.jpeg 768w, https:\/\/dimensionturistica.com\/es\/wp-content\/uploads\/2022\/05\/Toma-de-protesta-Asoc.Hoteles-Jalisco-2-750x563.jpeg 750w, https:\/\/dimensionturistica.com\/es\/wp-content\/uploads\/2022\/05\/Toma-de-protesta-Asoc.Hoteles-Jalisco-2.jpeg 1024w\" sizes=\"(max-width: 300px) 100vw, 300px\" \/>que se impulsar\u00e1 el turismo carretero, como pieza clave para el desarrollo y crecimiento del turismo interno.<br \/>\nDe igual forma, abund\u00f3 en los esfuerzos realizados en materia de promoci\u00f3n internacional en los que la dependencia a su cargo est\u00e1 trabajando, como es el caso de la puesta en marcha del Primer Tianguis Internacional de Pueblos M\u00e1gicos, realizado en Barcelona, Espa\u00f1a; o el programa Operaci\u00f3n Toca Puertas, con el cual se han promocionado nuestros productos y atractivos en las ciudades estadounidenses de Washington, Houston y San Antonio; y pr\u00f3ximamente la ciudad de Vancouver, Canad\u00e1.<br \/>\nPor otra parte, Torruco Marqu\u00e9s declar\u00f3 que trabaja estrechamente con la secretaria de Turismo de Jalisco para integrar al estado al programa de los \u201cAtractivo Ancla\u201d, que realiza en distintas partes del pa\u00eds, como son la Carrera del Desierto de Altar, El Pescado de Moctezuma o la Carrera de Mar a Mar.<br \/>\n\u201cEn la Secretar\u00eda de Turismo tendr\u00e1n a un buen aliado para las iniciativas y proyectos que emprendan en favor de nuestro sector, conscientes de que el trabajo conjunto nos llevar\u00e1 hacia la ruta del desarrollo equilibrado, con igualdad, equidad y justicia para todo el pueblo\u201d, agreg\u00f3.<br \/>\nPor \u00faltimo, invito a los presentes a trabajar en la creaci\u00f3n de productos tur\u00edsticos integrados para incentivar el flujo de turistas, y con ello la ocupaci\u00f3n hotelera y la derrama econ\u00f3mica.<br \/>\nA su vez, el presidente de la Asociaci\u00f3n de Hoteles de Jalisco, Juan Carlos Mondrag\u00f3n, refrend\u00f3 su apoyo al secretario Torruco Marqu\u00e9s. \u201cSe\u00f1or secretario, sepa usted que cuenta con Jalisco, con un sector comprometido y con una entidad que ha demostrado, a base de resultados, que somos ejemplo de esfuerzo y trabajo\u201d, coment\u00f3.<br \/>\nMencion\u00f3 que la Asociaci\u00f3n de Hoteles de Jalisco continuar\u00e1 siendo part\u00edcipe del crecimiento en el potencial tur\u00edstico de Jalisco, a trav\u00e9s de los siguientes ejes rectores: Recuperaci\u00f3n de seguridad y confianza en nuestros visitantes; imagen y difusi\u00f3n de los destinos tur\u00edsticos del estado; pol\u00edticas p\u00fablicas; mejora continua para la formaci\u00f3n y retenci\u00f3n de talento; capacitaci\u00f3n; e infraestructura y servicios.<br \/>\nEn representaci\u00f3n del gobernador de Jalisco, Enrique Alfaro Ram\u00edrez, el coordinador General Estrat\u00e9gico del Gabinete de Desarrollo y Crecimiento Econ\u00f3mico del Gobierno del Estado de Jalisco, Xavier Orend\u00e1in de Obeso, se dijo confiado en que gracias a la labor del secretario Torruco Marqu\u00e9s, el sector turismo se recuper\u00e9 este 2022, y no hasta 2023.<br \/>\nPor su parte, la secretaria de Turismo de Jalisco, Claudia Vanessa P\u00e9rez Lamas, reconoci\u00f3 el liderazgo de Juan Carlos Mondrag\u00f3n y felicit\u00f3 al nuevo Consejo de Directivo, a quienes se dijo dispuesta a escuchar y a atender todas las necesidades que se les presenten en estos pr\u00f3ximos a\u00f1os.<br \/>\nDurante su participaci\u00f3n, el presidente de la Asociaci\u00f3n Mexicana de Hoteles y Moteles, Juan Jos\u00e9 Fern\u00e1ndez, invit\u00f3 a Juan Carlos Mondrag\u00f3n a continuar al frente de la Asociaci\u00f3n de Hoteles de Jalisco con el dinamismo y buen \u00e1nimo que lo caracteriza.<br \/>\n\u201cSiempre hemos estado en favor del trabajo en equipo, nos hacemos o\u00edr de forma respetuosa y sin perder nuestra uni\u00f3n. Tampoco perdemos los valores de trabajo en equipo y solidaridad, que han hecho de nuestro gremio, una de las organizaciones hoteleras m\u00e1s antiguas de nuestro pa\u00eds\u201d expres\u00f3.<br \/>\nEn el evento tambi\u00e9n estuvieron presentes Jes\u00fas Pablo Lemus, presidente Municipal de Guadalajara; Citlalli Amaya, presidente Municipal de San Pedro Tlaquepaque; Sergio Ch\u00e1vez, presidente Municipal de Tonal\u00e1; Juan Partida Morales, secretario de Hacienda P\u00fablica del Estado; Marco Valerio P\u00e9rez Gollaz, secretario del Trabajo y Previsi\u00f3n Social del Estado; y Roberto Arrechedera, secretario de Desarrollo Econ\u00f3mico del Estado; y reconocidos representantes del sector empresarial de Jalisco.<\/p>\n","protected":false},"excerpt":{"rendered":"<p>El titular de la Secretar\u00eda de Turismo (Sectur) resalt\u00f3 la importancia del sector hotelero en la industria tur\u00edstica, al afirmar que la hoteler\u00eda es la columna vertebral del sector. Asegur\u00f3 que las condiciones de salud en las que se encuentra el pa\u00eds est\u00e1n permitiendo recuperar los niveles alcanzados en 2019, cuando el sector representaba el [&hellip;]<\/p>\n","protected":false},"author":1,"featured_media":322532,"comment_status":"open","ping_status":"closed","sticky":false,"template":"","format":"standard","meta":{"om_disable_all_campaigns":false,"jnews-multi-image_gallery":[],"jnews_single_post":{"source_name":"","source_url":"","via_name":"","via_url":"","override_template":"0","override":[{"template":"1","single_blog_custom":"","parallax":"1","fullscreen":"1","layout":"right-sidebar","sidebar":"default-sidebar","second_sidebar":"default-sidebar","sticky_sidebar":"1","share_position":"top","share_float_style":"share-monocrhome","show_share_counter":"1","show_view_counter":"1","show_featured":"1","show_post_meta":"1","show_post_author":"1","show_post_author_image":"1","show_post_date":"1","post_date_format":"default","post_date_format_custom":"Y\/m\/d","show_post_category":"1","show_post_reading_time":"0","post_reading_time_wpm":"300","show_zoom_button":"0","zoom_button_out_step":"2","zoom_button_in_step":"3","show_post_tag":"1","show_prev_next_post":"1","show_popup_post":"1","number_popup_post":"1","show_author_box":"0","show_post_related":"0","show_inline_post_related":"0"}],"override_image_size":"0","image_override":[{"single_post_thumbnail_size":"crop-500","single_post_gallery_size":"crop-500"}],"trending_post":"0","trending_post_position":"meta","trending_post_label":"Trending","sponsored_post":"0","sponsored_post_label":"Sponsored by","sponsored_post_name":"","sponsored_post_url":"","sponsored_post_logo_enable":"0","sponsored_post_logo":"","sponsored_post_desc":"","disable_ad":"0"},"jnews_primary_category":{"id":""},"jnews_social_meta":{"fb_title":"","fb_description":"","fb_image":"","twitter_title":"","twitter_description":"","twitter_image":""},"footnotes":""},"categories":[40],"tags":[],"class_list":["post-322516","post","type-post","status-publish","format-standard","has-post-thumbnail","hentry","category-industria"],"_links":{"self":[{"href":"https:\/\/dimensionturistica.com\/es\/wp-json\/wp\/v2\/posts\/322516","targetHints":{"allow":["GET"]}}],"collection":[{"href":"https:\/\/dimensionturistica.com\/es\/wp-json\/wp\/v2\/posts"}],"about":[{"href":"https:\/\/dimensionturistica.com\/es\/wp-json\/wp\/v2\/types\/post"}],"author":[{"embeddable":true,"href":"https:\/\/dimensionturistica.com\/es\/wp-json\/wp\/v2\/users\/1"}],"replies":[{"embeddable":true,"href":"https:\/\/dimensionturistica.com\/es\/wp-json\/wp\/v2\/comments?post=322516"}],"version-history":[{"count":0,"href":"https:\/\/dimensionturistica.com\/es\/wp-json\/wp\/v2\/posts\/322516\/revisions"}],"wp:featuredmedia":[{"embeddable":true,"href":"https:\/\/dimensionturistica.com\/es\/wp-json\/wp\/v2\/media\/322532"}],"wp:attachment":[{"href":"https:\/\/dimensionturistica.com\/es\/wp-json\/wp\/v2\/media?parent=322516"}],"wp:term":[{"taxonomy":"category","embeddable":true,"href":"https:\/\/dimensionturistica.com\/es\/wp-json\/wp\/v2\/categories?post=322516"},{"taxonomy":"post_tag","embeddable":true,"href":"https:\/\/dimensionturistica.com\/es\/wp-json\/wp\/v2\/tags?post=322516"}],"curies":[{"name":"wp","href":"https:\/\/api.w.org\/{rel}","templated":true}]}}