{"id":322446,"date":"2022-05-26T11:45:16","date_gmt":"2022-05-26T11:45:16","guid":{"rendered":"https:\/\/dimensionturistica.com\/es\/?p=322446"},"modified":"2022-05-26T11:45:17","modified_gmt":"2022-05-26T11:45:17","slug":"el-sargazo-podria-arruinar-tus-vacaciones-estos-son-los-meses-que-afecta","status":"publish","type":"post","link":"https:\/\/dimensionturistica.com\/es\/el-sargazo-podria-arruinar-tus-vacaciones-estos-son-los-meses-que-afecta\/","title":{"rendered":"El sargazo podr\u00eda arruinar tus vacaciones. Estos son los meses que afecta"},"content":{"rendered":"<p> <br \/>\n<\/p>\n<div>\n<p>La dependencia encargada de combatir el fen\u00f3meno del sargazo es la Secretar\u00eda de Marina, acci\u00f3n de la que se hizo cargo desde mayo del 2019. En su m\u00e1s reciente informe destac\u00f3 que el nivel de alertamiento es categor\u00eda 8, que significa \u201cexcesivo\u201d. En este punto, las algas llegan a formar en las franjas de enviornment de Quintana Roo mont\u00edculos de 90 cent\u00edmetros de alto en menos de 24 horas, lo que hace imposible pasar a pie.<\/p>\n<p>En algunas playas como El Recodo, en el municipio de Solidaridad, fue necesario el ingreso de maquinaria pesada a la playa, lo que provoca erosi\u00f3n.<\/p>\n<h2 class=\"cms-Subtitulos-Subtitulo1\">\u00bfCu\u00e1ndo llega el sargazo a Canc\u00fan y otras playas?<\/h2>\n<p>Para fortuna de los que desean visitar las playas del Caribe mexicano, la presencia del sargazo no se presenta durante todo el a\u00f1o, pero debes considerar que la temporada de esta macro alga est\u00e1 presente desde abril y hasta agosto, por lo que los mejores meses que puedes visitar estos destinos son entre octubre y febrero, que coinciden con el enfriamiento de los oc\u00e9anos.<\/p>\n<\/p><\/div>\n<p>    window.fbAsyncInit = operate() {<br \/>\n        FB.init({<\/p>\n<p>                appId : &#8216;322397628250521&#8217;,<\/p>\n<p>            cookie     : true,<br \/>\n            xfbml      : true,<br \/>\n            model    : &#8216;v8.0&#8217;<br \/>\n        });<\/p>\n<p>        FB.AppEvents.logPageView();<\/p>\n<p>    };<\/p>\n<p>    (operate(d, s, id){<br \/>\n        var js, fjs = d.getElementsByTagName(s)[0];<br \/>\n        if (d.getElementById(id)) {return;}<br \/>\n        js = d.createElement(s); js.id = id;<br \/>\n        js.src = &#8220;https:\/\/connect.facebook.net\/en_US\/sdk.js&#8221;;<br \/>\n        fjs.parentNode.insertBefore(js, fjs);<br \/>\n    }(doc, &#8216;script&#8217;, &#8216;facebook-jssdk&#8217;));<\/p>\n\n<p><em> &#8221; Fuentes politica.expansion.mx &#8221; <\/em><\/p>\n","protected":false},"excerpt":{"rendered":"<p>La dependencia encargada de combatir el fen\u00f3meno del sargazo es la Secretar\u00eda de Marina, acci\u00f3n de la que se hizo cargo desde mayo del 2019. En su m\u00e1s reciente informe destac\u00f3 que el nivel de alertamiento es categor\u00eda 8, que significa \u201cexcesivo\u201d. En este punto, las algas llegan a formar en las franjas de enviornment [&hellip;]<\/p>\n","protected":false},"author":4,"featured_media":322447,"comment_status":"open","ping_status":"closed","sticky":false,"template":"","format":"standard","meta":{"om_disable_all_campaigns":false,"jnews-multi-image_gallery":[],"jnews_single_post":[],"jnews_primary_category":[],"jnews_social_meta":[],"footnotes":""},"categories":[39],"tags":[46237,769,27904,46236,27910,46238,46239,46240,46241,46242],"class_list":["post-322446","post","type-post","status-publish","format-standard","has-post-thumbnail","hentry","category-viajes","tag-mapa-de-sargazo-en-cancun","tag-mexico","tag-que-es-el-sargazo","tag-sargazo-en-cancun","tag-sargazo-quintana-roo","tag-semaforo-de-sargazo-2022","tag-temporada-de-sargazo","tag-temporada-de-sargazo-en-cancun","tag-xcaret-sargazo","tag-xelha-sargazo"],"_links":{"self":[{"href":"https:\/\/dimensionturistica.com\/es\/wp-json\/wp\/v2\/posts\/322446","targetHints":{"allow":["GET"]}}],"collection":[{"href":"https:\/\/dimensionturistica.com\/es\/wp-json\/wp\/v2\/posts"}],"about":[{"href":"https:\/\/dimensionturistica.com\/es\/wp-json\/wp\/v2\/types\/post"}],"author":[{"embeddable":true,"href":"https:\/\/dimensionturistica.com\/es\/wp-json\/wp\/v2\/users\/4"}],"replies":[{"embeddable":true,"href":"https:\/\/dimensionturistica.com\/es\/wp-json\/wp\/v2\/comments?post=322446"}],"version-history":[{"count":0,"href":"https:\/\/dimensionturistica.com\/es\/wp-json\/wp\/v2\/posts\/322446\/revisions"}],"wp:featuredmedia":[{"embeddable":true,"href":"https:\/\/dimensionturistica.com\/es\/wp-json\/wp\/v2\/media\/322447"}],"wp:attachment":[{"href":"https:\/\/dimensionturistica.com\/es\/wp-json\/wp\/v2\/media?parent=322446"}],"wp:term":[{"taxonomy":"category","embeddable":true,"href":"https:\/\/dimensionturistica.com\/es\/wp-json\/wp\/v2\/categories?post=322446"},{"taxonomy":"post_tag","embeddable":true,"href":"https:\/\/dimensionturistica.com\/es\/wp-json\/wp\/v2\/tags?post=322446"}],"curies":[{"name":"wp","href":"https:\/\/api.w.org\/{rel}","templated":true}]}}