{"id":322398,"date":"2022-05-26T09:31:41","date_gmt":"2022-05-26T09:31:41","guid":{"rendered":"https:\/\/dimensionturistica.com\/es\/?p=322398"},"modified":"2022-05-26T09:31:41","modified_gmt":"2022-05-26T09:31:41","slug":"air-malta-presenta-su-nueva-ruta-desde-madrid","status":"publish","type":"post","link":"https:\/\/dimensionturistica.com\/es\/air-malta-presenta-su-nueva-ruta-desde-madrid\/","title":{"rendered":"Air Malta presenta su nueva ruta desde Madrid"},"content":{"rendered":"<p> <br \/>\n<\/p>\n<div>\n<p>Air Malta present\u00f3 recientemente en Madrid su operativa de vuelos directos a Malta -con tres frecuencias por semana- en el prestigioso Palacio de Santo\u00f1a, sede de la C\u00e1mara de Comercio, Industria y Servicios de Madrid. El evento fue organizado en colaboraci\u00f3n con la Autoridad de Turismo de Malta, el embajador de Malta en Espa\u00f1a y la C\u00e1mara de Comercio, Industria y Servicios de Madrid.<\/p>\n<p>M\u00e1s de 70 empresarios espa\u00f1oles, agentes de viajes y periodistas de medios especializados en viajes asistieron al evento que cont\u00f3 con presentaciones y discursos por parte de Daniel Azzopardi -Embajador de Malta en Espa\u00f1a-, Augusto de Casta\u00f1eda Garc\u00eda -Vicepresidente de la C\u00e1mara de Comercio, Industria y Servicios de Madrid-, Eva Bretos -Directora de Air Malta en Espa\u00f1a-, Jos\u00e9 Espartero -Gerente Regional de Ventas de Air Malta- y Monika Diez -Representante de la Autoridad de Turismo de Malta en Espa\u00f1a-.<\/p>\n<p>Durante el evento, el Embajador Azzopardi mencion\u00f3: \u201cUna red de transporte europea bien interconectada es una de las condiciones necesarias para un mercado interno europeo realmente funcional. La ruta de Air Malta a Madrid, recientemente restablecida, contribuye positivamente en este sentido. Como siguiente paso, pensamos que ser\u00eda ideal presentar la ruta a la comunidad empresarial de Madrid a trav\u00e9s de la C\u00e1mara de Comercio de Madrid. La C\u00e1mara tiene m\u00e1s de medio mill\u00f3n de miembros que operan en una gran variedad de sectores y que pueden requerir de los servicios de Air Malta. Esperamos que este evento desbloquee el potencial en este sentido\u201d.<\/p>\n<p>Eva Bretos agreg\u00f3: \u201cEste evento ha sido el broche de oro a nuestro exitoso reinicio de operaciones en Espa\u00f1a y ha permitido que nuestra comunidad local redescubra el potencial de Malta como destino tur\u00edstico y de inversi\u00f3n. Estamos muy agradecidos a todos nuestros partners locales por la excelente acogida de esta nueva conexi\u00f3n directa entre Madrid y Malta\u201d.<\/p>\n<p>&#8220;Malta es un destino muy atractivo para los viajeros espa\u00f1oles debido a su cercan\u00eda y su destacada oferta cultural y de ocio. Adem\u00e1s, nos unen profundos lazos hist\u00f3ricos y un estilo de vida mediterr\u00e1neo similar. Estamos muy contentos con volver a recibir a los turistas del pa\u00eds y esperamos que el restablecimiento de conexiones a\u00e9reas como la de Air Malta nos ayuden a afianzar nuestro posicionamiento en este mercado estrat\u00e9gico.&#8221; explica Monika Diez.<\/p>\n<p>Tras la presentaci\u00f3n, los invitados fueron recibidos en una peque\u00f1a recepci\u00f3n que incluy\u00f3 vinos malteses de las bodegas Ta&#8217; Betta y bebidas maltesas populares como Kinnie, Cisk Lager y Blue Label, ofrecidos por Farsons.<\/p>\n<p>Air Malta reinici\u00f3 los vuelos desde la capital espa\u00f1ola el 4 de abril de 2022 tras 10 a\u00f1os de ausencia. La aerol\u00ednea opera vuelos todos los lunes, mi\u00e9rcoles y viernes<\/p>\n<div class=\"wysiwyg-photo\"><img decoding=\"async\" src=\"https:\/\/static.hosteltur.com\/app\/public\/uploads\/img\/releases\/2022\/05\/26\/L_112449_km-event-pr.jpg\" alt=\"Imagen nota de prensa Hosteltur\" width=\"1485\" height=\"987\" \/><\/div><\/div>\n\n<p><em> &#8221; Fuentes www.hosteltur.com &#8221; <\/em><\/p>\n","protected":false},"excerpt":{"rendered":"<p>Air Malta present\u00f3 recientemente en Madrid su operativa de vuelos directos a Malta -con tres frecuencias por semana- en el prestigioso Palacio de Santo\u00f1a, sede de la C\u00e1mara de Comercio, Industria y Servicios de Madrid. El evento fue organizado en colaboraci\u00f3n con la Autoridad de Turismo de Malta, el embajador de Malta en Espa\u00f1a y [&hellip;]<\/p>\n","protected":false},"author":4,"featured_media":322399,"comment_status":"open","ping_status":"closed","sticky":false,"template":"","format":"standard","meta":{"om_disable_all_campaigns":false,"jnews-multi-image_gallery":[],"jnews_single_post":[],"jnews_primary_category":[],"jnews_social_meta":[],"footnotes":""},"categories":[40],"tags":[1555],"class_list":["post-322398","post","type-post","status-publish","format-standard","has-post-thumbnail","hentry","category-industria","tag-transportes"],"_links":{"self":[{"href":"https:\/\/dimensionturistica.com\/es\/wp-json\/wp\/v2\/posts\/322398","targetHints":{"allow":["GET"]}}],"collection":[{"href":"https:\/\/dimensionturistica.com\/es\/wp-json\/wp\/v2\/posts"}],"about":[{"href":"https:\/\/dimensionturistica.com\/es\/wp-json\/wp\/v2\/types\/post"}],"author":[{"embeddable":true,"href":"https:\/\/dimensionturistica.com\/es\/wp-json\/wp\/v2\/users\/4"}],"replies":[{"embeddable":true,"href":"https:\/\/dimensionturistica.com\/es\/wp-json\/wp\/v2\/comments?post=322398"}],"version-history":[{"count":0,"href":"https:\/\/dimensionturistica.com\/es\/wp-json\/wp\/v2\/posts\/322398\/revisions"}],"wp:featuredmedia":[{"embeddable":true,"href":"https:\/\/dimensionturistica.com\/es\/wp-json\/wp\/v2\/media\/322399"}],"wp:attachment":[{"href":"https:\/\/dimensionturistica.com\/es\/wp-json\/wp\/v2\/media?parent=322398"}],"wp:term":[{"taxonomy":"category","embeddable":true,"href":"https:\/\/dimensionturistica.com\/es\/wp-json\/wp\/v2\/categories?post=322398"},{"taxonomy":"post_tag","embeddable":true,"href":"https:\/\/dimensionturistica.com\/es\/wp-json\/wp\/v2\/tags?post=322398"}],"curies":[{"name":"wp","href":"https:\/\/api.w.org\/{rel}","templated":true}]}}