{"id":322174,"date":"2022-05-25T20:41:34","date_gmt":"2022-05-25T20:41:34","guid":{"rendered":"https:\/\/dimensionturistica.com\/es\/?p=322174"},"modified":"2022-05-25T20:41:34","modified_gmt":"2022-05-25T20:41:34","slug":"packaging-latam-vicky-foods-agradece-el-esfuerzo-del-sector-del-packaging","status":"publish","type":"post","link":"https:\/\/dimensionturistica.com\/es\/packaging-latam-vicky-foods-agradece-el-esfuerzo-del-sector-del-packaging\/","title":{"rendered":"Packaging Latam &#8211; Vicky Foods agradece el esfuerzo del sector del packaging"},"content":{"rendered":"<p> <br \/>\n<\/p>\n<div id=\"\">\n<p><span style=\"color: #000000\">La firma internacional ha trasladado sus retos en un nuevo desayuno del Cluster de Innovaci\u00f3n en Envase y Embalaje.\u00a0Cerca de 100 profesionales han asistido a la cita celebrada en el centro de innovaci\u00f3n del grupo internacional. La compa\u00f1\u00eda busca reducir un 21% su huella de carbono hasta el a\u00f1o 2025<\/span><\/p>\n<p>&#013;<\/p>\n<div class=\"bt-social-share bt-social-share-below\">\n<div class=\"bt-social-share-button bt-facebook-share-button\"><img decoding=\"async\" class=\"fb-share\" src=\"https:\/\/www.packaginglatam.com\/\/plugins\/content\/bt_socialshare\/assets\/share.png\" \/><\/div>\n<\/div><\/div>\n<div id=\"\">\n<p><span style=\"color: #000000\">El holding internacional de alimentaci\u00f3n Vicky Meals, que durante este 2022 celebra su 70 aniversario, ha trasladado sus retos y estrategias de packaging en una nueva edici\u00f3n de los Desayunos del Cluster de Innovaci\u00f3n en Envase y Embalaje. La cita ha tenido lugar en esta ocasi\u00f3n en el Centro de Innovaci\u00f3n de la propia compa\u00f1\u00eda en Villalonga (Valencia), con la presencia de cerca de 100 profesionales. Este nuevo Desayuno del Cluster ha contado con la financiaci\u00f3n de la Conselleria de Econom\u00eda Sostenible, Sectores Productivos, Comercio y Trabajo de la Generalitat Valenciana.<\/span><\/p>\n<p>&#013;<\/p>\n<p><span style=\"color: #000000\">En el discurso de apertura, el CEO de Vicky Meals, Rafael Juan, ha agradecido el esfuerzo y la colaboraci\u00f3n del sector \u201cen estos dos \u00faltimos a\u00f1os que han sido una aut\u00e9ntica monta\u00f1a rusa, que ahora con la guerra de Ucrania ha dado una vuelta de tuerca m\u00e1s si cabe\u201d. Asimismo, Rafael Juan ha mostrado la disposici\u00f3n por parte de la compa\u00f1\u00eda a realizar \u201ccualquier proyecto y establecer contacto, ya que la colaboraci\u00f3n empresarial es la base de la innovaci\u00f3n\u201d. En este punto, ha a\u00f1adido que \u201cbuscamos complementar la innovaci\u00f3n que realizamos desde este centro todos los d\u00edas con colaboraci\u00f3n externa para sumar talento\u201d.<\/span><\/p>\n<p>&#013;<\/p>\n<p><strong><span style=\"color: #000000\">Retos de envase<\/span><\/strong><\/p>\n<p>&#013;<\/p>\n<p><span style=\"color: #000000\">Para presentar los retos de Vicky Meals, ha intervenido el director de la planta de packaging de Vicky Meals, Francisco Olaso. Ha destacado como principales claves la necesidad de utilizar tecnolog\u00edas flexibles, la agilidad en el servicio y en toda la cadena de suministro, el respeto al medio ambiente y la eficiencia a todos los niveles.<\/span><\/p>\n<p>&#013;<\/p>\n<p><span style=\"color: #000000\">En este sentido, Francisco Olaso ha destacado que en diez a\u00f1os se han triplicado el n\u00famero de referencias por ejemplo en envases de movie y que las marcas de distribuci\u00f3n buscan personalizar cada vez m\u00e1s sus productos, por lo que necesitamos \u201ctecnolog\u00edas muy flexibles para realizar tiradas de envase muy cortas y en espacio de tiempo muy reducidos\u201d.<\/span><\/p>\n<p>&#013;<\/p>\n<p><span style=\"color: #000000\">Tambi\u00e9n ha detallado la complejidad de gestionar el n\u00famero de envases con los que trabaja la compa\u00f1\u00eda y la necesidad de \u201ccontar con una relaci\u00f3n fluida con el proveedor\u201d. A modo de ejemplo, Vicky Meals en 2021 utiliz\u00f3 125 millones de bolsas de pan de molde, 3 millones de kilos de polipropileno, 73 millones de cajas de cart\u00f3n ondulado y 37 millones de bandejas de PET.<\/span><\/p>\n<p>&#013;<\/p>\n<p><strong><span style=\"color: #000000\">Objetivos ambientales<\/span><\/strong><\/p>\n<p>&#013;<\/p>\n<p><span style=\"color: #000000\">Asimismo, otro de los grandes retos es hacer un \u201cnegocio compatible con la preservaci\u00f3n del medio ambiente\u201d, donde destaca el objetivo estrat\u00e9gico de reducir hasta un 21% su huella de carbono hasta el a\u00f1o 2025. En este aspecto, ha subrayado hitos logrados como trabajar toda la marca Dulcesol con envases biodegradables, reducir los materiales pl\u00e1sticos y cartones redise\u00f1ando los envases. Como ejemplo, el representante de la firma ha hablado del caso de las bolsas del pan de b\u00farguer, que simplemente cambiando el lazo superior del envase han conseguido reducir un 20% el materials utilizado.<\/span><\/p>\n<p>&#013;<\/p>\n<p><span style=\"color: #000000\">Tambi\u00e9n, otro reto es incorporar todo el cart\u00f3n ondulado y cartoncillo con el sello FSC de bosques sostenibles, as\u00ed como gestionar la reutilizaci\u00f3n de todos los residuos de cart\u00f3n en la propia compa\u00f1\u00eda.<\/span><\/p>\n<p>&#013;<\/p>\n<p><span style=\"color: #000000\">Finalmente, Olaso ha destacado que tras la pandemia y la guerra de Ucrania se han disparado todos los precios del \u201ccart\u00f3n, el film o la energ\u00eda, lo que nos obliga a ser m\u00e1s eficientes, oblig\u00e1ndonos a ser imaginativos para ver d\u00f3nde se pueden ahorrar los costes\u201d.<\/span><\/p>\n<p>&#013;<\/p>\n<p><span style=\"color: #000000\">Por \u00faltimo, en el Desayuno tambi\u00e9n han intervenido las compa\u00f1\u00edas Creaprint, Grabalfa y Cartonajes GAMOY para presentarse como nuevas empresas asociadas al Cluster de Innovaci\u00f3n en Envase y Embalaje. Asimismo, el director del Cluster de Envase y Embalaje, Jes\u00fas P\u00e9rez, ha explicado la agenda para los pr\u00f3ximos meses, donde destacan una jornada de digitalizaci\u00f3n para el pr\u00f3ximo 12 de mayo, la presencia en la feria Hispack y la celebraci\u00f3n el 10 de junio del acto de entrega de los XIII Premios de Envase.<\/span><\/p>\n<\/div>\n<p>(perform(d,s,id){var js,fjs=d.getElementsByTagName(s)[0];if(d.getElementById(id)){return;}<br \/>\njs=d.createElement(s);js.id=id;js.src=&#8221;https:\/\/connect.facebook.net\/es_ES\/all.js#xfbml=1&#8243;;fjs.parentNode.insertBefore(js,fjs);}(doc,&#8217;script&#8217;,&#8217;facebook-jssdk&#8217;));<br \/>\n<br \/><\/p>\n<p><em> \u2018 The preceding article may include information circulated by third parties \u2019 <\/em><\/p>\n<p><em> \u2018 Some details of this article were extracted from the following source www.packaginglatam.com \u2019 <\/em><\/p>\n","protected":false},"excerpt":{"rendered":"<p>La firma internacional ha trasladado sus retos en un nuevo desayuno del Cluster de Innovaci\u00f3n en Envase y Embalaje.\u00a0Cerca de 100 profesionales han asistido a la cita celebrada en el centro de innovaci\u00f3n del grupo internacional. La compa\u00f1\u00eda busca reducir un 21% su huella de carbono hasta el a\u00f1o 2025 &#013; El holding internacional de [&hellip;]<\/p>\n","protected":false},"author":2,"featured_media":322175,"comment_status":"open","ping_status":"closed","sticky":false,"template":"","format":"standard","meta":{"om_disable_all_campaigns":false,"jnews-multi-image_gallery":[],"jnews_single_post":[],"jnews_primary_category":[],"jnews_social_meta":[],"footnotes":""},"categories":[43],"tags":[46209],"class_list":["post-322174","post","type-post","status-publish","format-standard","has-post-thumbnail","hentry","category-gourmet","tag-vicky-foods-agradece-el-esfuerzo-del-sector-del-packaging"],"_links":{"self":[{"href":"https:\/\/dimensionturistica.com\/es\/wp-json\/wp\/v2\/posts\/322174","targetHints":{"allow":["GET"]}}],"collection":[{"href":"https:\/\/dimensionturistica.com\/es\/wp-json\/wp\/v2\/posts"}],"about":[{"href":"https:\/\/dimensionturistica.com\/es\/wp-json\/wp\/v2\/types\/post"}],"author":[{"embeddable":true,"href":"https:\/\/dimensionturistica.com\/es\/wp-json\/wp\/v2\/users\/2"}],"replies":[{"embeddable":true,"href":"https:\/\/dimensionturistica.com\/es\/wp-json\/wp\/v2\/comments?post=322174"}],"version-history":[{"count":0,"href":"https:\/\/dimensionturistica.com\/es\/wp-json\/wp\/v2\/posts\/322174\/revisions"}],"wp:featuredmedia":[{"embeddable":true,"href":"https:\/\/dimensionturistica.com\/es\/wp-json\/wp\/v2\/media\/322175"}],"wp:attachment":[{"href":"https:\/\/dimensionturistica.com\/es\/wp-json\/wp\/v2\/media?parent=322174"}],"wp:term":[{"taxonomy":"category","embeddable":true,"href":"https:\/\/dimensionturistica.com\/es\/wp-json\/wp\/v2\/categories?post=322174"},{"taxonomy":"post_tag","embeddable":true,"href":"https:\/\/dimensionturistica.com\/es\/wp-json\/wp\/v2\/tags?post=322174"}],"curies":[{"name":"wp","href":"https:\/\/api.w.org\/{rel}","templated":true}]}}