{"id":322075,"date":"2022-05-25T16:27:25","date_gmt":"2022-05-25T16:27:25","guid":{"rendered":"https:\/\/dimensionturistica.com\/es\/?p=322075"},"modified":"2022-05-25T16:27:26","modified_gmt":"2022-05-25T16:27:26","slug":"black-week-en-abreupro-nota-de-prensa-en-hosteltur","status":"publish","type":"post","link":"https:\/\/dimensionturistica.com\/es\/black-week-en-abreupro-nota-de-prensa-en-hosteltur\/","title":{"rendered":"Black Week en AbreuPRO | Nota de prensa en Hosteltur"},"content":{"rendered":"<p> <br \/>\n<\/p>\n<div>\n<div class=\"wysiwyg-photo\"><img decoding=\"async\" src=\"https:\/\/static.hosteltur.com\/app\/public\/uploads\/img\/releases\/2022\/05\/25\/L_175757_emailing-bweek-abreupro.jpg\" alt=\"Imagen nota de prensa Hosteltur\" width=\"310\" height=\"388\" \/><\/div>\n<p>Cabo Verde, Turqu\u00eda y Saidia son algunas de las propuestas de Paquetes AbreuPRO para la campa\u00f1a que promueve descuentos para las vacaciones de Verano.<\/p>\n<p>Black Week tiene precios desde los \u20ac559 y va a estar disponible desde el d\u00eda 27 mayo hasta el 6 de junio, con sugerencias de otros destinos en Solo Alojamiento o Vuelo + Lodge como EEUU (Nueva York, Miami y Orlando) o las islas de Zanzibar, Mauricio o Seychelles, adem\u00e1s de circuitos en Turqu\u00eda. La programaci\u00f3n incluye salidas entre Junio y Octubre, desde los aeropuertos de Madrid, Barcelona, Bilbao y Oporto (Portugal).<\/p>\n<p>Y como no, Madeira, Porto Santo y Azores, adem\u00e1s de Algarve, Lisboa y Oporto que son de los destinos m\u00e1s buscados este 2022 y que por supuesto est\u00e1n incluidos en esta campa\u00f1a donde somos verdaderos especialistas, permitiendo ofrecer precios muy competitivos.<\/p>\n<p>\u201cEste Black Week de Verano es un concepto que incorporamos en el mercado Espa\u00f1ol para ofrecer precios interesantes a nuestros partners pensando en las pr\u00f3ximas vacaciones de nuestros mutuos clientes\u201d, explica Carlos Villarreal, el director normal de AbreuPRO.<\/p>\n<p><strong>AbreuPRO: la marca y el servicio<\/strong><\/p>\n<p>AbreuPRO naci\u00f3 el a\u00f1o pasado y se presenta como un agregador del producto del Grupo Abreu, operando cerca de sus agentes de viajes asociados con equipos en Madrid, Barcelona, Pa\u00eds Vasco y Galicia. A trav\u00e9s del acceso profesional, el producto seleccionado est\u00e1 disponible en abreupro.com y galicia.abreupro.com, Comunidad que se beneficia de la proximidad con el aeropuerto de Oporto para conexiones a\u00e9reas directas con variados destinos.<\/p>\n<\/p><\/div>\n\n<p><em> &#8221; Fuentes www.hosteltur.com &#8221; <\/em><\/p>\n","protected":false},"excerpt":{"rendered":"<p>Cabo Verde, Turqu\u00eda y Saidia son algunas de las propuestas de Paquetes AbreuPRO para la campa\u00f1a que promueve descuentos para las vacaciones de Verano. Black Week tiene precios desde los \u20ac559 y va a estar disponible desde el d\u00eda 27 mayo hasta el 6 de junio, con sugerencias de otros destinos en Solo Alojamiento o [&hellip;]<\/p>\n","protected":false},"author":4,"featured_media":322076,"comment_status":"open","ping_status":"closed","sticky":false,"template":"","format":"standard","meta":{"om_disable_all_campaigns":false,"jnews-multi-image_gallery":[],"jnews_single_post":[],"jnews_primary_category":[],"jnews_social_meta":[],"footnotes":""},"categories":[40],"tags":[572],"class_list":["post-322075","post","type-post","status-publish","format-standard","has-post-thumbnail","hentry","category-industria","tag-distribucion"],"_links":{"self":[{"href":"https:\/\/dimensionturistica.com\/es\/wp-json\/wp\/v2\/posts\/322075","targetHints":{"allow":["GET"]}}],"collection":[{"href":"https:\/\/dimensionturistica.com\/es\/wp-json\/wp\/v2\/posts"}],"about":[{"href":"https:\/\/dimensionturistica.com\/es\/wp-json\/wp\/v2\/types\/post"}],"author":[{"embeddable":true,"href":"https:\/\/dimensionturistica.com\/es\/wp-json\/wp\/v2\/users\/4"}],"replies":[{"embeddable":true,"href":"https:\/\/dimensionturistica.com\/es\/wp-json\/wp\/v2\/comments?post=322075"}],"version-history":[{"count":0,"href":"https:\/\/dimensionturistica.com\/es\/wp-json\/wp\/v2\/posts\/322075\/revisions"}],"wp:featuredmedia":[{"embeddable":true,"href":"https:\/\/dimensionturistica.com\/es\/wp-json\/wp\/v2\/media\/322076"}],"wp:attachment":[{"href":"https:\/\/dimensionturistica.com\/es\/wp-json\/wp\/v2\/media?parent=322075"}],"wp:term":[{"taxonomy":"category","embeddable":true,"href":"https:\/\/dimensionturistica.com\/es\/wp-json\/wp\/v2\/categories?post=322075"},{"taxonomy":"post_tag","embeddable":true,"href":"https:\/\/dimensionturistica.com\/es\/wp-json\/wp\/v2\/tags?post=322075"}],"curies":[{"name":"wp","href":"https:\/\/api.w.org\/{rel}","templated":true}]}}