{"id":322056,"date":"2022-05-25T16:02:23","date_gmt":"2022-05-25T16:02:23","guid":{"rendered":"https:\/\/dimensionturistica.com\/es\/?p=322056"},"modified":"2022-05-25T16:02:23","modified_gmt":"2022-05-25T16:02:23","slug":"vicky-foods-vende-un-77-mas-hasta-los-405-millones-de-euros","status":"publish","type":"post","link":"https:\/\/dimensionturistica.com\/es\/vicky-foods-vende-un-77-mas-hasta-los-405-millones-de-euros\/","title":{"rendered":"Vicky Foods vende un 7,7% m\u00e1s, hasta los 405 millones de euros"},"content":{"rendered":"<p> <br \/>\n<\/p>\n<div style=\"padding-top: 0px;font-size:1.1em\">\n<p>El <a target=\"_blank\" href=\"https:\/\/economia3.com\/ficha-empresa\/vicky-foods-products-sl\/\" rel=\"noopener\">holding internacional de alimentaci\u00f3n Vicky Foods<\/a> ha logrado campear el temporal e hizo crecer su facturaci\u00f3n <strong>un 7,7%<\/strong> en 2021 respecto a 2020, hasta los <strong>405 millones de cifra de negocio<\/strong>. La compa\u00f1\u00eda tambi\u00e9n aument\u00f3 en un 10% su producci\u00f3n, con m\u00e1s de <strong>192.500 toneladas <\/strong>de producto, que han llegado a los m\u00e1s <strong>80.000 puntos de venta <\/strong>con los que cuenta solo en Espa\u00f1a.<\/p>\n<p>Por categor\u00edas, Vicky Meals, que cuenta entre sus marcas con <strong>Dulcesol, Be Plus y Hermanos Juan, <\/strong>increment\u00f3 un <strong>38% su volumen de producci\u00f3n de pan<\/strong>, lo que le llev\u00f3 a alcanzar los <strong>127 millones de euros <\/strong>en ventas en 2021 y afianzar su liderazgo en esta divisi\u00f3n, que encadena cinco a\u00f1os de incremento ininterrumpido, con un acumulado del 265% y una cuota de exportaci\u00f3n ya cercana al 30%.<\/p>\n<p>Con estas cifras, consecuencia de su <em>\u00abconstante apuesta por la diversificaci\u00f3n\u00bb <\/em>con el objetivo de cubrir las necesidades actuales de sus consumidores, el <strong>pan recupera el protagonismo a nivel de producci\u00f3n de la empresa<\/strong>, con un 52% de cuota, retornando as\u00ed a sus or\u00edgenes como una panificadora fundada por <strong>Antonio Juan, padre del precise CEO, Rafael Juan<\/strong>. Por su parte, la divisi\u00f3n de pasteler\u00eda y boller\u00eda alcanz\u00f3 un 46% de cuota destacando las familias de magdalenas, seguidas de las de croissants y pastelitos de plancha de bizcocho.<\/p>\n<p>Por \u00faltimo, <strong>Be Plus, <\/strong>su marca de alimentaci\u00f3n saludable con una oferta que se basa en productos <em>clear label <\/em>y elaborados con ingredientes naturales, mantuvo su crecimiento, especialmente en las l\u00edneas de Child Meals y bebidas. Y, <strong>Hermanos Juan<\/strong>, su marca de boller\u00eda y pan congelado para hosteler\u00eda y el canal alimentaci\u00f3n lanzada en 2017, dobl\u00f3 su volumen.<\/p>\n<blockquote>\n<h2>\u201c<em>En 2021 nos hemos enfrentado a grandes desaf\u00edos\u00bb<\/em><\/h2>\n<\/blockquote>\n<p><strong>Rafael Juan, CEO de Vicky Meals, <\/strong>ha afirmado que \u201c<em>en 2021 nos hemos enfrentado a grandes desaf\u00edos como el incremento de las materias primas, la crisis energ\u00e9tica o el transporte, sin olvidarnos de la situaci\u00f3n de incertidumbre resultante de la pandemia. A pesar de ello, hemos conseguido seguir creciendo gracias al avance de nuestros ejes estrat\u00e9gicos que continuar\u00e1n marcando el camino de la compa\u00f1\u00eda en 2022<\/em>\u201d.<\/p>\n<p><em>\u00abHa habido un incremento elevad\u00edsimo de materias primas y de costes energ\u00e9ticos: fuel, electricidad y combustibles. En todas las empresas industriales ha tenido un impacto muy elevado\u00bb<\/em>, ha expresado Juan. Pese a ello, y al impacto de la Guerra de Ucrania en dos productos esenciales para la producci\u00f3n de Vicky Meals, como el aceite de girasol y el trigo, han encontrado suministro de estos ingredientes. <em>\u00abY, aunque no se ha normalizado del todo, estamos en un entorno m\u00e1s regular y no incidir\u00e1 de manera grave en la actividad\u00bb<\/em>, ha apuntado.<\/p>\n<p>Respecto al encarecimiento de materias primas, el CEO de la compa\u00f1\u00eda alimentaria ha afirmado que se han visto obligados a <em>\u00abrepercutir el encarecimiento en los productos\u00bb<\/em>. Por ejemplo, el precio de las madalenas ha subido un 100%, ha lamentado. <em>\u00abSolo el aceite de girasol ha triplicado su precio respecto a 2020. Est\u00e1 teniendo impacto en los m\u00e1rgenes, pero el grupo tiene una situaci\u00f3n saneada y no hemos visto afectada nuestra actividad y esperamos seguir creciendo en 2022\u00bb, <\/em>ha destacado.<\/p>\n<div id=\"attachment_478045\" style=\"width: 1210px\" class=\"wp-caption alignnone\"><img decoding=\"async\" aria-describedby=\"caption-attachment-478045\" loading=\"lazy\" class=\"wp-image-478045 size-full\" src=\"https:\/\/economia3.com\/wp-content\/uploads\/2022\/05\/Rafael-Juan_Consejero-Delegado-Vicky-Foods.jpg\" alt=\"Rafael Juan, CEO de Vicky Foods\" width=\"1200\" height=\"750\" srcset=\"https:\/\/economia3.com\/wp-content\/uploads\/2022\/05\/Rafael-Juan_Consejero-Delegado-Vicky-Foods.jpg 1200w, https:\/\/economia3.com\/wp-content\/uploads\/2022\/05\/Rafael-Juan_Consejero-Delegado-Vicky-Foods-360x225.jpg 360w, https:\/\/economia3.com\/wp-content\/uploads\/2022\/05\/Rafael-Juan_Consejero-Delegado-Vicky-Foods-750x469.jpg 750w, https:\/\/economia3.com\/wp-content\/uploads\/2022\/05\/Rafael-Juan_Consejero-Delegado-Vicky-Foods-200x125.jpg 200w, https:\/\/economia3.com\/wp-content\/uploads\/2022\/05\/Rafael-Juan_Consejero-Delegado-Vicky-Foods-768x480.jpg 768w, https:\/\/economia3.com\/wp-content\/uploads\/2022\/05\/Rafael-Juan_Consejero-Delegado-Vicky-Foods-600x375.jpg 600w\" \/><\/p>\n<p id=\"caption-attachment-478045\" class=\"wp-caption-text\">Rafael Juan, CEO de Vicky Meals<\/p>\n<\/div>\n<p>En cuanto al alza de precios, Rafael Juan ha sostenido que <em>\u00ablos datos de consumo en Espa\u00f1a reflejan una ca\u00edda significativa, pero en nuestro caso, nuestro sector es antic\u00edclico. En la medida en la que el consumidor eat m\u00e1s en el hogar, no solo no nos afecta negativamente sino que incrementa la demanda de nuestros productos\u00bb<\/em>.<\/p>\n<h2>70 aniversario de Vicky Meals<\/h2>\n<p>Este a\u00f1o, Vicky Meals cumple su <strong>70 aniversario, <\/strong>convertido en una empresa referente dentro de su sector con m\u00e1s de <strong>2.700 empleados<\/strong>, <strong>cuatro plantas de producci\u00f3n <\/strong>-tres en Espa\u00f1a y uno en Argelia, y presencia en m\u00e1s de <strong>50 pa\u00edses-<\/strong>. Seg\u00fan ha a\u00f1adido <strong>Juan <\/strong><em>\u201cde cara a los pr\u00f3ximos 70, continuaremos trabajando para ser una compa\u00f1\u00eda de alimentaci\u00f3n l\u00edder, innovadora y sostenible. Con proyecci\u00f3n internacional y orientada a satisfacer las demandas de sus clientes y consumidores\u201d.<\/em><\/p>\n<p>Vicky Meals factur\u00f3 <strong>89 millones <\/strong>de euros en el mercado exterior, un 14% m\u00e1s que el a\u00f1o anterior. De esta manera, de los ingresos obtenidos por el grupo de alimentaci\u00f3n a nivel world, cerca del 22% corresponden al mercado exterior. Entre los pa\u00edses con mayor volumen se encuentran <strong>Francia, Portugal, Argelia, Reino Unido, Italia y Alemania.<\/strong><\/p>\n<p><img decoding=\"async\" loading=\"lazy\" class=\"alignnone wp-image-470585 size-full\" src=\"https:\/\/economia3.com\/wp-content\/uploads\/2022\/01\/Vicky-Foods_linea-de-produccion-de-pan-1.jpg\" alt=\"Vicky Foods l\u00ednea de producci\u00f3n de pan\" width=\"1200\" height=\"750\" srcset=\"https:\/\/economia3.com\/wp-content\/uploads\/2022\/01\/Vicky-Foods_linea-de-produccion-de-pan-1.jpg 1200w, https:\/\/economia3.com\/wp-content\/uploads\/2022\/01\/Vicky-Foods_linea-de-produccion-de-pan-1-360x225.jpg 360w, https:\/\/economia3.com\/wp-content\/uploads\/2022\/01\/Vicky-Foods_linea-de-produccion-de-pan-1-750x469.jpg 750w, https:\/\/economia3.com\/wp-content\/uploads\/2022\/01\/Vicky-Foods_linea-de-produccion-de-pan-1-200x125.jpg 200w, https:\/\/economia3.com\/wp-content\/uploads\/2022\/01\/Vicky-Foods_linea-de-produccion-de-pan-1-768x480.jpg 768w, https:\/\/economia3.com\/wp-content\/uploads\/2022\/01\/Vicky-Foods_linea-de-produccion-de-pan-1-600x375.jpg 600w\" \/><\/p>\n<p>Su plan de crecimiento pasa por <strong>seguir siendo reforzando su posici\u00f3n <\/strong>en sus pa\u00edses estrat\u00e9gicos; as\u00ed como <strong>abrir nuevos mercados <\/strong>ligados a tendencias globales de consumo saludables e innovadoras.<\/p>\n<h2><strong>Cerca de 20 millones de inversi\u00f3n en infraestructura, procesos e I+D+i<\/strong><\/h2>\n<p>En 2021, Vicky Meals <strong>invirti\u00f3 19,5 millones <\/strong>de euros, enfocados fundamentalmente en mejoras en <strong>procedimientos y procesos<\/strong>; <strong>innovaci\u00f3n tecnol\u00f3gica <\/strong>potenciando la digitalizaci\u00f3n de la compa\u00f1\u00eda; <strong>infraestructuras <\/strong>y en el <strong>desarrollo de nuevas propuestas<\/strong>, apostando por la constante mejora del perfil nutricional de sus productos.<\/p>\n<p>En <strong>2022 se invertir\u00e1n 30 millones <\/strong>de euros para la incorporaci\u00f3n de maquinaria de \u00faltima generaci\u00f3n; infraestructuras; procesos de desarrollo industrial y proyectos de I+D+i.<\/p>\n<h2><strong>Fundaci\u00f3n Vicky Meals y sostenibilidad<\/strong><\/h2>\n<p>Vicky Meals ha continuado avanzando en sus pol\u00edticas <strong>medioambientales <\/strong>y aquellas orientadas a <strong>aportar valor a la sociedad<\/strong>. As\u00ed, en materia ambiental, complet\u00f3 la transici\u00f3n a <strong>envases biodegradables <\/strong>de todos los productos de pan y pasteler\u00eda de su marca Dulcesol. Tambi\u00e9n prosigui\u00f3 con su <strong>plan fotovoltaico, <\/strong>por el que ya ha instalado placas solares en sus principales plantas y delegaciones.<\/p>\n<p>Por \u00faltimo, y como parte de su compromiso con la sociedad, la compa\u00f1\u00eda sigui\u00f3 consolidando la labor de su Fundaci\u00f3n Vicky Meals, que lanz\u00f3 su primer premio <strong>\u2018Fundaci\u00f3n Vicky Foods a la investigaci\u00f3n en nutrici\u00f3n y salud\u2019 <\/strong>y que fue destinado al proyecto \u2018Derivados de cereales enriquecidos con taninos para la nutrici\u00f3n personalizada de ni\u00f1os cel\u00edacos\u2019 dirigido por el <strong>Dr. Jos\u00e9 \u00c1ngel Rufi\u00e1n Henares, catedr\u00e1tico del Departamento de Nutrici\u00f3n y Bromatolog\u00eda de la Universidad de Granada.<\/strong><\/p>\n<\/p><\/div>\n\n<p><em> \u2018 The preceding article may include information circulated by third parties \u2019 <\/em><\/p>\n<p><em> \u2018 Some details of this article were extracted from the following source economia3.com \u2019 <\/em><\/p>\n","protected":false},"excerpt":{"rendered":"<p>El holding internacional de alimentaci\u00f3n Vicky Foods ha logrado campear el temporal e hizo crecer su facturaci\u00f3n un 7,7% en 2021 respecto a 2020, hasta los 405 millones de cifra de negocio. La compa\u00f1\u00eda tambi\u00e9n aument\u00f3 en un 10% su producci\u00f3n, con m\u00e1s de 192.500 toneladas de producto, que han llegado a los m\u00e1s 80.000 [&hellip;]<\/p>\n","protected":false},"author":2,"featured_media":322057,"comment_status":"open","ping_status":"closed","sticky":false,"template":"","format":"standard","meta":{"om_disable_all_campaigns":false,"jnews-multi-image_gallery":[],"jnews_single_post":[],"jnews_primary_category":[],"jnews_social_meta":[],"footnotes":""},"categories":[43],"tags":[],"class_list":["post-322056","post","type-post","status-publish","format-standard","has-post-thumbnail","hentry","category-gourmet"],"_links":{"self":[{"href":"https:\/\/dimensionturistica.com\/es\/wp-json\/wp\/v2\/posts\/322056","targetHints":{"allow":["GET"]}}],"collection":[{"href":"https:\/\/dimensionturistica.com\/es\/wp-json\/wp\/v2\/posts"}],"about":[{"href":"https:\/\/dimensionturistica.com\/es\/wp-json\/wp\/v2\/types\/post"}],"author":[{"embeddable":true,"href":"https:\/\/dimensionturistica.com\/es\/wp-json\/wp\/v2\/users\/2"}],"replies":[{"embeddable":true,"href":"https:\/\/dimensionturistica.com\/es\/wp-json\/wp\/v2\/comments?post=322056"}],"version-history":[{"count":0,"href":"https:\/\/dimensionturistica.com\/es\/wp-json\/wp\/v2\/posts\/322056\/revisions"}],"wp:featuredmedia":[{"embeddable":true,"href":"https:\/\/dimensionturistica.com\/es\/wp-json\/wp\/v2\/media\/322057"}],"wp:attachment":[{"href":"https:\/\/dimensionturistica.com\/es\/wp-json\/wp\/v2\/media?parent=322056"}],"wp:term":[{"taxonomy":"category","embeddable":true,"href":"https:\/\/dimensionturistica.com\/es\/wp-json\/wp\/v2\/categories?post=322056"},{"taxonomy":"post_tag","embeddable":true,"href":"https:\/\/dimensionturistica.com\/es\/wp-json\/wp\/v2\/tags?post=322056"}],"curies":[{"name":"wp","href":"https:\/\/api.w.org\/{rel}","templated":true}]}}