{"id":322044,"date":"2022-05-25T15:48:14","date_gmt":"2022-05-25T15:48:14","guid":{"rendered":"https:\/\/dimensionturistica.com\/es\/?p=322044"},"modified":"2022-05-25T15:48:15","modified_gmt":"2022-05-25T15:48:15","slug":"cuauhtemoc-blanco-otorga-la-marca-turistica-morelos-la-eterna-primavera","status":"publish","type":"post","link":"https:\/\/dimensionturistica.com\/es\/cuauhtemoc-blanco-otorga-la-marca-turistica-morelos-la-eterna-primavera\/","title":{"rendered":"Cuauht\u00e9moc Blanco otorga la marca tur\u00edstica Morelos la Eterna Primavera"},"content":{"rendered":"<p> <br \/>\n<\/p>\n<div>\n<p> <span class=\"escrito\">Escrito en <\/span> <span class=\"seccion\">MORELOS<\/span> <span class=\"el\">el<\/span> 24\/5\/2022 \u00b7 11:09 hs <\/p>\n<\/p><\/div>\n<div>\n<p>La Secretar\u00eda de Turismo y Cultura (STyC) y el Fideicomiso Turismo Morelos (Fitur) trabajaron de manera coordinada, logrando el registro y los derechos de esta marca, por lo que estar\u00e1 disponible para el uso de las personas dedicadas a la prestaci\u00f3n de servicios en este ramo, con la finalidad de que puedan utilizarla y seguir posicionando al estado en el plano nacional e internacional.<br \/>\u00a0<br \/>El jefe del Poder Ejecutivo otorg\u00f3 acreditaciones a la Asociaci\u00f3n de Hoteles del estado de Morelos; Asociaci\u00f3n de Parques Acu\u00e1ticos y Balnearios de Morelos (APABAM); Asociaci\u00f3n Mexicana de Agencias de Viajes (AMAV); Asociaci\u00f3n Mexicana de Mujeres Empresarias A.C.; C\u00e1mara Nacional de la Industria de Restaurantes y Alimentos Condimentados (Canirac).<\/p>\n<div class=\"image-align-center\">\n<figure class=\"image\"><figcaption>Cuauht\u00e9moc Blanco otorga la marca tur\u00edstica &#8220;Morelos la Eterna Primavera&#8221;<\/figcaption><\/figure>\n<\/p><\/div>\n<p>\u00a0<br \/>En este acto protocolario, el mandatario estatal estuvo acompa\u00f1ado de Julieta Goldzweig Cornejo, titular de la STyC; Esther Elena Pe\u00f1a N\u00fa\u00f1ez, directora del Fitur, as\u00ed como del secretario de Turismo del Gobierno federal, Miguel Torruco Marqu\u00e9s y el subsecretario Humberto Hern\u00e1ndez Haddad.<\/p>\n<\/p><\/div>\n\n<p><em> &#8221; Fuentes www.radioformula.com.mx &#8221; <\/em><\/p>\n","protected":false},"excerpt":{"rendered":"<p>Escrito en MORELOS el 24\/5\/2022 \u00b7 11:09 hs La Secretar\u00eda de Turismo y Cultura (STyC) y el Fideicomiso Turismo Morelos (Fitur) trabajaron de manera coordinada, logrando el registro y los derechos de esta marca, por lo que estar\u00e1 disponible para el uso de las personas dedicadas a la prestaci\u00f3n de servicios en este ramo, con [&hellip;]<\/p>\n","protected":false},"author":4,"featured_media":322045,"comment_status":"open","ping_status":"closed","sticky":false,"template":"","format":"standard","meta":{"om_disable_all_campaigns":false,"jnews-multi-image_gallery":[],"jnews_single_post":[],"jnews_primary_category":[],"jnews_social_meta":[],"footnotes":""},"categories":[40],"tags":[27207,46152],"class_list":["post-322044","post","type-post","status-publish","format-standard","has-post-thumbnail","hentry","category-industria","tag-cuauhtemoc-blanco","tag-tianguis-turistico-2022"],"_links":{"self":[{"href":"https:\/\/dimensionturistica.com\/es\/wp-json\/wp\/v2\/posts\/322044","targetHints":{"allow":["GET"]}}],"collection":[{"href":"https:\/\/dimensionturistica.com\/es\/wp-json\/wp\/v2\/posts"}],"about":[{"href":"https:\/\/dimensionturistica.com\/es\/wp-json\/wp\/v2\/types\/post"}],"author":[{"embeddable":true,"href":"https:\/\/dimensionturistica.com\/es\/wp-json\/wp\/v2\/users\/4"}],"replies":[{"embeddable":true,"href":"https:\/\/dimensionturistica.com\/es\/wp-json\/wp\/v2\/comments?post=322044"}],"version-history":[{"count":0,"href":"https:\/\/dimensionturistica.com\/es\/wp-json\/wp\/v2\/posts\/322044\/revisions"}],"wp:featuredmedia":[{"embeddable":true,"href":"https:\/\/dimensionturistica.com\/es\/wp-json\/wp\/v2\/media\/322045"}],"wp:attachment":[{"href":"https:\/\/dimensionturistica.com\/es\/wp-json\/wp\/v2\/media?parent=322044"}],"wp:term":[{"taxonomy":"category","embeddable":true,"href":"https:\/\/dimensionturistica.com\/es\/wp-json\/wp\/v2\/categories?post=322044"},{"taxonomy":"post_tag","embeddable":true,"href":"https:\/\/dimensionturistica.com\/es\/wp-json\/wp\/v2\/tags?post=322044"}],"curies":[{"name":"wp","href":"https:\/\/api.w.org\/{rel}","templated":true}]}}