{"id":322004,"date":"2022-05-25T14:05:35","date_gmt":"2022-05-25T14:05:35","guid":{"rendered":"https:\/\/dimensionturistica.com\/es\/?p=322004"},"modified":"2022-05-25T14:05:35","modified_gmt":"2022-05-25T14:05:35","slug":"25-de-mayo-7-lugares-en-buenos-aires-para-comer-locro-y-platos-patrios","status":"publish","type":"post","link":"https:\/\/dimensionturistica.com\/es\/25-de-mayo-7-lugares-en-buenos-aires-para-comer-locro-y-platos-patrios\/","title":{"rendered":"25 de Mayo: 7 lugares en Buenos Aires para comer locro y platos patrios"},"content":{"rendered":"<p> <br \/>\n<\/p>\n<div>\n<div class=\"visual__image\"><img decoding=\"async\" alt=\"El origen del locro se relaciona con la cocina de los pueblos originarios quechua, o quichua, quienes lo llamaron \u201cluqru\u201d o \u201crucru\u201d\" height=\"1080\" width=\"1920\" class=\"\" src=\"https:\/\/cloudfront-us-east-1.images.arcpublishing.com\/infobae\/X54NH5DPQ5HERBVBLSDO6MI6CY.jpg\" srcset=\"https:\/\/www.infobae.com\/new-resizer\/AucE2OaUw3vg5Sqtu0zPaPdgep0=\/420x236\/filters:format(webp):quality(85)\/cloudfront-us-east-1.images.arcpublishing.com\/infobae\/X54NH5DPQ5HERBVBLSDO6MI6CY.jpg 420w,https:\/\/www.infobae.com\/new-resizer\/0RR8j85Dva92lLQKCbju8eWTL1M=\/768x432\/filters:format(webp):quality(85)\/cloudfront-us-east-1.images.arcpublishing.com\/infobae\/X54NH5DPQ5HERBVBLSDO6MI6CY.jpg 768w,https:\/\/www.infobae.com\/new-resizer\/WdsRBpvkEA6nwqrQp9xHK8hAn7c=\/992x558\/filters:format(webp):quality(85)\/cloudfront-us-east-1.images.arcpublishing.com\/infobae\/X54NH5DPQ5HERBVBLSDO6MI6CY.jpg 992w,https:\/\/www.infobae.com\/new-resizer\/zYLaPnQE-gIkL85KlBOxWeQTflA=\/1200x675\/filters:format(webp):quality(85)\/cloudfront-us-east-1.images.arcpublishing.com\/infobae\/X54NH5DPQ5HERBVBLSDO6MI6CY.jpg 1200w,https:\/\/www.infobae.com\/new-resizer\/E8TWs--NTghFIr6YFNlK5NWcN-g=\/1440x810\/filters:format(webp):quality(85)\/cloudfront-us-east-1.images.arcpublishing.com\/infobae\/X54NH5DPQ5HERBVBLSDO6MI6CY.jpg 1440w\" loading=\"lazy\" \/><figcaption class=\"\">El origen del locro se relaciona con la cocina de los pueblos originarios quechua, o quichua, quienes lo llamaron \u201cluqru\u201d o \u201crucru\u201d<\/figcaption><\/div>\n<p class=\"paragraph\">Son pocos los que tienen la suerte de degustarlo m\u00e1s de una o dos veces al a\u00f1o: <b>prepararlo lleva horas y requiere un <\/b><i><b>know the way <\/b><\/i><b>que contempla tiempos de cocci\u00f3n, mezcla de ingredientes y especias y la experiencia culinaria de quien sabe c\u00f3mo deleitar a sus comensales.<\/b><\/p>\n<p class=\"paragraph\">El <b>locro del 25 de Mayo <\/b>es protagonista indiscutido de la mesa de los argentinos. Es que este guiso de ma\u00edz, zapallo, cerdo, chorizo, panceta, cebolla y muchos etc\u00e9teras requiere una preparaci\u00f3n lenta y no tiene sentido hacerlo para 2 o 3 comensales. As\u00ed que <b>es la excusa perfecta para juntarse y celebrar el feriado. <\/b>Pero, <b>\u00bfd\u00f3nde se consiguen este y otros platos patrios, como empanadas y pastelitos?<\/b><\/p>\n<p class=\"paragraph\">A continuaci\u00f3n,<b> <\/b><mark class=\"hl_yellow\"><b>una gu\u00eda con ocho restaurantes porte\u00f1os donde encontrar los sabores tradicionales de la gastronom\u00eda argentina, desde las recetas m\u00e1s cl\u00e1sicas hasta las versiones <\/b><i><b>veggie.<\/b><\/i><\/mark><\/p>\n<p class=\"paragraph\"><b>Alo\u2019s<\/b><\/p>\n<div class=\"visual__image\"><img decoding=\"async\" alt=\"Comandado por el chef Alejandro Feraud, Alo\u2019s combina sabores ex\u00f3ticos tra\u00eddos de Tailandia o el Amazonas con propuestas bien nuestras (Instagram)\" height=\"1460\" width=\"1222\" class=\"\" src=\"https:\/\/cloudfront-us-east-1.images.arcpublishing.com\/infobae\/GVZLLGCHN5AUHJTRF7CD6CWJME.png\" srcset=\"https:\/\/www.infobae.com\/new-resizer\/K1SOwB-mXTRp3dAVqBQN9KF6jzQ=\/420x560\/filters:format(webp):quality(85)\/cloudfront-us-east-1.images.arcpublishing.com\/infobae\/GVZLLGCHN5AUHJTRF7CD6CWJME.png 420w,https:\/\/www.infobae.com\/new-resizer\/ouHdmrJIogH4V3K30z57AQISlK8=\/768x1024\/filters:format(webp):quality(85)\/cloudfront-us-east-1.images.arcpublishing.com\/infobae\/GVZLLGCHN5AUHJTRF7CD6CWJME.png 768w,https:\/\/www.infobae.com\/new-resizer\/yV88lqjCmgheL1OUQtmsVVXv_pE=\/992x1323\/filters:format(webp):quality(85)\/cloudfront-us-east-1.images.arcpublishing.com\/infobae\/GVZLLGCHN5AUHJTRF7CD6CWJME.png 992w,https:\/\/www.infobae.com\/new-resizer\/NoJ7rbmbSDBsgchugJlsld6jKWU=\/1200x1600\/filters:format(webp):quality(85)\/cloudfront-us-east-1.images.arcpublishing.com\/infobae\/GVZLLGCHN5AUHJTRF7CD6CWJME.png 1200w\" loading=\"lazy\" \/><figcaption class=\"\">Comandado por el chef Alejandro Feraud, Alo\u2019s combina sabores ex\u00f3ticos tra\u00eddos de Tailandia o el Amazonas con propuestas bien nuestras (Instagram)<\/figcaption><\/div>\n<p class=\"paragraph\">Comandado por el chef <b>Alejandro Feraud, Alo\u2019s<\/b> combina sabores ex\u00f3ticos tra\u00eddos de <b>Tailandia<\/b> o el <b>Amazonas<\/b> con propuestas bien nuestras. En su men\u00fa de seis pasos el comensal puede pedir en distintos tama\u00f1os de porciones para disfrutar varios platos y no perderse de nada.<\/p>\n<p class=\"paragraph\">Hoy, a<b> <\/b>partir de las <b>12 horas, sirven un brunch<\/b> que consta de <b>un men\u00fa de pasos maridado para dos personas, inspirado en la fecha patria. <\/b>Tambi\u00e9n, <b>de 11 a 16 horas<\/b>, se puede aprovechar la opci\u00f3n <i><b>take away<\/b><\/i> de productos cl\u00e1sicos como: <b>locro, empanadas y pastelitos.<\/b><\/p>\n<p class=\"paragraph\"><b>&#8211; \u00bfD\u00f3nde? <\/b><mark class=\"hl_yellow\"><b>Blanco Encalada 2120, San Isidro<\/b><\/mark><\/p>\n<p class=\"paragraph\"><b>Asadero<\/b><\/p>\n<div class=\"visual__image\"><img decoding=\"async\" alt=\"En Asadero, Julieta Caruso, cocinera de Casa Cavia, es quien pone en valor el trabajo de la huerta a la mesa, con el objetivo de lograr la trazabilidad absoluta de lo que vamos a servir y de controlar el sabor desde el propio desarrollo de la materia prima (Instagram)\" height=\"1536\" width=\"1226\" class=\"\" src=\"https:\/\/cloudfront-us-east-1.images.arcpublishing.com\/infobae\/OBEA6G4YOVFWFDUKI2G4IZKBEA.png\" srcset=\"https:\/\/www.infobae.com\/new-resizer\/oBUGYg3QDRjUN8ToB5qcXfEBkQA=\/420x560\/filters:format(webp):quality(85)\/cloudfront-us-east-1.images.arcpublishing.com\/infobae\/OBEA6G4YOVFWFDUKI2G4IZKBEA.png 420w,https:\/\/www.infobae.com\/new-resizer\/XKzH_ZeaMEPJOqvbeiioPh7pDEQ=\/768x1024\/filters:format(webp):quality(85)\/cloudfront-us-east-1.images.arcpublishing.com\/infobae\/OBEA6G4YOVFWFDUKI2G4IZKBEA.png 768w,https:\/\/www.infobae.com\/new-resizer\/b6GRtGSx5Em-z0USsIWBI0EKSEk=\/992x1323\/filters:format(webp):quality(85)\/cloudfront-us-east-1.images.arcpublishing.com\/infobae\/OBEA6G4YOVFWFDUKI2G4IZKBEA.png 992w,https:\/\/www.infobae.com\/new-resizer\/RpPlDwWOpLz-g9gJYcz0WKK8ktM=\/1200x1600\/filters:format(webp):quality(85)\/cloudfront-us-east-1.images.arcpublishing.com\/infobae\/OBEA6G4YOVFWFDUKI2G4IZKBEA.png 1200w\" loading=\"lazy\" \/><figcaption class=\"\">En Asadero, Julieta Caruso, cocinera de Casa Cavia, es quien pone en valor el trabajo de la huerta a la mesa, con el objetivo de lograr la trazabilidad absoluta de lo que vamos a servir y de controlar el sabor desde el propio desarrollo de la materia prima (Instagram)<\/figcaption><\/div>\n<p class=\"paragraph\"><b>Asadero<\/b> <b>es un restaurante con acento en el producto de estaci\u00f3n, que trabaja con diversas carnes que se preparan en diferentes cocciones para hacer resaltar la cualidad de cada una.<\/b> Una parrilla, un horno de barro y un ahumadero que trabajan carnes y vegetales por igual. Una carta authentic, que se aleja de lo tradicional, para hacer un producto especial, que sea \u00fanico.<\/p>\n<p class=\"paragraph\"><b>Este mi\u00e9rcoles, <\/b>el equipo de cocina liderado por <b>Julieta Caruso <\/b>ofrece <b>tradicionales platos patrios<\/b> acompa\u00f1ados con los <b>vermuts<\/b> de <b>Tato Giovanonni <\/b>para celebrar la Revoluci\u00f3n de Mayo. <b>\u00bfEl men\u00fa? Empanadas salte\u00f1as, empanadas de vegetales, locro y locro vegetariano.<\/b><\/p>\n<p class=\"paragraph\"><b>&#8211; \u00bfD\u00f3nde? <\/b><mark class=\"hl_yellow\"><b>Corrientes 400, Olivos<\/b><\/mark><\/p>\n<p class=\"paragraph\"><b>RVR Patio<\/b><\/p>\n<div class=\"visual__image\"><img decoding=\"async\" alt=\"En RVR Patio, el peque\u00f1o bar de vinos que se afinca en el patio que une a una cafeter\u00eda y a un local de venta de los productos textiles, Marga Fischtein y Lucas Ramari sirven empanadas y vino (Instagram)\" height=\"1458\" width=\"1542\" class=\"\" src=\"https:\/\/cloudfront-us-east-1.images.arcpublishing.com\/infobae\/EJYVF3P6WRFFJI4P2LE4I7J6HI.png\" srcset=\"https:\/\/www.infobae.com\/new-resizer\/1zn7aRS5LMrZ8TK43IYtgFTF-1Q=\/420x420\/filters:format(webp):quality(85)\/cloudfront-us-east-1.images.arcpublishing.com\/infobae\/EJYVF3P6WRFFJI4P2LE4I7J6HI.png 420w,https:\/\/www.infobae.com\/new-resizer\/4_SMRAaBrCDd0js4GToZ0XnEDpM=\/768x768\/filters:format(webp):quality(85)\/cloudfront-us-east-1.images.arcpublishing.com\/infobae\/EJYVF3P6WRFFJI4P2LE4I7J6HI.png 768w,https:\/\/www.infobae.com\/new-resizer\/bCeNdMkoa9OC0YJHFNH1VPnqmi4=\/992x992\/filters:format(webp):quality(85)\/cloudfront-us-east-1.images.arcpublishing.com\/infobae\/EJYVF3P6WRFFJI4P2LE4I7J6HI.png 992w,https:\/\/www.infobae.com\/new-resizer\/DISLA5QTNjgDx6xdDh3LKy77vvI=\/1200x1200\/filters:format(webp):quality(85)\/cloudfront-us-east-1.images.arcpublishing.com\/infobae\/EJYVF3P6WRFFJI4P2LE4I7J6HI.png 1200w,https:\/\/www.infobae.com\/new-resizer\/H0ZhfMxDPNtUqYLBzbcYiaAadAg=\/1440x1440\/filters:format(webp):quality(85)\/cloudfront-us-east-1.images.arcpublishing.com\/infobae\/EJYVF3P6WRFFJI4P2LE4I7J6HI.png 1440w\" loading=\"lazy\" \/><figcaption class=\"\">En RVR Patio, el peque\u00f1o bar de vinos que se afinca en el patio que une a una cafeter\u00eda y a un native de venta de los productos textiles, Marga Fischtein y Lucas Ramari sirven empanadas y vino (Instagram)<\/figcaption><\/div>\n<p class=\"paragraph\">Para aquellos que salgan en b\u00fasqueda de esos sabores tradicionales de la gastronom\u00eda argentina, en <b>RVR Patio, <\/b>el peque\u00f1o <b>bar de vinos <\/b>que se afinca en el patio que <b>une a una cafeter\u00eda con un native de venta de los productos textiles, Marga Fischtein y Lucas Ramari <\/b>sirven<b> empanadas y vino.<\/b><\/p>\n<p class=\"paragraph\"><b>&#8211; \u00bfD\u00f3nde?<\/b><mark class=\"hl_yellow\"><b> Malabia 1148, Villa Crespo<\/b><\/mark><\/p>\n<p class=\"paragraph\"><b>Buenos Aires Verde<\/b><\/p>\n<div class=\"visual__image\"><img decoding=\"async\" alt=\"Esta versi\u00f3n exclusiva del locro est\u00e1 elaborada con ma\u00edz blanco, tofu ahumado, chorizo vegano, pur\u00e9 de calabaza, zanahoria, morr\u00f3n, verdeo, cebolla, puerro, ajo y especias. Se sirve con salsa picante y una ensalada fresca de hojas verdes y los mejores vegetales del d\u00eda\" height=\"2373\" width=\"3840\" class=\"\" src=\"https:\/\/cloudfront-us-east-1.images.arcpublishing.com\/infobae\/X7TO5QJHNJGPHCUNKCFD6LTM2U.jpg\" srcset=\"https:\/\/www.infobae.com\/new-resizer\/eXN0R__y7oAW1YTvcQxKtbIMdDI=\/992x606\/filters:format(webp):quality(85)\/cloudfront-us-east-1.images.arcpublishing.com\/infobae\/X7TO5QJHNJGPHCUNKCFD6LTM2U.jpg 992w\" loading=\"lazy\" \/><figcaption class=\"\">Esta versi\u00f3n exclusiva del locro est\u00e1 elaborada con ma\u00edz blanco, tofu ahumado, chorizo vegano, pur\u00e9 de calabaza, zanahoria, morr\u00f3n, verdeo, cebolla, puerro, ajo y especias. Se sirve con salsa picante y una ensalada fresca de hojas verdes y los mejores vegetales del d\u00eda<\/figcaption><\/div>\n<p class=\"paragraph\"><b>Buenos Aires Verde,<\/b> el restaurante org\u00e1nico del chef experto <b>Mauro Massimino,<\/b> prepara un <b>locro vegano y libre de gluten<\/b> para festejar este 25 de Mayo. Se puede disfrutar en su native de <b>Palermo<\/b> o pedir con<i> take away.<\/i><\/p>\n<p class=\"paragraph\">Esta versi\u00f3n exclusiva del locro est\u00e1 <b>elaborada con ma\u00edz blanco, tofu ahumado, chorizo vegano<\/b> (a base de arroz yaman\u00ed, harina integral, gluten, ajo, verdeo, hojas verdes y especias)<b>, pur\u00e9 de calabaza, zanahoria, morr\u00f3n, verdeo, cebolla, puerro, ajo y especias. <\/b>Se sirve con salsa picante y una ensalada fresca de hojas verdes y los mejores vegetales del d\u00eda.<\/p>\n<p class=\"paragraph\">Para acompa\u00f1ar, la carta presenta<b> jugos naturales, limonadas caseras, vinos org\u00e1nicos, cervezas artesanales y c\u00f3cteles a base de sake o vino.<\/b><\/p>\n<p class=\"paragraph\"><b>&#8211; \u00bfD\u00f3nde?<\/b><mark class=\"hl_yellow\"><b> Gorriti 5657, Palermo<\/b><\/mark><\/p>\n<p class=\"paragraph\"><b>Anafe<\/b><\/p>\n<div class=\"visual__image\"><img decoding=\"async\" alt=\"Este 25 de mayo al mediod\u00eda, como todos los a\u00f1os hace cinco a\u00f1os, en Anafe hacen locro. Tambi\u00e9n ofrecen bud\u00edn de pan y claro, pastelitos. No hay opci\u00f3n veggie y sirven para comer en el lugar o para llevar hasta agotar stock (Instagram)\" height=\"1540\" width=\"1230\" class=\"\" src=\"https:\/\/cloudfront-us-east-1.images.arcpublishing.com\/infobae\/WVMT4PVESRAZPBQERMXMLNIM7Y.png\" srcset=\"https:\/\/www.infobae.com\/new-resizer\/ozyj-7Vu201jfo_EgplJ2R_7aps=\/420x560\/filters:format(webp):quality(85)\/cloudfront-us-east-1.images.arcpublishing.com\/infobae\/WVMT4PVESRAZPBQERMXMLNIM7Y.png 420w,https:\/\/www.infobae.com\/new-resizer\/e7Gll1RYyNO4CuEX4RieW9M4oMY=\/768x1024\/filters:format(webp):quality(85)\/cloudfront-us-east-1.images.arcpublishing.com\/infobae\/WVMT4PVESRAZPBQERMXMLNIM7Y.png 768w,https:\/\/www.infobae.com\/new-resizer\/F-Ohp3TGYw8Q9wQ6-Xw3dvna1NY=\/992x1323\/filters:format(webp):quality(85)\/cloudfront-us-east-1.images.arcpublishing.com\/infobae\/WVMT4PVESRAZPBQERMXMLNIM7Y.png 992w,https:\/\/www.infobae.com\/new-resizer\/pr1Qt49fGeUlSoSySF9erlw9lF4=\/1200x1600\/filters:format(webp):quality(85)\/cloudfront-us-east-1.images.arcpublishing.com\/infobae\/WVMT4PVESRAZPBQERMXMLNIM7Y.png 1200w\" loading=\"lazy\" \/><figcaption class=\"\">Este 25 de mayo al mediod\u00eda, como todos los a\u00f1os hace cinco a\u00f1os, en Anafe hacen locro. Tambi\u00e9n ofrecen bud\u00edn de pan y claro, pastelitos. No hay opci\u00f3n veggie y sirven para comer en el lugar o para llevar hasta agotar inventory (Instagram)<\/figcaption><\/div>\n<p class=\"paragraph\">Vinos de bodegas independientes, cocina a la vista y dos j\u00f3venes cooks que convirtieron su restaurante de Colegiales en<b> uno de los m\u00e1s aclamados de los \u00faltimos tiempos en Buenos Aires.<\/b> <b>Anafe<\/b> es <b>producto de una concept muy clara y bien llevada adelante. <\/b>La cocina a la vista, un techo de tela amarillo y las mesas y asientos de colegio primario terminan de completar la experiencia en este establecimiento que <b>en 2021 fue elegido por los Latin America\u2019s 50 Finest Eating places como el mejor restaurante emergente del continente.<\/b><\/p>\n<p class=\"paragraph\"><b>Anafe<\/b> tiene <b>seguidores leales entre los amantes de la reposter\u00eda, <\/b>que acuden en masa a este destino gastron\u00f3mico de lujo para disfrutar de <b>sus<\/b> <b>profiteroles<\/b> -adem\u00e1s del pat\u00e9 con financier- elaborados <b>a partir de un crujiente hojaldre Par\u00eds-Brest y rellenos de pralin\u00e9 semifreddo y salsa de caramelo. <\/b>Chic.<\/p>\n<p class=\"paragraph\">Este <b>25 de Mayo, <\/b>como todos los a\u00f1os desde hace cinco a\u00f1os, <b>en Anafe hacen locro. <\/b>Tambi\u00e9n ofrecen <b>bud\u00edn de pan y, claro, pastelitos. <\/b>Es al mediod\u00eda, desde las 12. No hay opci\u00f3n <i>veggie <\/i>y sirven para comer en el lugar o para llevar hasta agotar inventory.<\/p>\n<p class=\"paragraph\"><b>&#8211; \u00bfD\u00f3nde? <\/b><mark class=\"hl_yellow\"><b>Virrey Avil\u00e9s 3216, Colegiales<\/b><\/mark><\/p>\n<p class=\"paragraph\"><b>Lokanta Imprenta<\/b><\/p>\n<div class=\"visual__image\"><img decoding=\"async\" alt=\"El tercer local de Narda Lepes eligi\u00f3 la esquina m\u00e1s ic\u00f3nica de La Imprenta para ubicarse, justo en Maure y Migueletes (Instagram)\" height=\"1424\" width=\"1140\" class=\"\" src=\"https:\/\/cloudfront-us-east-1.images.arcpublishing.com\/infobae\/YB5ZU6MBD5FKLLBCFIH6JE2RLM.png\" srcset=\"https:\/\/www.infobae.com\/new-resizer\/fKEaJX8eOVavSP4b4SYoMCe-ick=\/420x560\/filters:format(webp):quality(85)\/cloudfront-us-east-1.images.arcpublishing.com\/infobae\/YB5ZU6MBD5FKLLBCFIH6JE2RLM.png 420w,https:\/\/www.infobae.com\/new-resizer\/SOcO2bGS2tXGBh_faqgTSV136ZE=\/768x1024\/filters:format(webp):quality(85)\/cloudfront-us-east-1.images.arcpublishing.com\/infobae\/YB5ZU6MBD5FKLLBCFIH6JE2RLM.png 768w,https:\/\/www.infobae.com\/new-resizer\/GVjFBZ7ll0m-OpqDulbN-3xpyGU=\/992x1323\/filters:format(webp):quality(85)\/cloudfront-us-east-1.images.arcpublishing.com\/infobae\/YB5ZU6MBD5FKLLBCFIH6JE2RLM.png 992w,https:\/\/www.infobae.com\/new-resizer\/X8Phd7gtBBvLXkvETA8nJ0DeJNI=\/1200x1600\/filters:format(webp):quality(85)\/cloudfront-us-east-1.images.arcpublishing.com\/infobae\/YB5ZU6MBD5FKLLBCFIH6JE2RLM.png 1200w\" loading=\"lazy\" \/><figcaption class=\"\">El tercer native de Narda Lepes eligi\u00f3 la esquina m\u00e1s ic\u00f3nica de La Imprenta para ubicarse, justo en Maure y Migueletes (Instagram)<\/figcaption><\/div>\n<p class=\"paragraph\">En la misma esquina donde antes funcionaba <b>Narda Comedor Diario Imprenta, Narda Lepes<\/b> abri\u00f3 esta <b>nueva propuesta en un native renovado: m\u00e1s espacioso y luminoso<\/b>. El concepto pasa por la<b> reivindicaci\u00f3n de la cocina casera de los inmigrantes.<\/b><\/p>\n<p class=\"paragraph\"><b>Entre los platos que se preparan este mi\u00e9rcoles en Lokanta Imprenta <\/b>se destacan <b>el locro con guanciale y los pastelitos de batata y membrillo.<\/b><\/p>\n<p class=\"paragraph\"><b>&#8211; \u00bfD\u00f3nde? <\/b><mark class=\"hl_yellow\"><b>Migueletes 898, Las Ca\u00f1itas<\/b><\/mark><\/p>\n<p class=\"paragraph\"><b>Fifi\u0301 Almace\u0301n<\/b><\/p>\n<div class=\"visual__image\"><img decoding=\"async\" alt=\"La propuesta de Fif\u00ed se destaca por desarrollar una cocina 100% a base de plantas, hongos, algas y bacterias\" height=\"2667\" width=\"4000\" class=\"\" src=\"https:\/\/cloudfront-us-east-1.images.arcpublishing.com\/infobae\/OAEKPPZAKBGEBMWGIWTMBJWV2M.jpg\" srcset=\"https:\/\/www.infobae.com\/new-resizer\/CFTGpuPU9iTwpAESp5YrnvS-6hE=\/420x280\/filters:format(webp):quality(85)\/cloudfront-us-east-1.images.arcpublishing.com\/infobae\/OAEKPPZAKBGEBMWGIWTMBJWV2M.jpg 420w,https:\/\/www.infobae.com\/new-resizer\/MlA0yjAG2St6xeMksilmpkSgl6s=\/768x512\/filters:format(webp):quality(85)\/cloudfront-us-east-1.images.arcpublishing.com\/infobae\/OAEKPPZAKBGEBMWGIWTMBJWV2M.jpg 768w,https:\/\/www.infobae.com\/new-resizer\/s8a075Ve03nYlWOOdSH6wkg6zYM=\/992x661\/filters:format(webp):quality(85)\/cloudfront-us-east-1.images.arcpublishing.com\/infobae\/OAEKPPZAKBGEBMWGIWTMBJWV2M.jpg 992w,https:\/\/www.infobae.com\/new-resizer\/ufZVv9SDbd6FM5N-BNRCyK6pv-s=\/1200x800\/filters:format(webp):quality(85)\/cloudfront-us-east-1.images.arcpublishing.com\/infobae\/OAEKPPZAKBGEBMWGIWTMBJWV2M.jpg 1200w,https:\/\/www.infobae.com\/new-resizer\/ryr9GrxxXI3qTQCT7-3togSivgU=\/1440x960\/filters:format(webp):quality(85)\/cloudfront-us-east-1.images.arcpublishing.com\/infobae\/OAEKPPZAKBGEBMWGIWTMBJWV2M.jpg 1440w\" loading=\"lazy\" \/><figcaption class=\"\">La propuesta de Fif\u00ed se destaca por desarrollar una cocina 100% a base de plantas, hongos, algas y bacterias<\/figcaption><\/div>\n<p class=\"paragraph\">Si existe algo en lo que podr\u00edamos concordar es que en todo esta\u0301 el reflejo de uno, y este caso no es excepci\u00f3n: <b>Fif\u00ed Almac\u00e9n es el reflejo de quienes lo hacen. <\/b>Surgi\u00f3 hace ocho a\u00f1os como un negocio acquainted. El cocinero <b>Luciano Combi<\/b> fue la semilla inicial y hoy da forma a un equipo de j\u00f3venes que no solo cree en lo que hace, sino que lo vive cada d\u00eda; algo que se nota al conectar con el plato.<\/p>\n<p class=\"paragraph\">En este espacio gastron\u00f3mico ubicado en <b>Palermo<\/b>, Luciano <b>inculca<\/b> poner el foco en saber de d\u00f3nde viene lo que consumimos, c\u00f3mo esta\u0301 preparado y su impacto, sin dejar de lado la calidad nutricional. <b>\u201cAl final termina siendo algo que nos condiciona como sociedad y nos desarrolla como especie, ser consciente de ese impacto puede ser muy transformador\u201d, <\/b>explic\u00f3 el cocinero.<\/p>\n<p class=\"paragraph\">A su propuesta para celebrar esta fecha patria la describen como un<b> \u201clocro-fusi\u00f3n de cultura a base de plantas y comida t\u00edpica de un 25\u2033 <\/b>y consiste en un men\u00fa para dos de: locro, revuelto de gramajo, pastel de humita\/tempeh y arroz con leche de almendras.<\/p>\n<p class=\"paragraph\"><b>&#8211; \u00bfD\u00f3nde? <\/b><mark class=\"hl_yellow\"><b>Gorriti 4812, Palermo<\/b><\/mark><\/p>\n<p class=\"paragraph\"><b>SEGUIR LEYENDO:<\/b><\/p>\n<div class=\"text-element\"><a target=\"_blank\" href=\"\" rel=\"noopener\"><b>Ruta dulce: d\u00f3nde comer los mejores y m\u00e1s famosos postres en Buenos Aires<\/b><\/a><\/div>\n<div class=\"text-element\"><a target=\"_blank\" href=\"https:\/\/www.infobae.com\/tendencias\/2022\/05\/07\/francis-mallmann-la-innovacion-como-pensamiento-general-en-la-cocina-no-es-algo-bueno\/\" rel=\"noopener\"><b>Francis Mallmann: \u201cLa innovaci\u00f3n como pensamiento general en la cocina no es algo bueno\u201d<\/b><\/a><\/div>\n<div class=\"text-element\"><a target=\"_blank\" href=\"https:\/\/www.infobae.com\/tendencias\/2022\/04\/12\/una-parrilla-argentina-ingreso-en-el-top-3-de-los-mejores-restaurantes-de-carnes-del-mundo\/\" rel=\"noopener\"><b>Una parrilla argentina ingres\u00f3 en el top 3 de los mejores restaurantes de carnes del mundo<\/b><\/a><\/div>\n<\/div>\n<p>!operate(f,b,e,v,n,t,s) {if(f.fbq)return;n=f.fbq=operate(){n.callMethod? n.callMethod.apply(n,arguments):n.queue.push(arguments)}; if(!f._fbq)f._fbq=n;n.push=n;n.loaded=!0;n.model=&#8217;2.0&#8242;; n.queue=[];t=b.createElement(e);t.async=!0; t.src=v;s=b.getElementsByTagName(e)[0]; s.parentNode.insertBefore(t,s)}(window, doc,&#8217;script&#8217;, &#8216;https:\/\/join.fb.web\/en_US\/fbevents.js&#8217;); fbq(&#8216;init&#8217;, &#8216;336383993555320&#8217;); fbq(&#8216;monitor&#8217;, &#8216;PageView&#8217;); fbq(&#8216;monitor&#8217;, &#8216;ViewContent&#8217;);<br \/>\n<br \/><\/p>\n<p><em> \u2018 The preceding article may include information circulated by third parties \u2019 <\/em><\/p>\n<p><em> \u2018 Some details of this article were extracted from the following source www.infobae.com \u2019 <\/em><\/p>\n","protected":false},"excerpt":{"rendered":"<p>El origen del locro se relaciona con la cocina de los pueblos originarios quechua, o quichua, quienes lo llamaron \u201cluqru\u201d o \u201crucru\u201d Son pocos los que tienen la suerte de degustarlo m\u00e1s de una o dos veces al a\u00f1o: prepararlo lleva horas y requiere un know the way que contempla tiempos de cocci\u00f3n, mezcla de [&hellip;]<\/p>\n","protected":false},"author":2,"featured_media":322005,"comment_status":"open","ping_status":"closed","sticky":false,"template":"","format":"standard","meta":{"om_disable_all_campaigns":false,"jnews-multi-image_gallery":[],"jnews_single_post":[],"jnews_primary_category":[],"jnews_social_meta":[],"footnotes":""},"categories":[43],"tags":[],"class_list":["post-322004","post","type-post","status-publish","format-standard","has-post-thumbnail","hentry","category-gourmet"],"_links":{"self":[{"href":"https:\/\/dimensionturistica.com\/es\/wp-json\/wp\/v2\/posts\/322004","targetHints":{"allow":["GET"]}}],"collection":[{"href":"https:\/\/dimensionturistica.com\/es\/wp-json\/wp\/v2\/posts"}],"about":[{"href":"https:\/\/dimensionturistica.com\/es\/wp-json\/wp\/v2\/types\/post"}],"author":[{"embeddable":true,"href":"https:\/\/dimensionturistica.com\/es\/wp-json\/wp\/v2\/users\/2"}],"replies":[{"embeddable":true,"href":"https:\/\/dimensionturistica.com\/es\/wp-json\/wp\/v2\/comments?post=322004"}],"version-history":[{"count":0,"href":"https:\/\/dimensionturistica.com\/es\/wp-json\/wp\/v2\/posts\/322004\/revisions"}],"wp:featuredmedia":[{"embeddable":true,"href":"https:\/\/dimensionturistica.com\/es\/wp-json\/wp\/v2\/media\/322005"}],"wp:attachment":[{"href":"https:\/\/dimensionturistica.com\/es\/wp-json\/wp\/v2\/media?parent=322004"}],"wp:term":[{"taxonomy":"category","embeddable":true,"href":"https:\/\/dimensionturistica.com\/es\/wp-json\/wp\/v2\/categories?post=322004"},{"taxonomy":"post_tag","embeddable":true,"href":"https:\/\/dimensionturistica.com\/es\/wp-json\/wp\/v2\/tags?post=322004"}],"curies":[{"name":"wp","href":"https:\/\/api.w.org\/{rel}","templated":true}]}}