{"id":321331,"date":"2022-05-24T10:21:12","date_gmt":"2022-05-24T10:21:12","guid":{"rendered":"https:\/\/dimensionturistica.com\/es\/?p=321331"},"modified":"2022-05-24T10:21:12","modified_gmt":"2022-05-24T10:21:12","slug":"presentan-luis-aguilar-y-empresa-real-foods-proyecto-porcicola-ante-la-secretaria-de-desarrollo-rural","status":"publish","type":"post","link":"https:\/\/dimensionturistica.com\/es\/presentan-luis-aguilar-y-empresa-real-foods-proyecto-porcicola-ante-la-secretaria-de-desarrollo-rural\/","title":{"rendered":"Presentan Luis Aguilar y empresa Real Foods proyecto porc\u00edcola ante la Secretar\u00eda de Desarrollo Rural"},"content":{"rendered":"<p> <br \/>\n<\/p>\n<div>\n            <!-- image --><\/p>\n<div class=\"td-post-featured-image\"><a target=\"_blank\" href=\"https:\/\/elpuntero.com.mx\/inicio\/wp-content\/uploads\/2022\/05\/IMG-20220523-WA0045.jpg\" data-caption=\"\" rel=\"noopener\"><img decoding=\"async\" width=\"696\" height=\"463\" class=\"entry-thumb td-modal-image\" src=\"https:\/\/elpuntero.com.mx\/inicio\/wp-content\/uploads\/2022\/05\/IMG-20220523-WA0045-696x463.jpg\" srcset=\"https:\/\/elpuntero.com.mx\/inicio\/wp-content\/uploads\/2022\/05\/IMG-20220523-WA0045-696x463.jpg 696w, https:\/\/elpuntero.com.mx\/inicio\/wp-content\/uploads\/2022\/05\/IMG-20220523-WA0045-300x200.jpg 300w, https:\/\/elpuntero.com.mx\/inicio\/wp-content\/uploads\/2022\/05\/IMG-20220523-WA0045-1024x682.jpg 1024w, https:\/\/elpuntero.com.mx\/inicio\/wp-content\/uploads\/2022\/05\/IMG-20220523-WA0045-768x511.jpg 768w, https:\/\/elpuntero.com.mx\/inicio\/wp-content\/uploads\/2022\/05\/IMG-20220523-WA0045-1068x711.jpg 1068w, https:\/\/elpuntero.com.mx\/inicio\/wp-content\/uploads\/2022\/05\/IMG-20220523-WA0045-631x420.jpg 631w, https:\/\/elpuntero.com.mx\/inicio\/wp-content\/uploads\/2022\/05\/IMG-20220523-WA0045.jpg 1200w\" alt=\"\" title=\"IMG-20220523-WA0045\" \/><\/a><\/div>\n<p>            <!-- content --><\/p>\n<p>-Crear\u00e1 empleos mediante la generaci\u00f3n de cooperativas con los productores de la regi\u00f3n<\/p>\n<p>En compa\u00f1\u00eda de la empresa Actual Meals, instalada en la ciudad de Saucillo, y de productores de la regi\u00f3n, el diputado Luis Aguilar sostuvo una reuni\u00f3n con Mauro Parada,  secretario de Desarrollo Rural para presentar un proyecto que busca impulsar la producci\u00f3n porc\u00edcola en varias regiones del estado.<\/p>\n<p>\u201cHace un par de d\u00edas nos reunimos en Saucillo con el ingeniero Jes\u00fas Guerrero, due\u00f1o de la empresa Real Foods, para conocer este gran proyecto. Esta empresa busca procesar carne de res, puerco y pollo para su posterior venta\u201d. <\/p>\n<p>El punto m\u00e1s importante de este proyecto seg\u00fan coment\u00f3 el ingeniero Guerrero, es el esquema de cooperativas mediante las cuales productores estatales realizar\u00e1n la crianza de estos animales, especialmente puercos, generando as\u00ed empleos no solo en esta empresa procesadora, sino en varias regiones de nuestro estado, con la producci\u00f3n de carne para consumo humano.<\/p>\n<p>Dada la importancia de este proyecto, nos reunimos con Desarrollo Rural de Gobierno del Estado, para presentarle este plan y sumar esfuerzos para echar a andar a esta empresa que sin duda, impulsar\u00e1 el crecimiento econ\u00f3mico de nuestro estado e fomentar\u00e1 el desarrollo de los productores porc\u00edcolas chihuahuenses.\u201d, declar\u00f3 Luis Aguilar.<\/p>\n<\/p><\/div>\n\n<p><em> \u2018 The preceding article may include information circulated by third parties \u2019 <\/em><\/p>\n<p><em> \u2018 Some details of this article were extracted from the following source elpuntero.com.mx \u2019 <\/em><\/p>\n","protected":false},"excerpt":{"rendered":"<p>-Crear\u00e1 empleos mediante la generaci\u00f3n de cooperativas con los productores de la regi\u00f3n En compa\u00f1\u00eda de la empresa Actual Meals, instalada en la ciudad de Saucillo, y de productores de la regi\u00f3n, el diputado Luis Aguilar sostuvo una reuni\u00f3n con Mauro Parada, secretario de Desarrollo Rural para presentar un proyecto que busca impulsar la producci\u00f3n [&hellip;]<\/p>\n","protected":false},"author":2,"featured_media":321332,"comment_status":"open","ping_status":"closed","sticky":false,"template":"","format":"standard","meta":{"om_disable_all_campaigns":false,"jnews-multi-image_gallery":[],"jnews_single_post":[],"jnews_primary_category":[],"jnews_social_meta":[],"footnotes":""},"categories":[43],"tags":[],"class_list":["post-321331","post","type-post","status-publish","format-standard","has-post-thumbnail","hentry","category-gourmet"],"_links":{"self":[{"href":"https:\/\/dimensionturistica.com\/es\/wp-json\/wp\/v2\/posts\/321331","targetHints":{"allow":["GET"]}}],"collection":[{"href":"https:\/\/dimensionturistica.com\/es\/wp-json\/wp\/v2\/posts"}],"about":[{"href":"https:\/\/dimensionturistica.com\/es\/wp-json\/wp\/v2\/types\/post"}],"author":[{"embeddable":true,"href":"https:\/\/dimensionturistica.com\/es\/wp-json\/wp\/v2\/users\/2"}],"replies":[{"embeddable":true,"href":"https:\/\/dimensionturistica.com\/es\/wp-json\/wp\/v2\/comments?post=321331"}],"version-history":[{"count":0,"href":"https:\/\/dimensionturistica.com\/es\/wp-json\/wp\/v2\/posts\/321331\/revisions"}],"wp:featuredmedia":[{"embeddable":true,"href":"https:\/\/dimensionturistica.com\/es\/wp-json\/wp\/v2\/media\/321332"}],"wp:attachment":[{"href":"https:\/\/dimensionturistica.com\/es\/wp-json\/wp\/v2\/media?parent=321331"}],"wp:term":[{"taxonomy":"category","embeddable":true,"href":"https:\/\/dimensionturistica.com\/es\/wp-json\/wp\/v2\/categories?post=321331"},{"taxonomy":"post_tag","embeddable":true,"href":"https:\/\/dimensionturistica.com\/es\/wp-json\/wp\/v2\/tags?post=321331"}],"curies":[{"name":"wp","href":"https:\/\/api.w.org\/{rel}","templated":true}]}}