{"id":321038,"date":"2022-05-23T14:04:44","date_gmt":"2022-05-23T14:04:44","guid":{"rendered":"https:\/\/dimensionturistica.com\/es\/?p=321038"},"modified":"2022-05-23T14:04:44","modified_gmt":"2022-05-23T14:04:44","slug":"17-anos-de-viajes-y-felicidad-asi-describio-claudio-bravo-uno-de-los-mejores-dias-de-su-vida","status":"publish","type":"post","link":"https:\/\/dimensionturistica.com\/es\/17-anos-de-viajes-y-felicidad-asi-describio-claudio-bravo-uno-de-los-mejores-dias-de-su-vida\/","title":{"rendered":"\u201c17 a\u00f1os de viajes y felicidad\u201d: as\u00ed describi\u00f3 Claudio Bravo uno de los mejores d\u00edas de su vida"},"content":{"rendered":"<p> <br \/>\n<\/p>\n<div id=\"cuerpo-nota\">\n<p>Para nadie es un misterio que, en junio del pr\u00f3ximo a\u00f1o, <span class=\"marker\"><strong>Claudio Bravo<\/strong> finaliza su contrato y por estos d\u00edas vive lo que ser\u00eda su \u00faltima temporada en Europa<\/span>, lo que despert\u00f3 grandes intrigas sobre el futuro de su carrera profesional, sobre todo despu\u00e9s de la lesi\u00f3n muscular que sufri\u00f3 ante el Barcelona el pasado 7 de mayo.\u00a0<\/p>\n<p>Lo cierto es que despu\u00e9s de 16 a\u00f1os, <span class=\"marker\"><strong>Claudio Bravo<\/strong> escribi\u00f3 su nombre para la posteridad en el Betis<\/span>, tras conquistar la Copa del Rey 2022. Y por si fuera poco, con esta conquista, <a rel=\"nofollow noopener\" target=\"_blank\" href=\"https:\/\/es.wikipedia.org\/wiki\/Claudio_Bravo_(futbolista)\">el arquero chileno<\/a>\u00a0tambi\u00e9n demostr\u00f3 porqu\u00e9\u00a0goza con el apoyo incondicional de Manuel Pellegrini a la hora de confiar la porter\u00eda de la selecci\u00f3n nacional.<\/p>\n<p>Otra de las personas que confi\u00f3 plenamente en el talento y personalidad de <strong>Claudio Bravo <\/strong>es Carla Pardo, su pareja desde hace casi dos d\u00e9cadas. Es por esto que, para celebrar su uni\u00f3n, <a rel=\"nofollow noopener\" target=\"_blank\" href=\"https:\/\/www.instagram.com\/claudiobravo1\/\">El Capit\u00e1n<\/a> presumi\u00f3 una fotograf\u00eda en sus historias de Instagram con la frase \u201c17 a\u00f1os de viajes y de felicidad en cada uno de ellos\u201d.<\/p>\n<aside class=\"htmlinline\" \/>\n<figure class=\"image\"><img decoding=\"async\" alt=\"\" height=\"1286\" src=\"https:\/\/www.minutod.com\/u\/fotografias\/m\/2022\/5\/22\/f768x1-58376_58503_5050.jpeg\" width=\"768\" \/><figcaption>El arquero chileno confi\u00f3 varios negocios a la empresaria Carla Pardo.\u00a0<\/figcaption><\/figure>\n<p>Vale mencionar que, en la postal, el guardameta de 39 a\u00f1os apareci\u00f3 a bordo de un tren junto a su enamorada. Con una camisa blanca y un pantal\u00f3n de mezclilla, el exportero del FC Barcelona dio una clase de elegancia, mientras que su compa\u00f1era presumi\u00f3 un estilo stylish con blusa y pantal\u00f3n de fibrana en tonos pasteles.<\/p>\n<figure class=\"image\"><img decoding=\"async\" alt=\"\" height=\"422\" src=\"https:\/\/www.minutod.com\/u\/fotografias\/m\/2022\/5\/19\/f768x1-58149_58276_6721.jpg\" width=\"768\" \/><figcaption>Claudio piensa c\u00f3mo ser\u00e1 su futuro tras finalizar su contrato de 16 a\u00f1os.\u00a0<\/figcaption><\/figure>\n<h2>Por qu\u00e9 El Capi no quiere dejar al Betis\u00a0<\/h2>\n<p>De acuerdo a la \u00faltima declaraci\u00f3n de Claudio Bravo, su lugar en el membership europeo es uno de los premios m\u00e1s grandes que obtuvo en su carrera y hasta la fecha no se imagina el d\u00eda de su partida. En este sentido, el profesional chileno declar\u00f3 que valora la confianza que las autoridades pusieron en su nombre, especialmente cuando alcanza los 40 a\u00f1os.<\/p>\n<p>&#8220;Sentirme bien, sentirme tranquilo, sentirme vigente y un aporte desde donde me toque estar dentro de la instituci\u00f3n. Ac\u00e1 el Betis me da la oportunidad maravillosa de con casi 40 a\u00f1os estar en la \u00e9lite del f\u00fatbol mundial disputando cosas importantes\u201d, asegur\u00f3 el bicampe\u00f3n de Am\u00e9rica.<\/p>\n<aside class=\"htmlinline\" \/>\n<\/div>\n\n<p><em> &#8221; Fuentes www.minutod.com &#8221; <\/em><\/p>\n","protected":false},"excerpt":{"rendered":"<p>Para nadie es un misterio que, en junio del pr\u00f3ximo a\u00f1o, Claudio Bravo finaliza su contrato y por estos d\u00edas vive lo que ser\u00eda su \u00faltima temporada en Europa, lo que despert\u00f3 grandes intrigas sobre el futuro de su carrera profesional, sobre todo despu\u00e9s de la lesi\u00f3n muscular que sufri\u00f3 ante el Barcelona el pasado [&hellip;]<\/p>\n","protected":false},"author":4,"featured_media":321039,"comment_status":"open","ping_status":"closed","sticky":false,"template":"","format":"standard","meta":{"om_disable_all_campaigns":false,"jnews-multi-image_gallery":[],"jnews_single_post":[],"jnews_primary_category":[],"jnews_social_meta":[],"footnotes":""},"categories":[39],"tags":[1118,46093],"class_list":["post-321038","post","type-post","status-publish","format-standard","has-post-thumbnail","hentry","category-viajes","tag-aniversario","tag-claudio-bravo"],"_links":{"self":[{"href":"https:\/\/dimensionturistica.com\/es\/wp-json\/wp\/v2\/posts\/321038","targetHints":{"allow":["GET"]}}],"collection":[{"href":"https:\/\/dimensionturistica.com\/es\/wp-json\/wp\/v2\/posts"}],"about":[{"href":"https:\/\/dimensionturistica.com\/es\/wp-json\/wp\/v2\/types\/post"}],"author":[{"embeddable":true,"href":"https:\/\/dimensionturistica.com\/es\/wp-json\/wp\/v2\/users\/4"}],"replies":[{"embeddable":true,"href":"https:\/\/dimensionturistica.com\/es\/wp-json\/wp\/v2\/comments?post=321038"}],"version-history":[{"count":0,"href":"https:\/\/dimensionturistica.com\/es\/wp-json\/wp\/v2\/posts\/321038\/revisions"}],"wp:featuredmedia":[{"embeddable":true,"href":"https:\/\/dimensionturistica.com\/es\/wp-json\/wp\/v2\/media\/321039"}],"wp:attachment":[{"href":"https:\/\/dimensionturistica.com\/es\/wp-json\/wp\/v2\/media?parent=321038"}],"wp:term":[{"taxonomy":"category","embeddable":true,"href":"https:\/\/dimensionturistica.com\/es\/wp-json\/wp\/v2\/categories?post=321038"},{"taxonomy":"post_tag","embeddable":true,"href":"https:\/\/dimensionturistica.com\/es\/wp-json\/wp\/v2\/tags?post=321038"}],"curies":[{"name":"wp","href":"https:\/\/api.w.org\/{rel}","templated":true}]}}