{"id":320304,"date":"2022-05-21T11:05:48","date_gmt":"2022-05-21T11:05:48","guid":{"rendered":"https:\/\/dimensionturistica.com\/es\/?p=320304"},"modified":"2022-05-21T11:05:48","modified_gmt":"2022-05-21T11:05:48","slug":"quito-rechaza-la-propuesta-de-latin-americas-50-best-restaurants","status":"publish","type":"post","link":"https:\/\/dimensionturistica.com\/es\/quito-rechaza-la-propuesta-de-latin-americas-50-best-restaurants\/","title":{"rendered":"Quito rechaza la propuesta de Latin America\u2019s 50 Best Restaurants"},"content":{"rendered":"<p> <br \/>\n<\/p>\n<div id=\"entry-content-inarticle\">\n<p>La oficina de Turismo de Quito y el Ministerio de Turismo de Ecuador<strong> han rechazado la propuesta<\/strong> de los organizadores de <strong>Latin America\u2019s 50 Greatest Eating places para que la ciudad sea sede de la ceremonia<\/strong> en la que se anuncian las posiciones en la lista de 2022.<\/p>\n<p>Me parece <strong>una decisi\u00f3n especialmente cuerda,<\/strong> sea cual sea la raz\u00f3n por la que se tome. La principal eran las <strong>pretensiones econ\u00f3micas de la organizaci\u00f3n<\/strong> y el costo que tendr\u00eda para las arcas de la ciudad y del Estado.<\/p>\n<p><strong>Hay otros motivos<\/strong> para poner en duda la oportunidad de una inversi\u00f3n que rondar\u00eda el mill\u00f3n de d\u00f3lares. La elementary es que <strong>apenas beneficiar\u00eda a un peque\u00f1o grupo de restaurantes, <\/strong>que se ver\u00edan promocionados por las visitas de los<strong> invitados al acto.<\/strong><\/p>\n<p>Al pago de la <strong>alt\u00edsima cuota pretendida por los organizadores, <\/strong>habr\u00eda que a\u00f1adir los<strong> gastos de organizaci\u00f3n,<\/strong> el espacio en el que se celebrar\u00eda.<\/p>\n<p>Sin contar los viajes, la estancia y los<strong> gastos de la cincuentena de periodistas e influencers <\/strong>que suelen acompa\u00f1ar el evento, traslados, decoraci\u00f3n, <strong>visitas tur\u00edsticas,<\/strong> atenciones\u2026<\/p>\n<p>Una <strong>inversi\u00f3n appreciable<\/strong> para una ciudad en la que la <strong>promoci\u00f3n de la alta cocina,<\/strong> un sector reducido que apenas engloba una decena de negocios entre Quito y Cumbay\u00e1, no es una prioridad.<\/p>\n<p>Si tuviera un mill\u00f3n para la cocina de Quito, trabajar\u00eda en <strong>mejorar la formaci\u00f3n de las cocineras y cocineros populares,<\/strong> que muestran sus cocinas en los mercados, las huecas o los agachaditos de las plazas.<\/p>\n<p>Crear\u00eda <strong>programas de ayuda para que los restaurantes populares<\/strong> pudieran <strong>mejorar la gesti\u00f3n<\/strong> de sus negocios, <strong>aprovechar <\/strong>las ventajas de<strong> la digitalizaci\u00f3n <\/strong>y conocer la importancia del cumplimiento de las <strong>normas sanitarias.<\/strong><\/p>\n<p>Un mill\u00f3n permitir\u00eda <strong>traer profesionales que mejoren el conocimiento<\/strong> de nuestros cocineros en temas b\u00e1sicos, como las <strong>t\u00e9cnicas de fritura,<\/strong> el empleo del <strong>horno de le\u00f1a,<\/strong> el trabajo en las parrillas, o el uso de las nuevas tecnolog\u00edas.<\/p>\n<p>Tambi\u00e9n servir\u00eda para crear<strong> l\u00edneas de comercializaci\u00f3n directa<\/strong> entre los productores y los restaurantes, que permitieran una mejor relaci\u00f3n de la cocina quite\u00f1a con la despensa de la Sierra.<\/p>\n<p>Llegar\u00eda para<strong> capacitar a nuestros profesionales en el conocimiento del pescado,<\/strong> una de las grandes lagunas en todas las cocinas de Quito ya sean humildes, medias o de \u00e9lite.<\/p>\n<p>Tambi\u00e9n permitir\u00eda<strong> ofrecer becas<\/strong> de formaci\u00f3n para nuestros <strong>j\u00f3venes profesionales<\/strong> o para los mejores estudiantes de nuestras escuelas, para que vean<strong> otras realidades, <\/strong>mejoren su conocimiento y puedan aplicarlo a regreso a Ecuador.<\/p>\n<p>Ser\u00eda una buena oportunidad para <strong>mejorar el trabajo de sectores emergentes<\/strong>, como el de la <strong>reposter\u00eda,<\/strong> el <strong>pan<\/strong>, el caf\u00e9 o la <strong>cocteler\u00eda.<\/strong> Un mill\u00f3n permitir\u00eda contratar a los mejores profesionales de cada sector.<\/p>\n<p>Tal vez llegar\u00eda, incluso, para poder hablar de<strong> la forma de estructurar y entender los negocios.<\/strong> El peso de los arriendos, los costes salariales o de la<strong> relaci\u00f3n con los empleados:<\/strong> salarios justos, capacitaci\u00f3n y conciliaci\u00f3n con la vida acquainted.<\/p>\n<p>Quedan <strong>muchas cosas por hacer<\/strong> <strong>antes de privilegiar,<\/strong> de nuevo, <strong>a los m\u00e1s privilegiados.<\/strong><\/p>\n<p><span class=\"bloque__linea\" \/><\/p>\n<\/div>\n<p>      window.fbAsyncInit = perform() {<br \/>\n        FB.init({<br \/>\n          appId      : &#8216;682272292198210&#8217;,<br \/>\n          xfbml      : true,<br \/>\n          model    : &#8216;v3.3&#8217;<br \/>\n        });<br \/>\n        FB.AppEvents.logPageView();<br \/>\n      };<\/p>\n<p>      (perform(d, s, id){<br \/>\n         var js, fjs = d.getElementsByTagName(s)[0];<br \/>\n         if (d.getElementById(id)) {return;}<br \/>\n         js = d.createElement(s); js.id = id;<br \/>\n         js.src = &#8220;https:\/\/connect.facebook.net\/en_US\/sdk.js&#8221;;<br \/>\n         fjs.parentNode.insertBefore(js, fjs);<br \/>\n       }(doc, &#8216;script&#8217;, &#8216;facebook-jssdk&#8217;));<\/p>\n\n<p><em> \u2018 The preceding article may include information circulated by third parties \u2019 <\/em><\/p>\n<p><em> \u2018 Some details of this article were extracted from the following source www.primicias.ec \u2019 <\/em><\/p>\n","protected":false},"excerpt":{"rendered":"<p>La oficina de Turismo de Quito y el Ministerio de Turismo de Ecuador han rechazado la propuesta de los organizadores de Latin America\u2019s 50 Greatest Eating places para que la ciudad sea sede de la ceremonia en la que se anuncian las posiciones en la lista de 2022. Me parece una decisi\u00f3n especialmente cuerda, sea [&hellip;]<\/p>\n","protected":false},"author":2,"featured_media":320305,"comment_status":"open","ping_status":"closed","sticky":false,"template":"","format":"standard","meta":{"om_disable_all_campaigns":false,"jnews-multi-image_gallery":[],"jnews_single_post":[],"jnews_primary_category":[],"jnews_social_meta":[],"footnotes":""},"categories":[43],"tags":[],"class_list":["post-320304","post","type-post","status-publish","format-standard","has-post-thumbnail","hentry","category-gourmet"],"_links":{"self":[{"href":"https:\/\/dimensionturistica.com\/es\/wp-json\/wp\/v2\/posts\/320304","targetHints":{"allow":["GET"]}}],"collection":[{"href":"https:\/\/dimensionturistica.com\/es\/wp-json\/wp\/v2\/posts"}],"about":[{"href":"https:\/\/dimensionturistica.com\/es\/wp-json\/wp\/v2\/types\/post"}],"author":[{"embeddable":true,"href":"https:\/\/dimensionturistica.com\/es\/wp-json\/wp\/v2\/users\/2"}],"replies":[{"embeddable":true,"href":"https:\/\/dimensionturistica.com\/es\/wp-json\/wp\/v2\/comments?post=320304"}],"version-history":[{"count":0,"href":"https:\/\/dimensionturistica.com\/es\/wp-json\/wp\/v2\/posts\/320304\/revisions"}],"wp:featuredmedia":[{"embeddable":true,"href":"https:\/\/dimensionturistica.com\/es\/wp-json\/wp\/v2\/media\/320305"}],"wp:attachment":[{"href":"https:\/\/dimensionturistica.com\/es\/wp-json\/wp\/v2\/media?parent=320304"}],"wp:term":[{"taxonomy":"category","embeddable":true,"href":"https:\/\/dimensionturistica.com\/es\/wp-json\/wp\/v2\/categories?post=320304"},{"taxonomy":"post_tag","embeddable":true,"href":"https:\/\/dimensionturistica.com\/es\/wp-json\/wp\/v2\/tags?post=320304"}],"curies":[{"name":"wp","href":"https:\/\/api.w.org\/{rel}","templated":true}]}}