{"id":319747,"date":"2022-05-19T17:43:35","date_gmt":"2022-05-19T17:43:35","guid":{"rendered":"https:\/\/dimensionturistica.com\/es\/?p=319747"},"modified":"2022-05-19T17:43:35","modified_gmt":"2022-05-19T17:43:35","slug":"diversidad-e-inclusion-un-pendiente-en-el-acceso-a-la-salud","status":"publish","type":"post","link":"https:\/\/dimensionturistica.com\/es\/diversidad-e-inclusion-un-pendiente-en-el-acceso-a-la-salud\/","title":{"rendered":"Diversidad e inclusi\u00f3n, un pendiente en el acceso a la salud"},"content":{"rendered":"<p><img decoding=\"async\" class=\"size-medium wp-image-319755 alignright\" src=\"https:\/\/dimensionturistica.com\/es\/wp-content\/uploads\/2022\/05\/unnamed-1-2-272x300.png\" alt=\"\" width=\"272\" height=\"300\" srcset=\"https:\/\/dimensionturistica.com\/es\/wp-content\/uploads\/2022\/05\/unnamed-1-2-272x300.png 272w, https:\/\/dimensionturistica.com\/es\/wp-content\/uploads\/2022\/05\/unnamed-1-2-930x1024.png 930w, https:\/\/dimensionturistica.com\/es\/wp-content\/uploads\/2022\/05\/unnamed-1-2-768x846.png 768w, https:\/\/dimensionturistica.com\/es\/wp-content\/uploads\/2022\/05\/unnamed-1-2-750x826.png 750w, https:\/\/dimensionturistica.com\/es\/wp-content\/uploads\/2022\/05\/unnamed-1-2.png 964w\" sizes=\"(max-width: 272px) 100vw, 272px\" \/>La comunidad LGBTQ+ \u2013siglas de las palabras lesbiana, gay, bisexual, transexual y queer, con un signo de m\u00e1s a\u00f1adido al final para englobar a los colectivos no incluidos en esas siglas\u2013 en M\u00e9xico abarca a por lo menos 2 millones 700 mil personas, un 3% de la poblaci\u00f3n nacional. Tal es el n\u00famero de individuos que, seg\u00fan la Encuesta Nacional sobre Discriminaci\u00f3n 2017, declaran no ser heterosexuales. La cifra podr\u00eda ser mayor, toda vez que los prejuicios que persisten en la sociedad llevan a mucha gente a no identificarse abiertamente como parte de la comunidad LGBTQ+. Pese a su presencia en la sociedad, esta comunidad es y ha sido continuamente discriminada e invisibilizada en distintos aspectos de la vida cotidiana, incluyendo, crucialmente, el acceso a los servicios de salud.<br \/>\nEl activismo de esta comunidad en busca de una mayor inclusi\u00f3n y de un pleno goce de derechos no es nuevo. La conciencia sobre este tema crece d\u00eda con d\u00eda, pero se requieren acciones decididas de parte de instituciones p\u00fablicas, empresas y de la sociedad en general para romper estas barreras. Un primer paso es abrir la conversaci\u00f3n.<br \/>\nSobre esto charlamos con Adaliz Chavero, directora de relaciones gubernamentales de Gilead M\u00e9xico y Francisco Robledo, director de ADIL, Diversidad e Inclusi\u00f3n Laboral<br \/>\nInnovaci\u00f3n e investigaci\u00f3n para dar esperanza a los pacientes con Alzheimer<br \/>\nEl Alzheimer es la forma m\u00e1s com\u00fan de demencia y genera un enorme impacto para los pacientes, pero tambi\u00e9n para sus seres queridos. Cifras de la Organizaci\u00f3n Mundial de la Salud se\u00f1alan que a nivel mundial, unos 50 millones de personas viven con demencia y de ellas, entre el 60% y el 70% de los casos son por Alzheimer.<br \/>\nAunque a\u00fan no hay una cura para esta desgarradora enfermedad, los investigadores, cient\u00edficos y la comunidad m\u00e9dica trabajan todos los d\u00edas para desarrollar tratamientos. En este p\u00f3dcast de I am BIO, tres investigadores destacan sus esfuerzos por cambiar la trayectoria del Alzheimer y ofrecer esperanza para millones de personas.<br \/>\nMejorar la atenci\u00f3n de este tipo de padecimiento requiere afrontar varios retos como incrementar el acceso al diagn\u00f3stico o ampliar la representaci\u00f3n racial en los ensayos cl\u00ednicos. Por otro lado, la investigaci\u00f3n de terapias g\u00e9nicas y vacunas para el Alzheimer son una ventana de oportunidad para detener o retardar la progresi\u00f3n de la enfermedad.<img decoding=\"async\" class=\"size-medium wp-image-319756 alignright\" src=\"https:\/\/dimensionturistica.com\/es\/wp-content\/uploads\/2022\/05\/unnamed-2-1-300x200.png\" alt=\"\" width=\"300\" height=\"200\" srcset=\"https:\/\/dimensionturistica.com\/es\/wp-content\/uploads\/2022\/05\/unnamed-2-1-300x200.png 300w, https:\/\/dimensionturistica.com\/es\/wp-content\/uploads\/2022\/05\/unnamed-2-1-1024x683.png 1024w, https:\/\/dimensionturistica.com\/es\/wp-content\/uploads\/2022\/05\/unnamed-2-1-768x512.png 768w, https:\/\/dimensionturistica.com\/es\/wp-content\/uploads\/2022\/05\/unnamed-2-1-750x500.png 750w, https:\/\/dimensionturistica.com\/es\/wp-content\/uploads\/2022\/05\/unnamed-2-1-1140x761.png 1140w, https:\/\/dimensionturistica.com\/es\/wp-content\/uploads\/2022\/05\/unnamed-2-1.png 1178w\" sizes=\"(max-width: 300px) 100vw, 300px\" \/><br \/>\nLa esperanza est\u00e1 centrada en la innovaci\u00f3n y, aunque el camino es complejo y desafiante, la industria farmac\u00e9utica se encuentra comprometida con mejorar su comprensi\u00f3n de la enfermedad y seguir en la b\u00fasqueda de nuevas terapias. Actualmente hay 92 medicamentos en desarrollo para el abordaje del Alzheimer y otros tipos de demencia.<br \/>\nLas necesidades \u00fanicas de las personas LGBTQ+ con c\u00e1ncer a\u00fan no se conocen bien<br \/>\nLas personas de la comunidad LGBTQ+ enfrentan desaf\u00edos y barreras para acceder a los servicios de salud que necesitan y, como resultado, pueden experimentar peores resultados de salud.<br \/>\nEstos desaf\u00edos van desde el estigma, la discriminaci\u00f3n, la violencia y el rechazo de las familias, hasta la desigualdad en el lugar de trabajo, la provisi\u00f3n deficiente o la negaci\u00f3n total de la atenci\u00f3n en salud debido a la condici\u00f3n sexual, la orientaci\u00f3n o la identidad de g\u00e9nero. Sumado a ello, la falta de datos sobre sus necesidades de salud aumenta el riesgo de que reciban una atenci\u00f3n de salud dispar y frena estrategias para mejorar su salud y su calidad de vida.<br \/>\nUna encuesta realizada entre los miembros de la Sociedad Europea de Oncolog\u00eda M\u00e9dica (ESMO) y la Sociedad Europea de Oncolog\u00eda Pedi\u00e1trica (SIOP Europe) para conocer las actitudes y el conocimiento de las y los onc\u00f3logos sobre las personas LGBTQ+ con c\u00e1ncer, revel\u00f3 que hasta tres de cada cuatro onc\u00f3logos se consideran mal informados sobre problemas de salud y necesidades<img decoding=\"async\" class=\"size-medium wp-image-319757 alignright\" src=\"https:\/\/dimensionturistica.com\/es\/wp-content\/uploads\/2022\/05\/unnamed-3-1-300x215.png\" alt=\"\" width=\"300\" height=\"215\" srcset=\"https:\/\/dimensionturistica.com\/es\/wp-content\/uploads\/2022\/05\/unnamed-3-1-300x215.png 300w, https:\/\/dimensionturistica.com\/es\/wp-content\/uploads\/2022\/05\/unnamed-3-1-1024x733.png 1024w, https:\/\/dimensionturistica.com\/es\/wp-content\/uploads\/2022\/05\/unnamed-3-1-768x550.png 768w, https:\/\/dimensionturistica.com\/es\/wp-content\/uploads\/2022\/05\/unnamed-3-1-1536x1099.png 1536w, https:\/\/dimensionturistica.com\/es\/wp-content\/uploads\/2022\/05\/unnamed-3-1-120x86.png 120w, https:\/\/dimensionturistica.com\/es\/wp-content\/uploads\/2022\/05\/unnamed-3-1-350x250.png 350w, https:\/\/dimensionturistica.com\/es\/wp-content\/uploads\/2022\/05\/unnamed-3-1-750x537.png 750w, https:\/\/dimensionturistica.com\/es\/wp-content\/uploads\/2022\/05\/unnamed-3-1-1140x816.png 1140w, https:\/\/dimensionturistica.com\/es\/wp-content\/uploads\/2022\/05\/unnamed-3-1.png 1604w\" sizes=\"(max-width: 300px) 100vw, 300px\" \/> psicosociales de esta poblaci\u00f3n.<br \/>\nAsimismo, de los 672 encuestados , el 75% consider\u00f3 importante conocer la identidad de g\u00e9nero percibida por el paciente, as\u00ed como su sexo al nacer (78%). Sin embargo, la mayor\u00eda de los m\u00e9dicos no preguntan sobre la orientaci\u00f3n sexual y la identidad de g\u00e9nero en la primera consulta (64% y 58%, respectivamente). Por otro lado, el 73% de los especialistas se dijeron interesados en recibir educaci\u00f3n adicional en esta \u00e1rea.<br \/>\nLos resultados se suman a los esfuerzos hechos en otras encuestas similares en EUA y Reino Unido, donde los especialistas tambi\u00e9n reconocen tener un conocimiento limitado sobre los factores de riesgo \u00fanicos y las necesidades de la comunidad LGBTQ+, pero tambi\u00e9n un gran inter\u00e9s en recibir educaci\u00f3n al respecto.<br \/>\nPero, para aumentar los esfuerzos de educaci\u00f3n, primero hay que afrontar el reto de los datos. De acuerdo con Liz Margolies, fundadora de la Red Nacional de C\u00e1ncer LGBT en EUA, la investigaci\u00f3n sobre la incidencia y la atenci\u00f3n del c\u00e1ncer, as\u00ed como de las necesidades psicosociales de la poblaci\u00f3n LGBTQ+ es limitada, ya que no se recopilan de manera sistem\u00e1tica los datos de orientaci\u00f3n sexual e identidad de g\u00e9nero en los registros nacionales de c\u00e1ncer o en los formularios de ingresos hospitalarios.<br \/>\nAl respecto, el estudio EQUALITY, desarrollado por la Universidad Johns Hopkins y la Universidad de Harvard, busca reunir elementos para cambiar la forma en la que los proveedores de atenci\u00f3n m\u00e9dica recopilan informaci\u00f3n sobre las y los pacientes.<br \/>\nLa primera vacuna contra la malaria<br \/>\nDennis, experto del sector salud, explica en qu\u00e9 medida las nuevas vacunas contra la malaria podr\u00edan ayudar a salvar vidas. En 2020, unas 600,000 personas murieron en \u00c1frica a causa de la malaria; el 80% eran ni\u00f1os menores de 5 a\u00f1os.<br \/>\nEl a\u00f1o pasado, la OMS recomend\u00f3 la primera vacuna mundial contra la malaria. Una nueva esperanza tras 35 a\u00f1os de colaboraci\u00f3n e innovaci\u00f3n.<\/p>\n","protected":false},"excerpt":{"rendered":"<p>La comunidad LGBTQ+ \u2013siglas de las palabras lesbiana, gay, bisexual, transexual y queer, con un signo de m\u00e1s a\u00f1adido al final para englobar a los colectivos no incluidos en esas siglas\u2013 en M\u00e9xico abarca a por lo menos 2 millones 700 mil personas, un 3% de la poblaci\u00f3n nacional. Tal es el n\u00famero de individuos [&hellip;]<\/p>\n","protected":false},"author":1,"featured_media":319758,"comment_status":"open","ping_status":"closed","sticky":false,"template":"","format":"standard","meta":{"om_disable_all_campaigns":false,"jnews-multi-image_gallery":[],"jnews_single_post":{"source_name":"","source_url":"","via_name":"","via_url":"","override_template":"0","override":[{"template":"1","single_blog_custom":"","parallax":"1","fullscreen":"1","layout":"right-sidebar","sidebar":"default-sidebar","second_sidebar":"default-sidebar","sticky_sidebar":"1","share_position":"top","share_float_style":"share-monocrhome","show_share_counter":"1","show_view_counter":"1","show_featured":"1","show_post_meta":"1","show_post_author":"1","show_post_author_image":"1","show_post_date":"1","post_date_format":"default","post_date_format_custom":"Y\/m\/d","show_post_category":"1","show_post_reading_time":"0","post_reading_time_wpm":"300","show_zoom_button":"0","zoom_button_out_step":"2","zoom_button_in_step":"3","show_post_tag":"1","show_prev_next_post":"1","show_popup_post":"1","number_popup_post":"1","show_author_box":"0","show_post_related":"0","show_inline_post_related":"0"}],"override_image_size":"0","image_override":[{"single_post_thumbnail_size":"crop-500","single_post_gallery_size":"crop-500"}],"trending_post":"0","trending_post_position":"meta","trending_post_label":"Trending","sponsored_post":"0","sponsored_post_label":"Sponsored by","sponsored_post_name":"","sponsored_post_url":"","sponsored_post_logo_enable":"0","sponsored_post_logo":"","sponsored_post_desc":"","disable_ad":"0"},"jnews_primary_category":{"id":""},"jnews_social_meta":{"fb_title":"","fb_description":"","fb_image":"","twitter_title":"","twitter_description":"","twitter_image":""},"footnotes":""},"categories":[40],"tags":[],"class_list":["post-319747","post","type-post","status-publish","format-standard","has-post-thumbnail","hentry","category-industria"],"_links":{"self":[{"href":"https:\/\/dimensionturistica.com\/es\/wp-json\/wp\/v2\/posts\/319747","targetHints":{"allow":["GET"]}}],"collection":[{"href":"https:\/\/dimensionturistica.com\/es\/wp-json\/wp\/v2\/posts"}],"about":[{"href":"https:\/\/dimensionturistica.com\/es\/wp-json\/wp\/v2\/types\/post"}],"author":[{"embeddable":true,"href":"https:\/\/dimensionturistica.com\/es\/wp-json\/wp\/v2\/users\/1"}],"replies":[{"embeddable":true,"href":"https:\/\/dimensionturistica.com\/es\/wp-json\/wp\/v2\/comments?post=319747"}],"version-history":[{"count":0,"href":"https:\/\/dimensionturistica.com\/es\/wp-json\/wp\/v2\/posts\/319747\/revisions"}],"wp:featuredmedia":[{"embeddable":true,"href":"https:\/\/dimensionturistica.com\/es\/wp-json\/wp\/v2\/media\/319758"}],"wp:attachment":[{"href":"https:\/\/dimensionturistica.com\/es\/wp-json\/wp\/v2\/media?parent=319747"}],"wp:term":[{"taxonomy":"category","embeddable":true,"href":"https:\/\/dimensionturistica.com\/es\/wp-json\/wp\/v2\/categories?post=319747"},{"taxonomy":"post_tag","embeddable":true,"href":"https:\/\/dimensionturistica.com\/es\/wp-json\/wp\/v2\/tags?post=319747"}],"curies":[{"name":"wp","href":"https:\/\/api.w.org\/{rel}","templated":true}]}}