{"id":319711,"date":"2022-05-19T17:15:30","date_gmt":"2022-05-19T17:15:30","guid":{"rendered":"https:\/\/dimensionturistica.com\/es\/?p=319711"},"modified":"2022-05-19T17:15:30","modified_gmt":"2022-05-19T17:15:30","slug":"casa-dragones-presente-en-la-gala-2022-del-museo-marco-en-monterrey","status":"publish","type":"post","link":"https:\/\/dimensionturistica.com\/es\/casa-dragones-presente-en-la-gala-2022-del-museo-marco-en-monterrey\/","title":{"rendered":"Casa Dragones presente en la Gala 2022 del Museo MARCO en Monterrey"},"content":{"rendered":"<p><img decoding=\"async\" class=\"size-medium wp-image-319718 alignleft\" src=\"https:\/\/dimensionturistica.com\/es\/wp-content\/uploads\/2022\/05\/IMG_9232-300x200.jpg\" alt=\"\" width=\"300\" height=\"200\" srcset=\"https:\/\/dimensionturistica.com\/es\/wp-content\/uploads\/2022\/05\/IMG_9232-300x200.jpg 300w, https:\/\/dimensionturistica.com\/es\/wp-content\/uploads\/2022\/05\/IMG_9232-1024x683.jpg 1024w, https:\/\/dimensionturistica.com\/es\/wp-content\/uploads\/2022\/05\/IMG_9232-768x512.jpg 768w, https:\/\/dimensionturistica.com\/es\/wp-content\/uploads\/2022\/05\/IMG_9232-750x500.jpg 750w, https:\/\/dimensionturistica.com\/es\/wp-content\/uploads\/2022\/05\/IMG_9232-1140x760.jpg 1140w, https:\/\/dimensionturistica.com\/es\/wp-content\/uploads\/2022\/05\/IMG_9232.jpg 1194w\" sizes=\"(max-width: 300px) 100vw, 300px\" \/>\u00a0El pasado s\u00e1bado 7 de mayo, se realiz\u00f3 la Gala del Museo de Arte Contempor\u00e1neo de Monterrey (MARCO), una velada de beneficencia dedicada a la recaudaci\u00f3n de fondos para el programa de exposiciones y actividades educativas y art\u00edsticas que se realizan en este importante recinto cultural del pa\u00eds. Una vez m\u00e1s, Tequila Casa Dragones form\u00f3 parte de este importante evento, ofreciendo tequila de alta gama a los m\u00e1s de 300 invitados que participaron en esta inolvidable noche.<br \/>\nSe trata de la segunda edici\u00f3n de la Gala y, a su vez, de la segunda participaci\u00f3n de Casa<img decoding=\"async\" class=\"size-medium wp-image-319720 alignright\" src=\"https:\/\/dimensionturistica.com\/es\/wp-content\/uploads\/2022\/05\/IMG_9287-300x200.jpg\" alt=\"\" width=\"300\" height=\"200\" srcset=\"https:\/\/dimensionturistica.com\/es\/wp-content\/uploads\/2022\/05\/IMG_9287-300x200.jpg 300w, https:\/\/dimensionturistica.com\/es\/wp-content\/uploads\/2022\/05\/IMG_9287-1024x683.jpg 1024w, https:\/\/dimensionturistica.com\/es\/wp-content\/uploads\/2022\/05\/IMG_9287-768x512.jpg 768w, https:\/\/dimensionturistica.com\/es\/wp-content\/uploads\/2022\/05\/IMG_9287-750x500.jpg 750w, https:\/\/dimensionturistica.com\/es\/wp-content\/uploads\/2022\/05\/IMG_9287-1140x760.jpg 1140w, https:\/\/dimensionturistica.com\/es\/wp-content\/uploads\/2022\/05\/IMG_9287.jpg 1194w\" sizes=\"(max-width: 300px) 100vw, 300px\" \/> Dragones en este magno evento, organizado por un comit\u00e9 integrado por el arquitecto y dise\u00f1ador Mauricio Lobeira, Ver\u00f3nica Gonz\u00e1lez, miembro del Consejo de Directores de MARCO y presidenta del CONARTE, y Taiyana Pimentel, directora del Museo.<br \/>\nHubo tres momentos principales durante la noche: una subasta de seis lotes de magn\u00edficas obras\u00a0donadas por artistas como Gabriel Orozco, Pedro Reyes, Jose D\u00e1vila, Gabriel de la Mora, Gerda Gruber y Ray Smith, algunos de \u00e9stos, amigos cercanos de Casa Dragones desde hace a\u00f1os.<br \/>\nDespu\u00e9s de la puja, dirigida por Memo Mart\u00ednez, el integrante de la agrupaci\u00f3n Kinky, Gil Cerezo, subi\u00f3 al escenario con un incre\u00edble DJ set que molde\u00f3 el tono del resto de la noche. Adem\u00e1s, algunos de los espacios dentro del museo -dise\u00f1ado por renombrado arquitecto Ricardo Legorreta- fueron intervenidos por artistas como Gonzalo Lebrija y Jorge Mendez Blake, creadores de la pieza que pod\u00eda escucharse en el elevador del lugar, Mi<\/p>\n<p><img decoding=\"async\" class=\"size-medium wp-image-319723 alignleft\" src=\"https:\/\/dimensionturistica.com\/es\/wp-content\/uploads\/2022\/05\/IMG_9443-200x300.jpg\" alt=\"\" width=\"200\" height=\"300\" srcset=\"https:\/\/dimensionturistica.com\/es\/wp-content\/uploads\/2022\/05\/IMG_9443-200x300.jpg 200w, https:\/\/dimensionturistica.com\/es\/wp-content\/uploads\/2022\/05\/IMG_9443-683x1024.jpg 683w, https:\/\/dimensionturistica.com\/es\/wp-content\/uploads\/2022\/05\/IMG_9443-768x1152.jpg 768w, https:\/\/dimensionturistica.com\/es\/wp-content\/uploads\/2022\/05\/IMG_9443-750x1125.jpg 750w, https:\/\/dimensionturistica.com\/es\/wp-content\/uploads\/2022\/05\/IMG_9443.jpg 796w\" sizes=\"(max-width: 200px) 100vw, 200px\" \/><\/p>\n<p>testigo es el cielo vac\u00edo (2022).<br \/>\nDurante la cena, dise\u00f1ada especialmente para la velada, el Ballet de Monterrey mostr\u00f3 las coreograf\u00edas L\u00e1grimas negras y Manicero, piezas dirigidas por Thiago Soares. M\u00e1s tarde, se present\u00f3 Cuban\u00edsimo, agrupaci\u00f3n que toc\u00f3 varias piezas teniendo al frente a No\u00e9 Sav\u00f3n.<br \/>\nGalas como la vivida en el MARCO son actividades fundamentales para Tequila Casa Dragones, no s\u00f3lo por apoyar a instituciones de esta envergadura a nivel nacional e internacional, sino tambi\u00e9n por los espacios de encuentro que representan, lugares donde se disponen piezas que han servido de inspiraci\u00f3n para la casa tequilera desde fundaci\u00f3n.<\/p>\n","protected":false},"excerpt":{"rendered":"<p>\u00a0El pasado s\u00e1bado 7 de mayo, se realiz\u00f3 la Gala del Museo de Arte Contempor\u00e1neo de Monterrey (MARCO), una velada de beneficencia dedicada a la recaudaci\u00f3n de fondos para el programa de exposiciones y actividades educativas y art\u00edsticas que se realizan en este importante recinto cultural del pa\u00eds. Una vez m\u00e1s, Tequila Casa Dragones form\u00f3 [&hellip;]<\/p>\n","protected":false},"author":1,"featured_media":319719,"comment_status":"open","ping_status":"closed","sticky":false,"template":"","format":"standard","meta":{"om_disable_all_campaigns":false,"jnews-multi-image_gallery":[],"jnews_single_post":{"source_name":"","source_url":"","via_name":"","via_url":"","override_template":"0","override":[{"template":"1","single_blog_custom":"","parallax":"1","fullscreen":"1","layout":"right-sidebar","sidebar":"default-sidebar","second_sidebar":"default-sidebar","sticky_sidebar":"1","share_position":"top","share_float_style":"share-monocrhome","show_share_counter":"1","show_view_counter":"1","show_featured":"1","show_post_meta":"1","show_post_author":"1","show_post_author_image":"1","show_post_date":"1","post_date_format":"default","post_date_format_custom":"Y\/m\/d","show_post_category":"1","show_post_reading_time":"0","post_reading_time_wpm":"300","show_zoom_button":"0","zoom_button_out_step":"2","zoom_button_in_step":"3","show_post_tag":"1","show_prev_next_post":"1","show_popup_post":"1","number_popup_post":"1","show_author_box":"0","show_post_related":"0","show_inline_post_related":"0"}],"override_image_size":"0","image_override":[{"single_post_thumbnail_size":"crop-500","single_post_gallery_size":"crop-500"}],"trending_post":"0","trending_post_position":"meta","trending_post_label":"Trending","sponsored_post":"0","sponsored_post_label":"Sponsored by","sponsored_post_name":"","sponsored_post_url":"","sponsored_post_logo_enable":"0","sponsored_post_logo":"","sponsored_post_desc":"","disable_ad":"0"},"jnews_primary_category":{"id":""},"jnews_social_meta":{"fb_title":"","fb_description":"","fb_image":"","twitter_title":"","twitter_description":"","twitter_image":""},"footnotes":""},"categories":[40],"tags":[],"class_list":["post-319711","post","type-post","status-publish","format-standard","has-post-thumbnail","hentry","category-industria"],"_links":{"self":[{"href":"https:\/\/dimensionturistica.com\/es\/wp-json\/wp\/v2\/posts\/319711","targetHints":{"allow":["GET"]}}],"collection":[{"href":"https:\/\/dimensionturistica.com\/es\/wp-json\/wp\/v2\/posts"}],"about":[{"href":"https:\/\/dimensionturistica.com\/es\/wp-json\/wp\/v2\/types\/post"}],"author":[{"embeddable":true,"href":"https:\/\/dimensionturistica.com\/es\/wp-json\/wp\/v2\/users\/1"}],"replies":[{"embeddable":true,"href":"https:\/\/dimensionturistica.com\/es\/wp-json\/wp\/v2\/comments?post=319711"}],"version-history":[{"count":0,"href":"https:\/\/dimensionturistica.com\/es\/wp-json\/wp\/v2\/posts\/319711\/revisions"}],"wp:featuredmedia":[{"embeddable":true,"href":"https:\/\/dimensionturistica.com\/es\/wp-json\/wp\/v2\/media\/319719"}],"wp:attachment":[{"href":"https:\/\/dimensionturistica.com\/es\/wp-json\/wp\/v2\/media?parent=319711"}],"wp:term":[{"taxonomy":"category","embeddable":true,"href":"https:\/\/dimensionturistica.com\/es\/wp-json\/wp\/v2\/categories?post=319711"},{"taxonomy":"post_tag","embeddable":true,"href":"https:\/\/dimensionturistica.com\/es\/wp-json\/wp\/v2\/tags?post=319711"}],"curies":[{"name":"wp","href":"https:\/\/api.w.org\/{rel}","templated":true}]}}