{"id":319637,"date":"2022-05-19T16:37:11","date_gmt":"2022-05-19T16:37:11","guid":{"rendered":"https:\/\/dimensionturistica.com\/es\/?p=319637"},"modified":"2022-05-19T16:37:11","modified_gmt":"2022-05-19T16:37:11","slug":"viva-aerobus-fortalece-la-conectividad-aerea-entre-monterrey-nl-y-cozumel-qr","status":"publish","type":"post","link":"https:\/\/dimensionturistica.com\/es\/viva-aerobus-fortalece-la-conectividad-aerea-entre-monterrey-nl-y-cozumel-qr\/","title":{"rendered":"Viva Aerobus fortalece la conectividad a\u00e9rea entre Monterrey, NL y Cozumel, QR"},"content":{"rendered":"<p><img decoding=\"async\" class=\"size-medium wp-image-319673 alignright\" src=\"https:\/\/dimensionturistica.com\/es\/wp-content\/uploads\/2022\/05\/unnamed-24-300x168.jpg\" alt=\"\" width=\"300\" height=\"168\" srcset=\"https:\/\/dimensionturistica.com\/es\/wp-content\/uploads\/2022\/05\/unnamed-24-300x168.jpg 300w, https:\/\/dimensionturistica.com\/es\/wp-content\/uploads\/2022\/05\/unnamed-24-1024x574.jpg 1024w, https:\/\/dimensionturistica.com\/es\/wp-content\/uploads\/2022\/05\/unnamed-24-768x431.jpg 768w, https:\/\/dimensionturistica.com\/es\/wp-content\/uploads\/2022\/05\/unnamed-24-750x421.jpg 750w, https:\/\/dimensionturistica.com\/es\/wp-content\/uploads\/2022\/05\/unnamed-24-1140x639.jpg 1140w, https:\/\/dimensionturistica.com\/es\/wp-content\/uploads\/2022\/05\/unnamed-24.jpg 1280w\" sizes=\"(max-width: 300px) 100vw, 300px\" \/>El Caribe Mexicano y Viva Aerobus celebraron el fortalecimiento de la conectividad a\u00e9rea de Quintana Roo con el reinicio de la ruta de temporada de verano Cozumel \u2013 Monterrey a partir del 1 de julio.<br \/>\nLa ruta ofrecer\u00e1 dos vuelos a la semana (lunes y viernes), operados con la flota m\u00e1s moderna de M\u00e9xico y la tercera flota m\u00e1s joven de toda Norteam\u00e9rica; la mejor opci\u00f3n de vuelo a precios bajos.<br \/>\n\u201cEn el Caribe Mexicano estamos muy contentos de recibir nuevamente para el verano la ruta Monterrey \u2013 Isla Cozumel de Viva Aerobus. Seguimos trabajando para incrementar la conectividad <img decoding=\"async\" class=\"size-medium wp-image-319678 alignleft\" src=\"https:\/\/dimensionturistica.com\/es\/wp-content\/uploads\/2022\/05\/unnamed-1-8-300x200.jpg\" alt=\"\" width=\"300\" height=\"200\" srcset=\"https:\/\/dimensionturistica.com\/es\/wp-content\/uploads\/2022\/05\/unnamed-1-8-300x200.jpg 300w, https:\/\/dimensionturistica.com\/es\/wp-content\/uploads\/2022\/05\/unnamed-1-8-1024x682.jpg 1024w, https:\/\/dimensionturistica.com\/es\/wp-content\/uploads\/2022\/05\/unnamed-1-8-768x512.jpg 768w, https:\/\/dimensionturistica.com\/es\/wp-content\/uploads\/2022\/05\/unnamed-1-8-750x500.jpg 750w, https:\/\/dimensionturistica.com\/es\/wp-content\/uploads\/2022\/05\/unnamed-1-8-1140x760.jpg 1140w, https:\/\/dimensionturistica.com\/es\/wp-content\/uploads\/2022\/05\/unnamed-1-8.jpg 1280w\" sizes=\"(max-width: 300px) 100vw, 300px\" \/>a\u00e9rea de la Isla, aumentar la derrama econ\u00f3mica que se genera a trav\u00e9s del turismo de pernocta y facilitar que los viajeros del norte de la Rep\u00fablica puedan disfrutar de uno de los destinos de viaje m\u00e1s seguros y con las bellezas submarinas m\u00e1s hermosas de M\u00e9xico\u201d, coment\u00f3 Dar\u00edo Flota Ocampo, Director General del Consejo de Promoci\u00f3n Tur\u00edstica de Quintana Roo.<br \/>\nCon vuelos punto a punto, Viva Aerobus contin\u00faa fortaleci\u00e9ndose como una de las aerol\u00edneas l\u00edderes en Quintana Roo, estado en donde opera, actualmente, 25 rutas desde\/hacia Canc\u00fan (17 nacionales y 8 internacionales), una ruta Chetumal a la Ciudad de M\u00e9xico y, ahora, de Cozumel a<img decoding=\"async\" class=\"size-medium wp-image-319677 alignright\" src=\"https:\/\/dimensionturistica.com\/es\/wp-content\/uploads\/2022\/05\/unnamed-2-8-300x201.jpg\" alt=\"\" width=\"300\" height=\"201\" srcset=\"https:\/\/dimensionturistica.com\/es\/wp-content\/uploads\/2022\/05\/unnamed-2-8-300x201.jpg 300w, https:\/\/dimensionturistica.com\/es\/wp-content\/uploads\/2022\/05\/unnamed-2-8-1024x685.jpg 1024w, https:\/\/dimensionturistica.com\/es\/wp-content\/uploads\/2022\/05\/unnamed-2-8-768x514.jpg 768w, https:\/\/dimensionturistica.com\/es\/wp-content\/uploads\/2022\/05\/unnamed-2-8-750x502.jpg 750w, https:\/\/dimensionturistica.com\/es\/wp-content\/uploads\/2022\/05\/unnamed-2-8-1140x762.jpg 1140w, https:\/\/dimensionturistica.com\/es\/wp-content\/uploads\/2022\/05\/unnamed-2-8.jpg 1280w\" sizes=\"(max-width: 300px) 100vw, 300px\" \/> Monterrey.<br \/>\n\u201cEn este verano, los viajeros regiomontanos tendr\u00e1n a su alcance una opci\u00f3n de vuelo a precios bajos, con horarios convenientes y con los aviones m\u00e1s j\u00f3venes de M\u00e9xico, para que puedan descubrir un gran destino como lo es Cozumel, y viceversa\u201d, explic\u00f3 Walfred Castro Novelo, Director de Comunicaci\u00f3n de Viva Aerobus.<br \/>\nMONTERREY &#8211; COZUMEL<br \/>\nVuelo Despegue Llegada D\u00edas de operaci\u00f3n<br \/>\nMonterrey &#8211; Cozumel 13:50 16:10 Viernes y Lunes<br \/>\nCozumel &#8211; Monterrey 16:40 19:10 Viernes y Lunes<\/p>\n","protected":false},"excerpt":{"rendered":"<p>El Caribe Mexicano y Viva Aerobus celebraron el fortalecimiento de la conectividad a\u00e9rea de Quintana Roo con el reinicio de la ruta de temporada de verano Cozumel \u2013 Monterrey a partir del 1 de julio. La ruta ofrecer\u00e1 dos vuelos a la semana (lunes y viernes), operados con la flota m\u00e1s moderna de M\u00e9xico y [&hellip;]<\/p>\n","protected":false},"author":1,"featured_media":318932,"comment_status":"open","ping_status":"closed","sticky":false,"template":"","format":"standard","meta":{"om_disable_all_campaigns":false,"jnews-multi-image_gallery":[],"jnews_single_post":{"source_name":"","source_url":"","via_name":"","via_url":"","override_template":"0","override":[{"template":"1","single_blog_custom":"","parallax":"1","fullscreen":"1","layout":"right-sidebar","sidebar":"default-sidebar","second_sidebar":"default-sidebar","sticky_sidebar":"1","share_position":"top","share_float_style":"share-monocrhome","show_share_counter":"1","show_view_counter":"1","show_featured":"1","show_post_meta":"1","show_post_author":"1","show_post_author_image":"1","show_post_date":"1","post_date_format":"default","post_date_format_custom":"Y\/m\/d","show_post_category":"1","show_post_reading_time":"0","post_reading_time_wpm":"300","show_zoom_button":"0","zoom_button_out_step":"2","zoom_button_in_step":"3","show_post_tag":"1","show_prev_next_post":"1","show_popup_post":"1","number_popup_post":"1","show_author_box":"0","show_post_related":"0","show_inline_post_related":"0"}],"override_image_size":"0","image_override":[{"single_post_thumbnail_size":"crop-500","single_post_gallery_size":"crop-500"}],"trending_post":"0","trending_post_position":"meta","trending_post_label":"Trending","sponsored_post":"0","sponsored_post_label":"Sponsored by","sponsored_post_name":"","sponsored_post_url":"","sponsored_post_logo_enable":"0","sponsored_post_logo":"","sponsored_post_desc":"","disable_ad":"0"},"jnews_primary_category":{"id":""},"jnews_social_meta":{"fb_title":"","fb_description":"","fb_image":"","twitter_title":"","twitter_description":"","twitter_image":""},"footnotes":""},"categories":[39],"tags":[],"class_list":["post-319637","post","type-post","status-publish","format-standard","has-post-thumbnail","hentry","category-viajes"],"_links":{"self":[{"href":"https:\/\/dimensionturistica.com\/es\/wp-json\/wp\/v2\/posts\/319637","targetHints":{"allow":["GET"]}}],"collection":[{"href":"https:\/\/dimensionturistica.com\/es\/wp-json\/wp\/v2\/posts"}],"about":[{"href":"https:\/\/dimensionturistica.com\/es\/wp-json\/wp\/v2\/types\/post"}],"author":[{"embeddable":true,"href":"https:\/\/dimensionturistica.com\/es\/wp-json\/wp\/v2\/users\/1"}],"replies":[{"embeddable":true,"href":"https:\/\/dimensionturistica.com\/es\/wp-json\/wp\/v2\/comments?post=319637"}],"version-history":[{"count":0,"href":"https:\/\/dimensionturistica.com\/es\/wp-json\/wp\/v2\/posts\/319637\/revisions"}],"wp:featuredmedia":[{"embeddable":true,"href":"https:\/\/dimensionturistica.com\/es\/wp-json\/wp\/v2\/media\/318932"}],"wp:attachment":[{"href":"https:\/\/dimensionturistica.com\/es\/wp-json\/wp\/v2\/media?parent=319637"}],"wp:term":[{"taxonomy":"category","embeddable":true,"href":"https:\/\/dimensionturistica.com\/es\/wp-json\/wp\/v2\/categories?post=319637"},{"taxonomy":"post_tag","embeddable":true,"href":"https:\/\/dimensionturistica.com\/es\/wp-json\/wp\/v2\/tags?post=319637"}],"curies":[{"name":"wp","href":"https:\/\/api.w.org\/{rel}","templated":true}]}}