{"id":319615,"date":"2022-05-19T16:17:25","date_gmt":"2022-05-19T16:17:25","guid":{"rendered":"https:\/\/dimensionturistica.com\/es\/?p=319615"},"modified":"2022-05-19T16:17:25","modified_gmt":"2022-05-19T16:17:25","slug":"participa-puebla-en-cuarta-edicion-de-premios-lo-mejor-de-mexico-2022-2","status":"publish","type":"post","link":"https:\/\/dimensionturistica.com\/es\/participa-puebla-en-cuarta-edicion-de-premios-lo-mejor-de-mexico-2022-2\/","title":{"rendered":"Participa Puebla en cuarta edici\u00f3n de premios \u201cLo Mejor de M\u00e9xico 2022\u201d"},"content":{"rendered":"<p><img decoding=\"async\" class=\"size-medium wp-image-319660 alignright\" src=\"https:\/\/dimensionturistica.com\/es\/wp-content\/uploads\/2022\/05\/unnamed-5-2-300x200.jpg\" alt=\"\" width=\"300\" height=\"200\" srcset=\"https:\/\/dimensionturistica.com\/es\/wp-content\/uploads\/2022\/05\/unnamed-5-2-300x200.jpg 300w, https:\/\/dimensionturistica.com\/es\/wp-content\/uploads\/2022\/05\/unnamed-5-2-1024x683.jpg 1024w, https:\/\/dimensionturistica.com\/es\/wp-content\/uploads\/2022\/05\/unnamed-5-2-768x512.jpg 768w, https:\/\/dimensionturistica.com\/es\/wp-content\/uploads\/2022\/05\/unnamed-5-2-1536x1024.jpg 1536w, https:\/\/dimensionturistica.com\/es\/wp-content\/uploads\/2022\/05\/unnamed-5-2-2048x1365.jpg 2048w, https:\/\/dimensionturistica.com\/es\/wp-content\/uploads\/2022\/05\/unnamed-5-2-750x500.jpg 750w, https:\/\/dimensionturistica.com\/es\/wp-content\/uploads\/2022\/05\/unnamed-5-2-1140x760.jpg 1140w\" sizes=\"(max-width: 300px) 100vw, 300px\" \/>\u00a0Puebla y sus destinos tur\u00edsticos participan en tres de las 16 categor\u00edas de los premios \u201cLo Mejor de M\u00e9xico 2022\u201d, organizados por la revista especializada en destinos de viaje M\u00e9xico Desconocido.<br \/>\nPor cuarta ocasi\u00f3n, la convocatoria reconocer\u00e1, de acuerdo a la votaci\u00f3n de viajantes y sus lectores, a los mejores destinos y experiencias de turismo del pa\u00eds.<br \/>\nLa votaci\u00f3n est\u00e1 abierta en la p\u00e1gina www.lomejormexico.com, en donde quienes deseen participar, deber\u00e1n registrar su correo electr\u00f3nico y generar una contrase\u00f1a para ingresar a las categor\u00edas y emitir su voto, la fecha l\u00edmite para hacerlo es el pr\u00f3ximo 19 de mayo.<br \/>\nEn esta ocasi\u00f3n, Puebla participa en la categor\u00eda de \u201cMejor estado para vivir una experiencia cultural\u201d, por la majestuosidad de sus recintos coloniales, su<\/p>\n<p><img decoding=\"async\" class=\"size-medium wp-image-319661 alignright\" src=\"https:\/\/dimensionturistica.com\/es\/wp-content\/uploads\/2022\/05\/unnamed-4-3-300x200.jpg\" alt=\"\" width=\"300\" height=\"200\" srcset=\"https:\/\/dimensionturistica.com\/es\/wp-content\/uploads\/2022\/05\/unnamed-4-3-300x200.jpg 300w, https:\/\/dimensionturistica.com\/es\/wp-content\/uploads\/2022\/05\/unnamed-4-3-1024x683.jpg 1024w, https:\/\/dimensionturistica.com\/es\/wp-content\/uploads\/2022\/05\/unnamed-4-3-768x512.jpg 768w, https:\/\/dimensionturistica.com\/es\/wp-content\/uploads\/2022\/05\/unnamed-4-3-1536x1024.jpg 1536w, https:\/\/dimensionturistica.com\/es\/wp-content\/uploads\/2022\/05\/unnamed-4-3-2048x1365.jpg 2048w, https:\/\/dimensionturistica.com\/es\/wp-content\/uploads\/2022\/05\/unnamed-4-3-750x500.jpg 750w, https:\/\/dimensionturistica.com\/es\/wp-content\/uploads\/2022\/05\/unnamed-4-3-1140x760.jpg 1140w\" sizes=\"(max-width: 300px) 100vw, 300px\" \/>\u00a0herencia cultural y su gastronom\u00eda;\u00a0\u201cMejor destino para vivir una experiencia artesanal\u201d por sus figuras tejidas de ocoxal, las esferas de vidrio soplado y piezas en talavera y, \u201cMejor Pueblo M\u00e1gico para vivir una experiencia inolvidable\u201d, participa con Cuetzalan y su ritual de voladores y la neblina que esconde el ir y venir de la comunidad nahua.<br \/>\n<img decoding=\"async\" class=\"size-medium wp-image-319662 alignleft\" src=\"https:\/\/dimensionturistica.com\/es\/wp-content\/uploads\/2022\/05\/unnamed-2-7-300x200.jpg\" alt=\"\" width=\"300\" height=\"200\" srcset=\"https:\/\/dimensionturistica.com\/es\/wp-content\/uploads\/2022\/05\/unnamed-2-7-300x200.jpg 300w, https:\/\/dimensionturistica.com\/es\/wp-content\/uploads\/2022\/05\/unnamed-2-7-1024x683.jpg 1024w, https:\/\/dimensionturistica.com\/es\/wp-content\/uploads\/2022\/05\/unnamed-2-7-768x512.jpg 768w, https:\/\/dimensionturistica.com\/es\/wp-content\/uploads\/2022\/05\/unnamed-2-7-1536x1024.jpg 1536w, https:\/\/dimensionturistica.com\/es\/wp-content\/uploads\/2022\/05\/unnamed-2-7-2048x1365.jpg 2048w, https:\/\/dimensionturistica.com\/es\/wp-content\/uploads\/2022\/05\/unnamed-2-7-750x500.jpg 750w, https:\/\/dimensionturistica.com\/es\/wp-content\/uploads\/2022\/05\/unnamed-2-7-1140x760.jpg 1140w\" sizes=\"(max-width: 300px) 100vw, 300px\" \/>Cabe recordar que, en el a\u00f1o 2020, Puebla fue reconocida en cuatro categor\u00edas, Zacatl\u00e1n obtuvo el primer lugar en \u201cMejor Pueblo M\u00e1gico para una experiencia culinaria\u201d; tercer lugar como \u201cMejor Estado para Vivir Experiencias Originales\u201d; mientras que Cuetzalan ocup\u00f3 el segundo puesto como \u201cMejor Pueblo M\u00e1gico con Ra\u00edces Ancestrales\u201d y el tercer sitio como \u201cMejor Destino de Aventura\u201d.<\/p>\n","protected":false},"excerpt":{"rendered":"<p>\u00a0Puebla y sus destinos tur\u00edsticos participan en tres de las 16 categor\u00edas de los premios \u201cLo Mejor de M\u00e9xico 2022\u201d, organizados por la revista especializada en destinos de viaje M\u00e9xico Desconocido. Por cuarta ocasi\u00f3n, la convocatoria reconocer\u00e1, de acuerdo a la votaci\u00f3n de viajantes y sus lectores, a los mejores destinos y experiencias de turismo [&hellip;]<\/p>\n","protected":false},"author":1,"featured_media":319663,"comment_status":"open","ping_status":"closed","sticky":false,"template":"","format":"standard","meta":{"om_disable_all_campaigns":false,"jnews-multi-image_gallery":[],"jnews_single_post":{"source_name":"","source_url":"","via_name":"","via_url":"","override_template":"0","override":[{"template":"1","single_blog_custom":"","parallax":"1","fullscreen":"1","layout":"right-sidebar","sidebar":"default-sidebar","second_sidebar":"default-sidebar","sticky_sidebar":"1","share_position":"top","share_float_style":"share-monocrhome","show_share_counter":"1","show_view_counter":"1","show_featured":"1","show_post_meta":"1","show_post_author":"1","show_post_author_image":"1","show_post_date":"1","post_date_format":"default","post_date_format_custom":"Y\/m\/d","show_post_category":"1","show_post_reading_time":"0","post_reading_time_wpm":"300","show_zoom_button":"0","zoom_button_out_step":"2","zoom_button_in_step":"3","show_post_tag":"1","show_prev_next_post":"1","show_popup_post":"1","number_popup_post":"1","show_author_box":"0","show_post_related":"0","show_inline_post_related":"0"}],"override_image_size":"0","image_override":[{"single_post_thumbnail_size":"crop-500","single_post_gallery_size":"crop-500"}],"trending_post":"0","trending_post_position":"meta","trending_post_label":"Trending","sponsored_post":"0","sponsored_post_label":"Sponsored by","sponsored_post_name":"","sponsored_post_url":"","sponsored_post_logo_enable":"0","sponsored_post_logo":"","sponsored_post_desc":"","disable_ad":"0"},"jnews_primary_category":{"id":""},"jnews_social_meta":{"fb_title":"","fb_description":"","fb_image":"","twitter_title":"","twitter_description":"","twitter_image":""},"footnotes":""},"categories":[39],"tags":[],"class_list":["post-319615","post","type-post","status-publish","format-standard","has-post-thumbnail","hentry","category-viajes"],"_links":{"self":[{"href":"https:\/\/dimensionturistica.com\/es\/wp-json\/wp\/v2\/posts\/319615","targetHints":{"allow":["GET"]}}],"collection":[{"href":"https:\/\/dimensionturistica.com\/es\/wp-json\/wp\/v2\/posts"}],"about":[{"href":"https:\/\/dimensionturistica.com\/es\/wp-json\/wp\/v2\/types\/post"}],"author":[{"embeddable":true,"href":"https:\/\/dimensionturistica.com\/es\/wp-json\/wp\/v2\/users\/1"}],"replies":[{"embeddable":true,"href":"https:\/\/dimensionturistica.com\/es\/wp-json\/wp\/v2\/comments?post=319615"}],"version-history":[{"count":0,"href":"https:\/\/dimensionturistica.com\/es\/wp-json\/wp\/v2\/posts\/319615\/revisions"}],"wp:featuredmedia":[{"embeddable":true,"href":"https:\/\/dimensionturistica.com\/es\/wp-json\/wp\/v2\/media\/319663"}],"wp:attachment":[{"href":"https:\/\/dimensionturistica.com\/es\/wp-json\/wp\/v2\/media?parent=319615"}],"wp:term":[{"taxonomy":"category","embeddable":true,"href":"https:\/\/dimensionturistica.com\/es\/wp-json\/wp\/v2\/categories?post=319615"},{"taxonomy":"post_tag","embeddable":true,"href":"https:\/\/dimensionturistica.com\/es\/wp-json\/wp\/v2\/tags?post=319615"}],"curies":[{"name":"wp","href":"https:\/\/api.w.org\/{rel}","templated":true}]}}