{"id":319583,"date":"2022-05-19T15:20:16","date_gmt":"2022-05-19T15:20:16","guid":{"rendered":"https:\/\/dimensionturistica.com\/es\/?p=319583"},"modified":"2022-05-19T15:20:16","modified_gmt":"2022-05-19T15:20:16","slug":"pabellon-de-pueblos-magicos-y-turismo-atiende-a-mas-de-10-mil-visitantes","status":"publish","type":"post","link":"https:\/\/dimensionturistica.com\/es\/pabellon-de-pueblos-magicos-y-turismo-atiende-a-mas-de-10-mil-visitantes\/","title":{"rendered":"Pabell\u00f3n de Pueblos M\u00e1gicos y Turismo atiende a m\u00e1s de 10 mil visitantes"},"content":{"rendered":"<p><img decoding=\"async\" class=\"size-medium wp-image-319587 alignleft\" src=\"https:\/\/dimensionturistica.com\/es\/wp-content\/uploads\/2022\/05\/unnamed-22-300x200.jpg\" alt=\"\" width=\"300\" height=\"200\" srcset=\"https:\/\/dimensionturistica.com\/es\/wp-content\/uploads\/2022\/05\/unnamed-22-300x200.jpg 300w, https:\/\/dimensionturistica.com\/es\/wp-content\/uploads\/2022\/05\/unnamed-22-1024x683.jpg 1024w, https:\/\/dimensionturistica.com\/es\/wp-content\/uploads\/2022\/05\/unnamed-22-768x512.jpg 768w, https:\/\/dimensionturistica.com\/es\/wp-content\/uploads\/2022\/05\/unnamed-22-1536x1024.jpg 1536w, https:\/\/dimensionturistica.com\/es\/wp-content\/uploads\/2022\/05\/unnamed-22-2048x1365.jpg 2048w, https:\/\/dimensionturistica.com\/es\/wp-content\/uploads\/2022\/05\/unnamed-22-750x500.jpg 750w, https:\/\/dimensionturistica.com\/es\/wp-content\/uploads\/2022\/05\/unnamed-22-1140x760.jpg 1140w\" sizes=\"(max-width: 300px) 100vw, 300px\" \/>\u00a0De acuerdo a informaci\u00f3n generada en los 12 stands que conforman el Pabell\u00f3n de Pueblos M\u00e1gicos y Turismo, durante 10 d\u00edas de actividades, los touroperadores, directores de Turismo y prestadores de servicios que participan en la Feria de Puebla, han atendido a 10 mil 987 personas que solicitaron informaci\u00f3n relacionada con traslados, hospedaje, atractivos, promociones, gastronom\u00eda y fechas para visitar cada uno de sus municipios.<br \/>\nLa directora de Pueblos M\u00e1gicos de la Secretar\u00eda de Turismo, Karla V\u00e1zquez Martag\u00f3n, destac\u00f3 que la participaci\u00f3n de touroperadores y gu\u00edas de turismo en los m\u00f3dulos ha sido muy importante ya que permite ofrecer informaci\u00f3n precisa y promover el destino de manera directa a potenciales visitantes.<br \/>\nMencion\u00f3 que han llevado a cabo din\u00e1micas que incluyen ofrecer productos elaborados en cada municipio, como vinos artesanales, mezcal, platillos y dulces t\u00edpicos, pan y caf\u00e9, entre otros.<br \/>\nQuienes visitan este espacio, adem\u00e1s de conocer los atractivos, servicios y bellezas con los que<img decoding=\"async\" class=\"size-medium wp-image-319588 alignright\" src=\"https:\/\/dimensionturistica.com\/es\/wp-content\/uploads\/2022\/05\/unnamed-3-5-300x200.jpg\" alt=\"\" width=\"300\" height=\"200\" srcset=\"https:\/\/dimensionturistica.com\/es\/wp-content\/uploads\/2022\/05\/unnamed-3-5-300x200.jpg 300w, https:\/\/dimensionturistica.com\/es\/wp-content\/uploads\/2022\/05\/unnamed-3-5-1024x683.jpg 1024w, https:\/\/dimensionturistica.com\/es\/wp-content\/uploads\/2022\/05\/unnamed-3-5-768x512.jpg 768w, https:\/\/dimensionturistica.com\/es\/wp-content\/uploads\/2022\/05\/unnamed-3-5-1536x1024.jpg 1536w, https:\/\/dimensionturistica.com\/es\/wp-content\/uploads\/2022\/05\/unnamed-3-5-2048x1365.jpg 2048w, https:\/\/dimensionturistica.com\/es\/wp-content\/uploads\/2022\/05\/unnamed-3-5-750x500.jpg 750w, https:\/\/dimensionturistica.com\/es\/wp-content\/uploads\/2022\/05\/unnamed-3-5-1140x760.jpg 1140w\" sizes=\"(max-width: 300px) 100vw, 300px\" \/> cuenta el estado, han podido disfrutar de presentaciones musicales, huapangos, convivencia con jugadores de b\u00e9isbol y Pepe Perico (mascota de Los Pericos de Puebla), leyendas del Club Puebla y grupos de baile folcl\u00f3rico, entre otros, que muestran parte de las tradiciones de los municipios que representan.<br \/>\nDe acuerdo con M\u00e1ximo Rosas Morales, representante del Grupo de Danza y Baile Tradicional Netotiloyan, del Pueblo M\u00e1gico Atlixco, despu\u00e9s de dos a\u00f1os sin actividades, es motivante participar en un espacio que permite dar a conocer sus costumbres y contribuir a la reactivaci\u00f3n econ\u00f3mica por medio del turismo.<\/p>\n","protected":false},"excerpt":{"rendered":"<p>\u00a0De acuerdo a informaci\u00f3n generada en los 12 stands que conforman el Pabell\u00f3n de Pueblos M\u00e1gicos y Turismo, durante 10 d\u00edas de actividades, los touroperadores, directores de Turismo y prestadores de servicios que participan en la Feria de Puebla, han atendido a 10 mil 987 personas que solicitaron informaci\u00f3n relacionada con traslados, hospedaje, atractivos, promociones, [&hellip;]<\/p>\n","protected":false},"author":1,"featured_media":319589,"comment_status":"open","ping_status":"closed","sticky":false,"template":"","format":"standard","meta":{"om_disable_all_campaigns":false,"jnews-multi-image_gallery":[],"jnews_single_post":{"source_name":"","source_url":"","via_name":"","via_url":"","override_template":"0","override":[{"template":"1","single_blog_custom":"","parallax":"1","fullscreen":"1","layout":"right-sidebar","sidebar":"default-sidebar","second_sidebar":"default-sidebar","sticky_sidebar":"1","share_position":"top","share_float_style":"share-monocrhome","show_share_counter":"1","show_view_counter":"1","show_featured":"1","show_post_meta":"1","show_post_author":"1","show_post_author_image":"1","show_post_date":"1","post_date_format":"default","post_date_format_custom":"Y\/m\/d","show_post_category":"1","show_post_reading_time":"0","post_reading_time_wpm":"300","show_zoom_button":"0","zoom_button_out_step":"2","zoom_button_in_step":"3","show_post_tag":"1","show_prev_next_post":"1","show_popup_post":"1","number_popup_post":"1","show_author_box":"0","show_post_related":"0","show_inline_post_related":"0"}],"override_image_size":"0","image_override":[{"single_post_thumbnail_size":"crop-500","single_post_gallery_size":"crop-500"}],"trending_post":"0","trending_post_position":"meta","trending_post_label":"Trending","sponsored_post":"0","sponsored_post_label":"Sponsored by","sponsored_post_name":"","sponsored_post_url":"","sponsored_post_logo_enable":"0","sponsored_post_logo":"","sponsored_post_desc":"","disable_ad":"0"},"jnews_primary_category":{"id":""},"jnews_social_meta":{"fb_title":"","fb_description":"","fb_image":"","twitter_title":"","twitter_description":"","twitter_image":""},"footnotes":""},"categories":[39],"tags":[],"class_list":["post-319583","post","type-post","status-publish","format-standard","has-post-thumbnail","hentry","category-viajes"],"_links":{"self":[{"href":"https:\/\/dimensionturistica.com\/es\/wp-json\/wp\/v2\/posts\/319583","targetHints":{"allow":["GET"]}}],"collection":[{"href":"https:\/\/dimensionturistica.com\/es\/wp-json\/wp\/v2\/posts"}],"about":[{"href":"https:\/\/dimensionturistica.com\/es\/wp-json\/wp\/v2\/types\/post"}],"author":[{"embeddable":true,"href":"https:\/\/dimensionturistica.com\/es\/wp-json\/wp\/v2\/users\/1"}],"replies":[{"embeddable":true,"href":"https:\/\/dimensionturistica.com\/es\/wp-json\/wp\/v2\/comments?post=319583"}],"version-history":[{"count":0,"href":"https:\/\/dimensionturistica.com\/es\/wp-json\/wp\/v2\/posts\/319583\/revisions"}],"wp:featuredmedia":[{"embeddable":true,"href":"https:\/\/dimensionturistica.com\/es\/wp-json\/wp\/v2\/media\/319589"}],"wp:attachment":[{"href":"https:\/\/dimensionturistica.com\/es\/wp-json\/wp\/v2\/media?parent=319583"}],"wp:term":[{"taxonomy":"category","embeddable":true,"href":"https:\/\/dimensionturistica.com\/es\/wp-json\/wp\/v2\/categories?post=319583"},{"taxonomy":"post_tag","embeddable":true,"href":"https:\/\/dimensionturistica.com\/es\/wp-json\/wp\/v2\/tags?post=319583"}],"curies":[{"name":"wp","href":"https:\/\/api.w.org\/{rel}","templated":true}]}}