{"id":319555,"date":"2022-05-19T14:35:39","date_gmt":"2022-05-19T14:35:39","guid":{"rendered":"https:\/\/dimensionturistica.com\/es\/?p=319555"},"modified":"2022-05-19T14:38:56","modified_gmt":"2022-05-19T14:38:56","slug":"que-beneficios-y-desafios-traera-la-nueva-iniciativa-de-ley-de-publicidad-exterior-de-la-cdmx-a-la-industria-de-publicidad-exterior","status":"publish","type":"post","link":"https:\/\/dimensionturistica.com\/es\/que-beneficios-y-desafios-traera-la-nueva-iniciativa-de-ley-de-publicidad-exterior-de-la-cdmx-a-la-industria-de-publicidad-exterior\/","title":{"rendered":"\u00bfQu\u00e9 beneficios y desaf\u00edos traer\u00e1 la nueva iniciativa de Ley de Publicidad Exterior de la CDMX a la industria de publicidad exterior?"},"content":{"rendered":"<p>\u201cLa iniciativa de ley de Publicidad Exterior de la Ciudad de M\u00e9xico propuesta por la jefa de Gobierno, Claudia Sheimbaum, ha alarmado a la industria publicitaria de la capital de pa\u00eds, ya que la justificaci\u00f3n de proponer esta nueva legislaci\u00f3n es pr\u00e1cticamente la misma que se utiliz\u00f3 para la elaboraci\u00f3n de la que est\u00e1 actualmente vigente y que a 12 a\u00f1os de su promulgaci\u00f3n no se ha logrado nada de ello. En donde se busca combatir la publicidad exterior ilegal, reordenar los espacios publicitarios, recuperar los espacios p\u00fablicos y generar certeza jur\u00eddica para la industria\u201d, explic\u00f3 el Mtro. Jorge Carlos Negret V\u00e1zquez,<br \/>\nPresidente de la Fundaci\u00f3n por el Rescate y Recuperaci\u00f3n del Paisaje Urbano (FRRPU). \u201cNo solo, por esta raz\u00f3n es un desacierto esta iniciativa para tener el control del paisaje urbano y combatir la contaminaci\u00f3n visual en la ciudad sino tambi\u00e9n de ser aprobada dar\u00e1 pauta a que se proliferen a\u00fan m\u00e1s los anuncios en los espacios p\u00fablicos. Al tener una redacci\u00f3n confusa deja espacio a<img decoding=\"async\" class=\"size-medium wp-image-319558 alignleft\" src=\"https:\/\/dimensionturistica.com\/es\/wp-content\/uploads\/2022\/05\/Jorge-Carlos-Negret-Vazquez-242x300.jpg\" alt=\"\" width=\"242\" height=\"300\" srcset=\"https:\/\/dimensionturistica.com\/es\/wp-content\/uploads\/2022\/05\/Jorge-Carlos-Negret-Vazquez-242x300.jpg 242w, https:\/\/dimensionturistica.com\/es\/wp-content\/uploads\/2022\/05\/Jorge-Carlos-Negret-Vazquez-827x1024.jpg 827w, https:\/\/dimensionturistica.com\/es\/wp-content\/uploads\/2022\/05\/Jorge-Carlos-Negret-Vazquez-768x951.jpg 768w, https:\/\/dimensionturistica.com\/es\/wp-content\/uploads\/2022\/05\/Jorge-Carlos-Negret-Vazquez-750x929.jpg 750w, https:\/\/dimensionturistica.com\/es\/wp-content\/uploads\/2022\/05\/Jorge-Carlos-Negret-Vazquez.jpg 893w\" sizes=\"(max-width: 242px) 100vw, 242px\" \/> muchas interpretaciones inadecuadas, no aclara con contundencia las funciones de las autoridades que participan en la regulaci\u00f3n del sector, lo que de nueva cuenta dejar\u00e1 abierto el mercado para actos de corrupci\u00f3n y la autorizaci\u00f3n de nuevos formatos y espacios a la publicidad (art\u00edculo 13) e incluso la colocaci\u00f3n de algunos que est\u00e1n prohibidos por la legislaci\u00f3n actual, se volver\u00edan autorizar\u201d, agrega Negrete V\u00e1zquez.<br \/>\nUn ejemplo de ello son los anuncios envolventes en edificios y en muros ciegos que fueron desaparecidos en la administraci\u00f3n de Miguel \u00c1ngel Mancera y que pese a que est\u00e1n prohibidos han vuelto a aparecer a lo largo de la ciudad en estos \u00faltimos tres a\u00f1os y que la nueva legislaci\u00f3n permitir\u00eda.<br \/>\nOtros formatos que tambi\u00e9n se permitir\u00edan ser\u00eda el colocar mantas envolventes en inmuebles en remodelaci\u00f3n que podr\u00edan ser instalados sin especificar el tiempo permitido. Respecto a los MUPIS la autorizaci\u00f3n de colocar nuevos tipos an\u00e1logos implica que se multipliquen las posibilidades de publicidad en mobiliario urbano como en botes de basura, postes de luz, mesas, bancas, entre otros que se colocar\u00edan en las calles.<br \/>\nAdem\u00e1s, se aprobar\u00eda la colocaci\u00f3n de proyecci\u00f3n \u00f3ptica o virtual en inmuebles, los llamados<br \/>\nvideomapping, lo que promueve la contaminaci\u00f3n visual y lum\u00ednica; y la distribuci\u00f3n de publicidad en muros a nivel de calle lo que va a generar m\u00e1s saturaci\u00f3n y la continuidad de la p\u00e9rdida del espacio p\u00fablico y del paisaje urbano.<br \/>\n\u201cContrario al objetivo planteado en el sentido de regular con mayor \u00e9nfasis y orden la publicidad exterior de la ciudad, tener una recuperaci\u00f3n del paisaje urbano, de los espacios p\u00fablicos y evitar la contaminaci\u00f3n visual impidiendo la colocaci\u00f3n de m\u00e1s anuncios, con la nueva ley esto se multiplicar\u00e1 ya que se abrir\u00e1n espacios que no est\u00e1n contemplados el d\u00eda de hoy, pero que en la propuesta legislativa si, como son la colocaci\u00f3n de estructuras publicitarias en lugares como bajopuentes, columnas, bases de taxis, en muros a nivel de calle, vallas, tapiales, en las fachadas con el pretexto de remodelarlas nos encontramos con publicidad en cada manzana por tiempo indefinido, etc.,\u201d puntualiza Negrete V\u00e1zquez.<br \/>\nTodo esto nos indica que se mudar\u00eda el desorden de los anuncios espectaculares a las banquetas, sin que adem\u00e1s tengamos la garant\u00eda de que los espectaculares en las azoteas en realidad se retiren. Durante los tres a\u00f1os de esta administraci\u00f3n no solo no se ha resuelto el problema de la publicidad exterior, sino lo que se hab\u00eda avanzado en un reordenamiento y retiro de ciertos formatos se perdi\u00f3, ya que no hay una pol\u00edtica p\u00fablica clara. Un dato contundente es que de los mil 200 anuncios espectaculares en azoteas se han retirado menos de un 10% en tres a\u00f1os.<br \/>\nEsto nos indica que la iniciativa de la nueva ley ser\u00e1 un gran desacierto, ya que no solo se necesita de la buena fe del gobierno de la CDMX para regular la industria de publicidad exterior sino de fortalecer las medidas regulatorias de forma clara y contundente. Esta propuesta no contiene par\u00e1metros de espacios, formatos, ni medidas de anuncios lo que la hace m\u00e1s permisiva lo que traer\u00e1 como consecuencia m\u00e1s saturaci\u00f3n en el espacio p\u00fablico, muchos problemas al aplicar la norma y grandes oportunidades de corrupci\u00f3n,\u201d concluye el presidente de la FRRPU.<br \/>\nPara m\u00e1s informaci\u00f3n y denuncias de publicidad exterior ilegal, irregular o mobiliario urbano que est\u00e9 ensuciando la imagen de nuestra ciudad y del pa\u00eds o todo aquello que se tipifique como delito y que atente contra la protecci\u00f3n, conservaci\u00f3n y regulaci\u00f3n del paisaje urbano los invitamos visitar:<br \/>\nWeb: http:\/\/fundacionporelrescateyrecuperaciondelpaisajeurbano.org\/<br \/>\nFacebook: @TuMexicoLimpio<br \/>\nTwitter: @TuMexicoLimpio<br \/>\nTwitter: @JorgecNegrete<\/p>\n","protected":false},"excerpt":{"rendered":"<p>\u201cLa iniciativa de ley de Publicidad Exterior de la Ciudad de M\u00e9xico propuesta por la jefa de Gobierno, Claudia Sheimbaum, ha alarmado a la industria publicitaria de la capital de pa\u00eds, ya que la justificaci\u00f3n de proponer esta nueva legislaci\u00f3n es pr\u00e1cticamente la misma que se utiliz\u00f3 para la elaboraci\u00f3n de la que est\u00e1 actualmente [&hellip;]<\/p>\n","protected":false},"author":1,"featured_media":319557,"comment_status":"open","ping_status":"closed","sticky":false,"template":"","format":"standard","meta":{"om_disable_all_campaigns":false,"jnews-multi-image_gallery":[],"jnews_single_post":{"source_name":"","source_url":"","via_name":"","via_url":"","override_template":"0","override":[{"template":"1","single_blog_custom":"","parallax":"1","fullscreen":"1","layout":"right-sidebar","sidebar":"default-sidebar","second_sidebar":"default-sidebar","sticky_sidebar":"1","share_position":"top","share_float_style":"share-monocrhome","show_share_counter":"1","show_view_counter":"1","show_featured":"1","show_post_meta":"1","show_post_author":"1","show_post_author_image":"1","show_post_date":"1","post_date_format":"default","post_date_format_custom":"Y\/m\/d","show_post_category":"1","show_post_reading_time":"0","post_reading_time_wpm":"300","show_zoom_button":"0","zoom_button_out_step":"2","zoom_button_in_step":"3","show_post_tag":"1","show_prev_next_post":"1","show_popup_post":"1","number_popup_post":"1","show_author_box":"0","show_post_related":"0","show_inline_post_related":"0"}],"override_image_size":"0","image_override":[{"single_post_thumbnail_size":"crop-500","single_post_gallery_size":"crop-500"}],"trending_post":"0","trending_post_position":"meta","trending_post_label":"Trending","sponsored_post":"0","sponsored_post_label":"Sponsored by","sponsored_post_name":"","sponsored_post_url":"","sponsored_post_logo_enable":"0","sponsored_post_logo":"","sponsored_post_desc":"","disable_ad":"0"},"jnews_primary_category":{"id":""},"jnews_social_meta":{"fb_title":"","fb_description":"","fb_image":"","twitter_title":"","twitter_description":"","twitter_image":""},"footnotes":""},"categories":[40],"tags":[],"class_list":["post-319555","post","type-post","status-publish","format-standard","has-post-thumbnail","hentry","category-industria"],"_links":{"self":[{"href":"https:\/\/dimensionturistica.com\/es\/wp-json\/wp\/v2\/posts\/319555","targetHints":{"allow":["GET"]}}],"collection":[{"href":"https:\/\/dimensionturistica.com\/es\/wp-json\/wp\/v2\/posts"}],"about":[{"href":"https:\/\/dimensionturistica.com\/es\/wp-json\/wp\/v2\/types\/post"}],"author":[{"embeddable":true,"href":"https:\/\/dimensionturistica.com\/es\/wp-json\/wp\/v2\/users\/1"}],"replies":[{"embeddable":true,"href":"https:\/\/dimensionturistica.com\/es\/wp-json\/wp\/v2\/comments?post=319555"}],"version-history":[{"count":0,"href":"https:\/\/dimensionturistica.com\/es\/wp-json\/wp\/v2\/posts\/319555\/revisions"}],"wp:featuredmedia":[{"embeddable":true,"href":"https:\/\/dimensionturistica.com\/es\/wp-json\/wp\/v2\/media\/319557"}],"wp:attachment":[{"href":"https:\/\/dimensionturistica.com\/es\/wp-json\/wp\/v2\/media?parent=319555"}],"wp:term":[{"taxonomy":"category","embeddable":true,"href":"https:\/\/dimensionturistica.com\/es\/wp-json\/wp\/v2\/categories?post=319555"},{"taxonomy":"post_tag","embeddable":true,"href":"https:\/\/dimensionturistica.com\/es\/wp-json\/wp\/v2\/tags?post=319555"}],"curies":[{"name":"wp","href":"https:\/\/api.w.org\/{rel}","templated":true}]}}