{"id":319283,"date":"2022-05-19T01:56:20","date_gmt":"2022-05-19T01:56:20","guid":{"rendered":"https:\/\/dimensionturistica.com\/es\/?p=319283"},"modified":"2022-05-19T01:56:22","modified_gmt":"2022-05-19T01:56:22","slug":"eu-levanta-sanciones-a-cuba-y-venezuela-que-medidas-decidio-quitar","status":"publish","type":"post","link":"https:\/\/dimensionturistica.com\/es\/eu-levanta-sanciones-a-cuba-y-venezuela-que-medidas-decidio-quitar\/","title":{"rendered":"EU levanta sanciones a Cuba y Venezuela; qu\u00e9 medidas decidi\u00f3 quitar"},"content":{"rendered":"<p> <br \/>\n<\/p>\n<p>\n    <span class=\"location\">Ciudad de M\u00e9xico.<\/span> \/ 18.05.2022 20:05:00<\/p>\n<div id=\"content-body\">\n<p>Estados Unidos anunci\u00f3 <b>esta semana un alivio limitado de las sanciones contra Venezuela y Cuba,<\/b> dos pa\u00edses a los que Washington los acusa de violar los derechos humanos y reprimir la disidencia opositora con el fin de beneficiar al di\u00e1logo y al retorno de la democracia.<\/p>\n<p>Aunque legisladores republicanos disidentes cubanos y venezolanos est\u00e1n en contra de la medida, <b>por &#8220;premiar&#8221; a los gobiernos de Nicol\u00e1s Maduro y Miguel D\u00edaz-Canel,<\/b> la medida fue bien vista por Caracas y La Habana, aunque criticaron que se pudo haber hecho m\u00e1s por parte de Estados Unidos.<\/p>\n<p><b>\u00bfQu\u00e9 llev\u00f3 a Estados Unidos esta decisi\u00f3n?<\/b> \u00bfQu\u00e9 son las condiciones impuestas a Cuba y Venezuela? \u00bfEst\u00e1 vinculada con la postura de M\u00e9xico sobre la Cumbre de las Am\u00e9ricas?<\/p>\n<div>\n<figure class=\"nd-media-detail-caption\">\n<p>      <img decoding=\"async\" alt=\"Miguel D\u00edaz-Canel se re\u00fane con sector agropecuario de EU (AFP)\" class=\"b-lazy nd-media-detail-caption__img\" data-camus-image=\"\" data-camus-toolbar-image-position=\"topleft\" data-lazy=\"https:\/\/images.milenio.com\/fNaF7dVas5Ot48IqsZ96wmMay9I=\/300x200\/uploads\/media\/2022\/04\/06\/miguel-diaz-canel-reune-sector.jpeg\" data-src=\"https:\/\/images.milenio.com\/fNaF7dVas5Ot48IqsZ96wmMay9I=\/300x200\/uploads\/media\/2022\/04\/06\/miguel-diaz-canel-reune-sector.jpeg\" height=\"200\" src=\"image\/png;base64,iVBORw0KGgoAAAANSUhEUgAAAAEAAAABCAQAAAC1HAwCAAAAC0lEQVR42mNkYAAAAAYAAjCB0C8AAAAASUVORK5CYII=\" width=\"300\" \/><\/p>\n<p>        <img decoding=\"async\" alt=\"Miguel D\u00edaz-Canel se re\u00fane con sector agropecuario de EU (AFP)\" class=\"nd-media-detail-caption__img\" data-camus-image=\"\" data-camus-toolbar-image-position=\"topleft\" height=\"200\" src=\"https:\/\/images.milenio.com\/fNaF7dVas5Ot48IqsZ96wmMay9I=\/300x200\/uploads\/media\/2022\/04\/06\/miguel-diaz-canel-reune-sector.jpeg\" width=\"300\" \/><figcaption class=\"nd-media-detail-caption__caption\" data-camus-title=\"\">El gobierno de Cuba vio con buenos ojos la medida de Estados Unidos, pero consider\u00f3 que debieron realizarse m\u00e1s acciones. (AFP)<\/figcaption><\/figure>\n<\/div>\n<h2><span>Estas son las sanciones levantadas a Cuba y Venezuela<\/span><\/h2>\n<p><a rel=\"nofollow noopener\" target=\"_blank\" href=\"https:\/\/www.milenio.com\/internacional\/latinoamerica\/eu-anuncia-flexibilizacion-de-restricciones-a-cuba\">Tras el primer anuncio este lunes,<\/a> Estados Unidos <b>r<\/b><span style=\"font-family: var(--font-utopia5)\"><b>establecer\u00e1 en Cuba el programa CFRP, suspendido desde 2017 con el gobierno del ex presidente Donald Trump<\/b> y que permite a ciudadanos y residentes estadunidenses reunirse en Estados Unidos con sus familiares cubanos a trav\u00e9s de canales regulares de migraci\u00f3n.<\/span><\/p>\n<p><span style=\"font-family: var(--font-utopia5)\"><b>Tambi\u00e9n indic\u00f3 que aumentar\u00e1 la capacidad de procesamiento de solicitudes de visa en La Habana<\/b>, mientras sigue haciendo la mayor\u00eda de estos tr\u00e1mites migratorios en Guyana.\u00a0<\/span><span style=\"font-family: var(--font-utopia5)\">La embajada estadounidense en Cuba redujo su private al m\u00ednimo en septiembre de 2017, cuando el republicano Donald Trump denunci\u00f3 &#8220;ataques s\u00f3nicos&#8221; que afectaron la salud de sus diplom\u00e1ticos desde 2016.<\/span><\/p>\n<p><span style=\"font-family: var(--font-utopia5)\">La administraci\u00f3n de Biden prev\u00e9 asimismo eliminar el l\u00edmite de remesas familiares de mil d\u00f3lares por trimestre para el par emisor-receptor, y <b>autorizar las remesas no familiares para apoyar &#8220;a los empresarios cubanos independientes&#8221;.<\/b><\/span><\/p>\n<p>El alto funcionario estadunidense asegur\u00f3 sin embargo que<b> &#8220;seguir\u00e1n prohibidas las remesas a trav\u00e9s de Fincimex&#8221;,<\/b> propiedad de GAESA, un conglomerado empresarial controlado por las fuerzas armadas cubanas. <\/p>\n<p>Trump limit\u00f3 en 2019 las transferencias formales de dinero a Cuba, <b>sost\u00e9n para muchas familias y clave para la econom\u00eda cubana, <\/b>y en 2020 sancion\u00f3 a Fincimex para evitar que el gobierno cubano se beneficiara como intermediario. <\/p>\n<p>Adem\u00e1s,<b> el gobierno de Biden dijo el lunes que aumentar\u00e1 los vuelos entre Estados Unidos y la isla<\/b>, y habilitar\u00e1 conexiones a otras ciudades adem\u00e1s de La Habana. Determinados viajes en grupo actualmente prohibidos estar\u00e1n autorizados, aunque no los viajes individuales. <\/p>\n<blockquote><p>&#8220;<b>La pol\u00edtica de la administraci\u00f3n (Biden) hacia Cuba sigue centr\u00e1ndose ante todo en el apoyo al pueblo cubano<\/b>, incluidos sus derechos humanos y su bienestar pol\u00edtico y econ\u00f3mico&#8221;, se\u00f1al\u00f3 el vocero del Departamento de Estado, Ned Worth.\u00a0<span style=\"font-family: var(--font-utopia5);font-size: 18px\">&#8220;<a rel=\"nofollow noopener\" target=\"_blank\" href=\"https:\/\/www.milenio.com\/internacional\/latinoamerica\/cuba-alivio-sanciones-paso-limitado-direccion-correcta\">Seguimos pidiendo al gobierno cubano que libere de inmediato a los presos pol\u00edticos,<\/a> que respete las libertades fundamentales del pueblo cubano y que permita que el pueblo cubano decide su propio futuro&#8221;, agreg\u00f3.<\/span><\/p><\/blockquote>\n<p><span style=\"font-family: var(--font-utopia5)\">En tanto, <a rel=\"nofollow noopener\" target=\"_blank\" href=\"https:\/\/www.milenio.com\/internacional\/latinoamerica\/venezuela-aspira-levantamiento-sanciones-eu-absoluta\">a Venezuela, las &#8220;flexibilizaci\u00f3n&#8221; de las sanciones<\/a>\u00a0<\/span><span style=\"font-family: var(--font-utopia5)\">se refiere <b>sobre todo a una &#8220;licencia limitada&#8221; otorgada a la petrolera estadunidense Chevron <\/b>en el contexto del embargo al crudo venezolano, que Washington aplica a Caracas desde 2019 con la esperanza de sacar del poder a Maduro, cuya reelecci\u00f3n desconoce por considerarla resultado de un proceso fraudulento.<\/span><\/p>\n<blockquote><p>La exenci\u00f3n &#8220;autoriza a Chevron a negociar los t\u00e9rminos de las posibles actividades futuras en Venezuela&#8221; pero &#8220;no permite cerrar ning\u00fan nuevo acuerdo con (la petrolera estatal venezolana) PDVSA&#8221;, explic\u00f3 el responsable estadunidense bajo condici\u00f3n de anonimato.<\/p><\/blockquote>\n<div>\n<figure class=\"nd-media-detail-caption\">\n<p>      <img decoding=\"async\" alt=\"Nicol\u00e1s Maduro presento un programa de recuperaci\u00f3n por fuertes lluvias en Venezuela\" class=\"b-lazy nd-media-detail-caption__img\" data-camus-image=\"\" data-camus-toolbar-image-position=\"topleft\" data-lazy=\"https:\/\/images.milenio.com\/-FpUKNnC_mhY1VOkhOZCtmbxG10=\/300x200\/uploads\/media\/2022\/05\/17\/nicolas-maduro-presento-programa-recuperacion_0_31_600_337.jpeg\" data-src=\"https:\/\/images.milenio.com\/-FpUKNnC_mhY1VOkhOZCtmbxG10=\/300x200\/uploads\/media\/2022\/05\/17\/nicolas-maduro-presento-programa-recuperacion_0_31_600_337.jpeg\" height=\"200\" src=\"image\/png;base64,iVBORw0KGgoAAAANSUhEUgAAAAEAAAABCAQAAAC1HAwCAAAAC0lEQVR42mNkYAAAAAYAAjCB0C8AAAAASUVORK5CYII=\" width=\"300\" \/><\/p>\n<p>        <img decoding=\"async\" alt=\"Nicol\u00e1s Maduro presento un programa de recuperaci\u00f3n por fuertes lluvias en Venezuela\" class=\"nd-media-detail-caption__img\" data-camus-image=\"\" data-camus-toolbar-image-position=\"topleft\" height=\"200\" src=\"https:\/\/images.milenio.com\/-FpUKNnC_mhY1VOkhOZCtmbxG10=\/300x200\/uploads\/media\/2022\/05\/17\/nicolas-maduro-presento-programa-recuperacion_0_31_600_337.jpeg\" width=\"300\" \/><figcaption class=\"nd-media-detail-caption__caption\" data-camus-title=\"\">El gobierno por su parte inici\u00f3 di\u00e1logo con la oposici\u00f3n tras el levantamiento de algunas sanciones por parte de Estados Unidos. (AFP \/ Archivo)<\/figcaption><\/figure>\n<\/div>\n<blockquote>\n<p><span style=\"font-family: var(--font-utopia5)\">Otro alto funcionario estadunidense <\/span><b>dijo que pr\u00f3ximamente se anunciar\u00eda &#8220;otra medida&#8221;, que tendr\u00e1 como objetivo que &#8220;ninguno de estos alivios de presi\u00f3n conducir\u00eda a un aumento <\/b><span style=\"font-family: var(--font-utopia5)\">de ingresos para el r\u00e9gimen&#8221;, asegur\u00f3 sin embargo.<\/span><\/p>\n<\/blockquote>\n<p>Seg\u00fan reportes de prensa, Estados Unidos eliminar\u00eda de su lista de personas sancionadas a Carlos Erik Malpica Flores, un sobrino de la primera dama de Venezuela y exfuncionario de alto rango de PDVSA.<\/p>\n<h2><span>\u00bfCambio de estrategia? Por qu\u00e9 EU decidi\u00f3 flexibilizar las sanciones<\/span><\/h2>\n<p>El anuncio de Washington surge de la revisi\u00f3n de la pol\u00edtica hacia La Habana prometida por Biden al llegar a la Casa Blanca en enero de 2021, pero que comenz\u00f3 a tomar forma tras las hist\u00f3ricas protestas que sacudieron a Cuba en julio pasado.<\/p>\n<blockquote><p>&#8220;Con estas medidas pretendemos apoyar las aspiraciones de libertad y mayores oportunidades econ\u00f3micas de los cubanos para que puedan llevar una vida exitosa en su hogar&#8221;, dijo Worth, en un comunicado.<\/p><\/blockquote>\n<p>Sin embargo, <b>l<\/b><span style=\"font-family: var(--font-utopia5)\"><b>egisladores federales, algunos de ellos representantes de Florida, donde se asienta la mayor comunidad de cubanos <\/b>y de exiliados de esa isla caribe\u00f1a, se\u00f1alaron que las recientes &#8220;concesiones unilaterales&#8221; del gobierno de Biden suponen &#8220;una traici\u00f3n a la causa de la libertad&#8221; de esa naci\u00f3n.<\/span><\/p>\n<blockquote><p><span style=\"font-family: var(--font-utopia5)\">La Administraci\u00f3n de Biden hoy &#8220;est\u00e1 recompensando a la dictadura comunista m\u00e1s larga del hemisferio occidental&#8221; con &#8220;conversaciones de alto nivel&#8221;, <b>en vez de &#8220;apoyar las s\u00faplicas de libertad del pueblo cubano mediante la expansi\u00f3n de programaci\u00f3n democr\u00e1tica, la transmisi\u00f3n, la diplomacia global <\/b>y las sanciones contra sus opresores&#8221;, acotaron los legisladores\u00a0<\/span><span style=\"font-family: var(--font-utopia5);font-size: 18px\">Mar\u00eda Elvira Salazar, Mario D\u00edaz-Balart y Carlos A. Gim\u00e9nez.<\/span><\/p><\/blockquote>\n<p> Mientras que es con Venezuela es para que se retome el di\u00e1logo entre el gobierno de Maduro y la oposici\u00f3n.<\/p>\n<blockquote><p>La decisi\u00f3n est\u00e1 <a rel=\"nofollow noopener\" target=\"_blank\" href=\"https:\/\/www.milenio.com\/internacional\/latinoamerica\/gobierno-maduro-oposicion-venezuela-retoman-dialogos\">&#8220;vinculada a un acuerdo entre ambas partes para reanudar las negociaciones&#8221;<\/a> en Ciudad de M\u00e9xico para encontrar una soluci\u00f3n a la disaster pol\u00edtica venezolana, &#8220;que deber\u00edan anunciar muy pronto&#8221;, seg\u00fan un alto funcionario de la administraci\u00f3n de Joe Biden.<\/p><\/blockquote>\n<p>A horas de anunciarse el levantamiento de sanciones, la opositora Plataforma Unitaria de Venezuela y el gobierno de Nicol\u00e1s Maduro <b>iniciaron &#8220;conversaciones formales&#8221; con el objetivo de lograr la &#8220;reactivaci\u00f3n&#8221; del di\u00e1logo en M\u00e9xico entre ambas partes,<\/b> luego de que se conociera la decisi\u00f3n de Estados Unidos de levantar algunas sanciones econ\u00f3micas al pa\u00eds caribe\u00f1o.<\/p>\n<blockquote><p>&#8220;La delegaci\u00f3n de la Plataforma Unitaria para la negociaci\u00f3n entre venezolanos, conforme al memorando de entendimiento suscrito en la ciudad de M\u00e9xico en fecha 13 de agosto del 2021, informa a los venezolanos y a la comunidad internacional que ha dado inicio a conversaciones formales con nuestra contraparte, con fines de lograr su pronta reactivaci\u00f3n&#8221;, dijo la coalici\u00f3n en un comunicado.<\/p><\/blockquote>\n<div>\n<figure class=\"nd-media-detail-caption\">\n<p>      <img decoding=\"async\" alt=\"Migrantes en Venezuela. (EFE)\" class=\"b-lazy nd-media-detail-caption__img\" data-camus-image=\"\" data-camus-toolbar-image-position=\"topleft\" data-lazy=\"https:\/\/images.milenio.com\/k40hn348tGxzbLbrdg0O6aMBnow=\/300x200\/uploads\/media\/2022\/04\/02\/migrantes-en-venezuela-efe.jpg\" data-src=\"https:\/\/images.milenio.com\/k40hn348tGxzbLbrdg0O6aMBnow=\/300x200\/uploads\/media\/2022\/04\/02\/migrantes-en-venezuela-efe.jpg\" height=\"200\" src=\"image\/png;base64,iVBORw0KGgoAAAANSUhEUgAAAAEAAAABCAQAAAC1HAwCAAAAC0lEQVR42mNkYAAAAAYAAjCB0C8AAAAASUVORK5CYII=\" width=\"300\" \/><\/p>\n<p>        <img decoding=\"async\" alt=\"Migrantes en Venezuela. (EFE)\" class=\"nd-media-detail-caption__img\" data-camus-image=\"\" data-camus-toolbar-image-position=\"topleft\" height=\"200\" src=\"https:\/\/images.milenio.com\/k40hn348tGxzbLbrdg0O6aMBnow=\/300x200\/uploads\/media\/2022\/04\/02\/migrantes-en-venezuela-efe.jpg\" width=\"300\" \/><figcaption class=\"nd-media-detail-caption__caption\" data-camus-title=\"\">La decisi\u00f3n est\u00e1 marcada en la antesala de la Cumbre de las Am\u00e9ricas, que ser\u00e1 este junio en Los \u00c1ngeles. (EFE)<\/figcaption><\/figure>\n<\/div>\n<h2><span><\/p>\n<p><span style=\"font-family: var(--font-utopia-semibold);font-weight: inherit\">\u00bfLa medida est\u00e1 relacionada con la Cumbre de las Am\u00e9ricas y la querella de AMLO?<\/span><\/p>\n<p><\/span><\/h2>\n<p>Estas decisiones en medio de tensiones por la IX Cumbre de las Am\u00e9ricas, de la que Biden ser\u00e1 anfitri\u00f3n en junio en Los \u00c1ngeles, y que M\u00e9xico y otros pa\u00edses de la regi\u00f3n amagaron con boicotear si hay pa\u00edses excluidos.<\/p>\n<p>La Casa Blanca a\u00fan no comunica la lista de invitados, pero el jefe de la diplomacia para las Am\u00e9ricas, <a rel=\"nofollow noopener\" target=\"_blank\" href=\"https:\/\/www.milenio.com\/internacional\/latinoamerica\/eu-respetar-democracia-condicion-cumbre-americas\">Brian Nichols, afirm\u00f3 d\u00edas atr\u00e1s que no espera que Cuba, Nicaragua y Venezuela est\u00e9n presentes<\/a>\u00a0por considerar que no respetan los preceptos democr\u00e1ticos.\u00a0<span style=\"font-family: var(--font-utopia5)\">El alto funcionario descart\u00f3 que la flexibilizaci\u00f3n de las sanciones tenga que ver con los comentarios del presidente de M\u00e9xico.<\/span><\/p>\n<p><span style=\"font-family: var(--font-utopia5)\">El director de Asuntos del Hemisferio Occidental del Consejo de Seguridad Nacional de la Casa Blanca,\u00a0<\/span><span style=\"font-family: var(--font-utopia5)\">Juan Gonz\u00e1lez, dijo que <b>est\u00e1n avanzando en negociaciones con Venezuela y Cuba para lograr &#8220;pasos claros&#8221; para la liberaci\u00f3n de presos pol\u00edticos <\/b>y que no se utilice la migraci\u00f3n como arma.<\/span><\/p>\n<blockquote><p><span style=\"font-family: var(--font-utopia5);font-size: 18px\">&#8220;Vamos a seguir imponiendo esa presi\u00f3n, como hemos hecho en el pasado. Me parece que es un marco claro de las pol\u00edticas de sanciones&#8221;, dijo el funcionario de Biden.<\/span><\/p><\/blockquote>\n<p><span style=\"font-family: var(--font-utopia5)\">Gonz\u00e1lez asegur\u00f3 <a rel=\"nofollow noopener\" target=\"_blank\" href=\"https:\/\/www.milenio.com\/politica\/asistencia-mexico-cumbre-america-pendiente-ebrard\">que Biden no ha mandado todav\u00eda las invitaciones, pero que &#8220;pronto&#8221; habr\u00e1 noticias sobre ese particular<\/a>\u00a0y que se tratar\u00e1 de un foro para el debate &#8220;activo y abierto&#8221;. Por eso, anim\u00f3 a los pa\u00edses a acudir a la cumbre para poder dar forma a una agenda &#8220;com\u00fan y ambiciosa&#8221; y as\u00ed hacer frente a los &#8220;desaf\u00edos compartidos&#8221; de la regi\u00f3n.<\/span><\/p>\n<p>\u200b<span style=\"font-family: var(--font-utopia5)\">dr<\/span><\/p>\n<\/p><\/div>\n\n<p><em> &#8221; Fuentes www.milenio.com &#8221; <\/em><\/p>\n","protected":false},"excerpt":{"rendered":"<p>Ciudad de M\u00e9xico. \/ 18.05.2022 20:05:00 Estados Unidos anunci\u00f3 esta semana un alivio limitado de las sanciones contra Venezuela y Cuba, dos pa\u00edses a los que Washington los acusa de violar los derechos humanos y reprimir la disidencia opositora con el fin de beneficiar al di\u00e1logo y al retorno de la democracia. Aunque legisladores republicanos [&hellip;]<\/p>\n","protected":false},"author":4,"featured_media":319284,"comment_status":"open","ping_status":"closed","sticky":false,"template":"","format":"standard","meta":{"om_disable_all_campaigns":false,"jnews-multi-image_gallery":[],"jnews_single_post":[],"jnews_primary_category":[],"jnews_social_meta":[],"footnotes":""},"categories":[39],"tags":[11098,956,41839,1363,25913,45911,2179],"class_list":["post-319283","post","type-post","status-publish","format-standard","has-post-thumbnail","hentry","category-viajes","tag-biden","tag-cuba","tag-cumbre-de-las-americas","tag-estados-unidos","tag-sanciones","tag-sanciones-economicas","tag-venezuela"],"_links":{"self":[{"href":"https:\/\/dimensionturistica.com\/es\/wp-json\/wp\/v2\/posts\/319283","targetHints":{"allow":["GET"]}}],"collection":[{"href":"https:\/\/dimensionturistica.com\/es\/wp-json\/wp\/v2\/posts"}],"about":[{"href":"https:\/\/dimensionturistica.com\/es\/wp-json\/wp\/v2\/types\/post"}],"author":[{"embeddable":true,"href":"https:\/\/dimensionturistica.com\/es\/wp-json\/wp\/v2\/users\/4"}],"replies":[{"embeddable":true,"href":"https:\/\/dimensionturistica.com\/es\/wp-json\/wp\/v2\/comments?post=319283"}],"version-history":[{"count":0,"href":"https:\/\/dimensionturistica.com\/es\/wp-json\/wp\/v2\/posts\/319283\/revisions"}],"wp:featuredmedia":[{"embeddable":true,"href":"https:\/\/dimensionturistica.com\/es\/wp-json\/wp\/v2\/media\/319284"}],"wp:attachment":[{"href":"https:\/\/dimensionturistica.com\/es\/wp-json\/wp\/v2\/media?parent=319283"}],"wp:term":[{"taxonomy":"category","embeddable":true,"href":"https:\/\/dimensionturistica.com\/es\/wp-json\/wp\/v2\/categories?post=319283"},{"taxonomy":"post_tag","embeddable":true,"href":"https:\/\/dimensionturistica.com\/es\/wp-json\/wp\/v2\/tags?post=319283"}],"curies":[{"name":"wp","href":"https:\/\/api.w.org\/{rel}","templated":true}]}}