{"id":319233,"date":"2022-05-19T00:27:26","date_gmt":"2022-05-19T00:27:26","guid":{"rendered":"https:\/\/dimensionturistica.com\/es\/?p=319233"},"modified":"2022-05-19T00:29:38","modified_gmt":"2022-05-19T00:29:38","slug":"productos-ancla-potenciaran-el-turismo-en-los-estados-que-conforman-la-alianza-del-mar-de-cortes","status":"publish","type":"post","link":"https:\/\/dimensionturistica.com\/es\/productos-ancla-potenciaran-el-turismo-en-los-estados-que-conforman-la-alianza-del-mar-de-cortes\/","title":{"rendered":"Productos ancla potenciar\u00e1n el turismo en los estados que conforman la Alianza del Mar de Cort\u00e9s"},"content":{"rendered":"<p><img decoding=\"async\" class=\"size-medium wp-image-319234 alignright\" src=\"https:\/\/dimensionturistica.com\/es\/wp-content\/uploads\/2022\/05\/REUNION-CON-GOBERNADORES-SECRETARIOS-DEL-MAR-DE-CORTES-7-300x200.jpeg\" alt=\"\" width=\"300\" height=\"200\" srcset=\"https:\/\/dimensionturistica.com\/es\/wp-content\/uploads\/2022\/05\/REUNION-CON-GOBERNADORES-SECRETARIOS-DEL-MAR-DE-CORTES-7-300x200.jpeg 300w, https:\/\/dimensionturistica.com\/es\/wp-content\/uploads\/2022\/05\/REUNION-CON-GOBERNADORES-SECRETARIOS-DEL-MAR-DE-CORTES-7-1024x681.jpeg 1024w, https:\/\/dimensionturistica.com\/es\/wp-content\/uploads\/2022\/05\/REUNION-CON-GOBERNADORES-SECRETARIOS-DEL-MAR-DE-CORTES-7-768x511.jpeg 768w, https:\/\/dimensionturistica.com\/es\/wp-content\/uploads\/2022\/05\/REUNION-CON-GOBERNADORES-SECRETARIOS-DEL-MAR-DE-CORTES-7-1536x1021.jpeg 1536w, https:\/\/dimensionturistica.com\/es\/wp-content\/uploads\/2022\/05\/REUNION-CON-GOBERNADORES-SECRETARIOS-DEL-MAR-DE-CORTES-7-750x499.jpeg 750w, https:\/\/dimensionturistica.com\/es\/wp-content\/uploads\/2022\/05\/REUNION-CON-GOBERNADORES-SECRETARIOS-DEL-MAR-DE-CORTES-7-1140x758.jpeg 1140w, https:\/\/dimensionturistica.com\/es\/wp-content\/uploads\/2022\/05\/REUNION-CON-GOBERNADORES-SECRETARIOS-DEL-MAR-DE-CORTES-7.jpeg 1600w\" sizes=\"(max-width: 300px) 100vw, 300px\" \/>El secretario de Turismo del Gobierno de M\u00e9xico, Miguel Torruco Marqu\u00e9s, sostuvo una reuni\u00f3n con los gobernadores de Baja California, Marina del Pilar Avila Olmeda; y de Sonora, Alfonso Durazo Monta\u00f1o; as\u00ed como con los secretarios de Turismo de Baja California Sur, Rosa Maribel Collins S\u00e1nchez; de Nayarit, Juan Enrique Su\u00e1rez del Real Tostado; de Sonora, C\u00e9lida L\u00f3pez C\u00e1rdenas; de Sinaloa, Mar\u00eda del Rosario Torres Noriega; y de Baja California, Miguel Agui\u00f1iga Rodr\u00edguez; con el prop\u00f3sito de estrechar lazos de colaboraci\u00f3n que permitan impulsar la actividad tur\u00edstica en estas entidades, que conforman la Alianza del Mar de Cort\u00e9s.<br \/>\nEl titular de la Secretar\u00eda de Turismo (Sectur) destac\u00f3 la estrategia de desarrollar productos ancla en cada una de las entidades del pa\u00eds, as\u00ed como eventos de alto nivel que impulsen la llegada de turistas nacionales e internacionales, para detonar el turismo y la econom\u00eda de las comunidades, adem\u00e1s de contribuir en la diversificaci\u00f3n de la actividad tur\u00edstica.<br \/>\nIndic\u00f3 que en ese sentido, recientemente se realiz\u00f3 una gira por \u201cLa Chinesca\u201d, producto ancla de<img decoding=\"async\" class=\"size-medium wp-image-319236 alignright\" src=\"https:\/\/dimensionturistica.com\/es\/wp-content\/uploads\/2022\/05\/REUNION-CON-GOBERNADORES-SECRETARIOS-DEL-MAR-DE-CORTES-4-300x200.jpeg\" alt=\"\" width=\"300\" height=\"200\" srcset=\"https:\/\/dimensionturistica.com\/es\/wp-content\/uploads\/2022\/05\/REUNION-CON-GOBERNADORES-SECRETARIOS-DEL-MAR-DE-CORTES-4-300x200.jpeg 300w, https:\/\/dimensionturistica.com\/es\/wp-content\/uploads\/2022\/05\/REUNION-CON-GOBERNADORES-SECRETARIOS-DEL-MAR-DE-CORTES-4-1024x682.jpeg 1024w, https:\/\/dimensionturistica.com\/es\/wp-content\/uploads\/2022\/05\/REUNION-CON-GOBERNADORES-SECRETARIOS-DEL-MAR-DE-CORTES-4-768x512.jpeg 768w, https:\/\/dimensionturistica.com\/es\/wp-content\/uploads\/2022\/05\/REUNION-CON-GOBERNADORES-SECRETARIOS-DEL-MAR-DE-CORTES-4-1536x1023.jpeg 1536w, https:\/\/dimensionturistica.com\/es\/wp-content\/uploads\/2022\/05\/REUNION-CON-GOBERNADORES-SECRETARIOS-DEL-MAR-DE-CORTES-4-750x500.jpeg 750w, https:\/\/dimensionturistica.com\/es\/wp-content\/uploads\/2022\/05\/REUNION-CON-GOBERNADORES-SECRETARIOS-DEL-MAR-DE-CORTES-4-1140x760.jpeg 1140w, https:\/\/dimensionturistica.com\/es\/wp-content\/uploads\/2022\/05\/REUNION-CON-GOBERNADORES-SECRETARIOS-DEL-MAR-DE-CORTES-4.jpeg 1600w\" sizes=\"(max-width: 300px) 100vw, 300px\" \/> Baja California, en el barrio que resguarda la historia de la migraci\u00f3n china que arrib\u00f3 a esta entidad en el siglo XIX.<br \/>\nTorruco Marqu\u00e9s se\u00f1al\u00f3 que en el caso de Sonora, se llevar\u00e1 a cabo la Carrera del Desierto de Altar, evento deportivo que es de gran inter\u00e9s para atletas de distintas nacionalidades, y que cuenta con el apoyo de autoridades de los tres \u00f3rdenes de<br \/>\ngobierno, as\u00ed como de la iniciativa privada.<br \/>\nEl Acuario de Mazatl\u00e1n, Sinaloa; el proyecto Integral Islas Mar\u00edas, en Nayarit; y la carrera Mar a Mar, en Baja California Sur; son parte de la estrategia que detonar\u00e1 la actividad tur\u00edstica en los estados que forman parte de esta importante alianza.<br \/>\nDurante el encuentro, las autoridades estatales presentaron los avances que han tenido desde que trabajan de forma conjunta, al ser estados con una fuerte vocaci\u00f3n tur\u00edstica, que por primera vez concretaron una alianza para trabajar estrechamente.<br \/>\nEn su oportunidad, el gobernador de Sonora, Alfonso Durazo Monta\u00f1o, coment\u00f3 que a trav\u00e9s de esta alianza, las cinco entidades tienen la oportunidad de conjuntar su energ\u00eda y crear una poderosa marca que ofrezca una gama de posibilidades para los visitantes nacionales y extranjeros.<br \/>\n\u201cEl acuerdo es regionalizar la oferta tur\u00edstica y crear un corredor tur\u00edstico cuya explotaci\u00f3n se dar\u00e1<img decoding=\"async\" class=\"size-medium wp-image-319237 alignright\" src=\"https:\/\/dimensionturistica.com\/es\/wp-content\/uploads\/2022\/05\/REUNION-CON-GOBERNADORES-SECRETARIOS-DEL-MAR-DE-CORTES-3-300x200.jpeg\" alt=\"\" width=\"300\" height=\"200\" srcset=\"https:\/\/dimensionturistica.com\/es\/wp-content\/uploads\/2022\/05\/REUNION-CON-GOBERNADORES-SECRETARIOS-DEL-MAR-DE-CORTES-3-300x200.jpeg 300w, https:\/\/dimensionturistica.com\/es\/wp-content\/uploads\/2022\/05\/REUNION-CON-GOBERNADORES-SECRETARIOS-DEL-MAR-DE-CORTES-3-1024x682.jpeg 1024w, https:\/\/dimensionturistica.com\/es\/wp-content\/uploads\/2022\/05\/REUNION-CON-GOBERNADORES-SECRETARIOS-DEL-MAR-DE-CORTES-3-768x512.jpeg 768w, https:\/\/dimensionturistica.com\/es\/wp-content\/uploads\/2022\/05\/REUNION-CON-GOBERNADORES-SECRETARIOS-DEL-MAR-DE-CORTES-3-1536x1023.jpeg 1536w, https:\/\/dimensionturistica.com\/es\/wp-content\/uploads\/2022\/05\/REUNION-CON-GOBERNADORES-SECRETARIOS-DEL-MAR-DE-CORTES-3-750x500.jpeg 750w, https:\/\/dimensionturistica.com\/es\/wp-content\/uploads\/2022\/05\/REUNION-CON-GOBERNADORES-SECRETARIOS-DEL-MAR-DE-CORTES-3-1140x760.jpeg 1140w, https:\/\/dimensionturistica.com\/es\/wp-content\/uploads\/2022\/05\/REUNION-CON-GOBERNADORES-SECRETARIOS-DEL-MAR-DE-CORTES-3.jpeg 1600w\" sizes=\"(max-width: 300px) 100vw, 300px\" \/> a trav\u00e9s de la nueva marca. En esta regi\u00f3n hay 36 municipios costeros, se habla tambi\u00e9n de la conveniencia de homologar un marco jur\u00eddico para operar la administraci\u00f3n de estos puertos, de tal manera que se facilite la explotaci\u00f3n del aprovechamiento en conjunto del potencial tur\u00edstico\u201d, coment\u00f3 Durazo Monta\u00f1o.<br \/>\nEn este encuentro se abord\u00f3 tambi\u00e9n la creaci\u00f3n de una agencia de inteligencia estrat\u00e9gica regional que sume esfuerzos y potencialice las capacidades que permitan utilizar la riqueza pesquera de la zona, as\u00ed como el dise\u00f1o de un programa de infraestructura regional para elevar la competitividad regional.<br \/>\nPor su parte, la gobernadora de Baja California, Marina del Pilar Avila Olmeda, destac\u00f3 el trabajo colaborativo con Sectur y su titular, Miguel Torruco Marqu\u00e9s, \u201cpara convertir a nuestros estados, en<img decoding=\"async\" class=\"size-medium wp-image-319238 alignright\" src=\"https:\/\/dimensionturistica.com\/es\/wp-content\/uploads\/2022\/05\/REUNION-CON-GOBERNADORES-SECRETARIOS-DEL-MAR-DE-CORTES-2-1-300x200.jpeg\" alt=\"\" width=\"300\" height=\"200\" srcset=\"https:\/\/dimensionturistica.com\/es\/wp-content\/uploads\/2022\/05\/REUNION-CON-GOBERNADORES-SECRETARIOS-DEL-MAR-DE-CORTES-2-1-300x200.jpeg 300w, https:\/\/dimensionturistica.com\/es\/wp-content\/uploads\/2022\/05\/REUNION-CON-GOBERNADORES-SECRETARIOS-DEL-MAR-DE-CORTES-2-1-1024x682.jpeg 1024w, https:\/\/dimensionturistica.com\/es\/wp-content\/uploads\/2022\/05\/REUNION-CON-GOBERNADORES-SECRETARIOS-DEL-MAR-DE-CORTES-2-1-768x512.jpeg 768w, https:\/\/dimensionturistica.com\/es\/wp-content\/uploads\/2022\/05\/REUNION-CON-GOBERNADORES-SECRETARIOS-DEL-MAR-DE-CORTES-2-1-1536x1023.jpeg 1536w, https:\/\/dimensionturistica.com\/es\/wp-content\/uploads\/2022\/05\/REUNION-CON-GOBERNADORES-SECRETARIOS-DEL-MAR-DE-CORTES-2-1-750x500.jpeg 750w, https:\/\/dimensionturistica.com\/es\/wp-content\/uploads\/2022\/05\/REUNION-CON-GOBERNADORES-SECRETARIOS-DEL-MAR-DE-CORTES-2-1-1140x760.jpeg 1140w, https:\/\/dimensionturistica.com\/es\/wp-content\/uploads\/2022\/05\/REUNION-CON-GOBERNADORES-SECRETARIOS-DEL-MAR-DE-CORTES-2-1.jpeg 1600w\" sizes=\"(max-width: 300px) 100vw, 300px\" \/> uno de los principales destinos tur\u00edsticos del mundo. Ya se ha demostrado el potencial tur\u00edstico del noroeste de M\u00e9xico y seguiremos impulsando su desarrollo\u201d.<br \/>\nEn la reuni\u00f3n estuvieron tambi\u00e9n presentes, el subsecretario de Turismo, Humberto Hern\u00e1ndez-Haddad; el titular de la Unidad de Innovaci\u00f3n y Pol\u00edtica Tur\u00edstica de Sectur, Mauricio Aar\u00f3n Reyna Guerrero; el titular de la Unidad de Asuntos y Cooperaci\u00f3n Internacionales de Sectur, Alejandro Aguilera G\u00f3mez; entre otras autoridades de los estados que conforman la Alianza del Mar de Cort\u00e9s.<\/p>\n","protected":false},"excerpt":{"rendered":"<p>El secretario de Turismo del Gobierno de M\u00e9xico, Miguel Torruco Marqu\u00e9s, sostuvo una reuni\u00f3n con los gobernadores de Baja California, Marina del Pilar Avila Olmeda; y de Sonora, Alfonso Durazo Monta\u00f1o; as\u00ed como con los secretarios de Turismo de Baja California Sur, Rosa Maribel Collins S\u00e1nchez; de Nayarit, Juan Enrique Su\u00e1rez del Real Tostado; de [&hellip;]<\/p>\n","protected":false},"author":1,"featured_media":319235,"comment_status":"open","ping_status":"closed","sticky":false,"template":"","format":"standard","meta":{"om_disable_all_campaigns":false,"jnews-multi-image_gallery":[],"jnews_single_post":{"source_name":"","source_url":"","via_name":"","via_url":"","override_template":"0","override":[{"template":"1","single_blog_custom":"","parallax":"1","fullscreen":"1","layout":"right-sidebar","sidebar":"default-sidebar","second_sidebar":"default-sidebar","sticky_sidebar":"1","share_position":"top","share_float_style":"share-monocrhome","show_share_counter":"1","show_view_counter":"1","show_featured":"1","show_post_meta":"1","show_post_author":"1","show_post_author_image":"1","show_post_date":"1","post_date_format":"default","post_date_format_custom":"Y\/m\/d","show_post_category":"1","show_post_reading_time":"0","post_reading_time_wpm":"300","show_zoom_button":"0","zoom_button_out_step":"2","zoom_button_in_step":"3","show_post_tag":"1","show_prev_next_post":"1","show_popup_post":"1","number_popup_post":"1","show_author_box":"0","show_post_related":"0","show_inline_post_related":"0"}],"override_image_size":"0","image_override":[{"single_post_thumbnail_size":"crop-500","single_post_gallery_size":"crop-500"}],"trending_post":"0","trending_post_position":"meta","trending_post_label":"Trending","sponsored_post":"0","sponsored_post_label":"Sponsored by","sponsored_post_name":"","sponsored_post_url":"","sponsored_post_logo_enable":"0","sponsored_post_logo":"","sponsored_post_desc":"","disable_ad":"0"},"jnews_primary_category":{"id":""},"jnews_social_meta":{"fb_title":"","fb_description":"","fb_image":"","twitter_title":"","twitter_description":"","twitter_image":""},"footnotes":""},"categories":[39],"tags":[],"class_list":["post-319233","post","type-post","status-publish","format-standard","has-post-thumbnail","hentry","category-viajes"],"_links":{"self":[{"href":"https:\/\/dimensionturistica.com\/es\/wp-json\/wp\/v2\/posts\/319233","targetHints":{"allow":["GET"]}}],"collection":[{"href":"https:\/\/dimensionturistica.com\/es\/wp-json\/wp\/v2\/posts"}],"about":[{"href":"https:\/\/dimensionturistica.com\/es\/wp-json\/wp\/v2\/types\/post"}],"author":[{"embeddable":true,"href":"https:\/\/dimensionturistica.com\/es\/wp-json\/wp\/v2\/users\/1"}],"replies":[{"embeddable":true,"href":"https:\/\/dimensionturistica.com\/es\/wp-json\/wp\/v2\/comments?post=319233"}],"version-history":[{"count":0,"href":"https:\/\/dimensionturistica.com\/es\/wp-json\/wp\/v2\/posts\/319233\/revisions"}],"wp:featuredmedia":[{"embeddable":true,"href":"https:\/\/dimensionturistica.com\/es\/wp-json\/wp\/v2\/media\/319235"}],"wp:attachment":[{"href":"https:\/\/dimensionturistica.com\/es\/wp-json\/wp\/v2\/media?parent=319233"}],"wp:term":[{"taxonomy":"category","embeddable":true,"href":"https:\/\/dimensionturistica.com\/es\/wp-json\/wp\/v2\/categories?post=319233"},{"taxonomy":"post_tag","embeddable":true,"href":"https:\/\/dimensionturistica.com\/es\/wp-json\/wp\/v2\/tags?post=319233"}],"curies":[{"name":"wp","href":"https:\/\/api.w.org\/{rel}","templated":true}]}}