{"id":319211,"date":"2022-05-18T23:38:56","date_gmt":"2022-05-18T23:38:56","guid":{"rendered":"https:\/\/dimensionturistica.com\/es\/?p=319211"},"modified":"2022-05-18T23:38:56","modified_gmt":"2022-05-18T23:38:56","slug":"chaves-arranco-viajes-al-exterior-antes-que-solis-y-alvarado","status":"publish","type":"post","link":"https:\/\/dimensionturistica.com\/es\/chaves-arranco-viajes-al-exterior-antes-que-solis-y-alvarado\/","title":{"rendered":"Chaves arranc\u00f3 viajes al exterior antes que Sol\u00eds y Alvarado"},"content":{"rendered":"<p> <br \/>\n<\/p>\n<div>\n<div class=\"gallery ng-cloak\">\n<p><img style=\"margin:auto\" \/><br \/>\n<img style=\"margin:auto\" \/><\/p>\n<p class=\"caption-text-slider simple\">{ html}<\/p>\n<p class=\"caption-text-slider \">{ html}<\/p>\n<p class=\"caption-text-slider doble-movil\">{ html}<\/p>\n<p><a rel=\"nofollow noopener\" target=\"_blank\" class=\"flecha-galeria flecha-izq\"><span aria-hidden=\"true\" class=\"glyphicon glyphicon-chevron-left\" \/><\/a><br \/>\n<a rel=\"nofollow noopener\" target=\"_blank\" class=\"flecha-galeria flecha-der\"><span aria-hidden=\"true\" class=\"glyphicon glyphicon-chevron-right\" \/><\/a><\/p>\n<\/div>\n<p style=\"text-align: justify\">(CRHoy.com) El presidente de la Rep\u00fablica, Rodrigo Chaves Robles, se le adelant\u00f3 a sus dos predecesores inmediatos en lo que al inicio de sus compromisos internacionales se refiere. <strong>Chaves arrancar\u00e1 su agenda de viajes al exterior antes que los expresidentes Carlos Alvarado Quesada (2018-2022) y Luis Guillermo Sol\u00eds Rivera (2014-2018).\u00a0<\/strong><\/p>\n<p style=\"text-align: justify\">Este martes la Presidencia de la Rep\u00fablica inform\u00f3 que Chaves har\u00e1 su primer viaje al extranjero entre el domingo 22 y viernes 27 de mayo. <strong>El presidente estar\u00e1 toda la otra semana \u00a0en Davos, Suiza, en la reuni\u00f3n anual del Foro Econ\u00f3mico Mundial.<\/strong><\/p>\n<div id=\"attachment_1831163\" style=\"width: 310px\" class=\"wp-caption alignleft\"><img decoding=\"async\" class=\"wp-image-1831163 size-medium\" src=\"https:\/\/www.crhoy.com\/wp-content\/uploads\/2022\/05\/carlos-alvarado-rendici%C3%B3n-de-cuentas-2-de-mayo-300x200.jpg\" alt=\"\" width=\"300\" height=\"200\" srcset=\"https:\/\/www.crhoy.com\/wp-content\/uploads\/2022\/05\/carlos-alvarado-rendici\u00f3n-de-cuentas-2-de-mayo-300x200.jpg 300w, https:\/\/www.crhoy.com\/wp-content\/uploads\/2022\/05\/carlos-alvarado-rendici\u00f3n-de-cuentas-2-de-mayo-1024x683.jpg 1024w\" \/><\/p>\n<p class=\"wp-caption-text\">Carlos Alvarado, expresidente de la Rep\u00fablica (CRH)<\/p>\n<\/div>\n<p style=\"text-align: justify\">Seg\u00fan el archivo de <em>CRHoy.com<\/em> los expresidentes Alvarado y Sol\u00eds dejaron pasar su primer mes de gesti\u00f3n para hacer su\u00a0primer viaje al exterior.<\/p>\n<p style=\"text-align: justify\"><strong>En el caso de Alvarado, su primera salida fue a Washington D.C., capital de\u00a0 los Estados Unidos entre el 12\u00a0 y 14 de junio de 2018<\/strong>, m\u00e1s de un mes despu\u00e9s de haber arrancado su administraci\u00f3n.<\/p>\n<p style=\"text-align: justify\">En esos 2 primeros d\u00edas en la capital estadounidense, Alvarado sostuvo reuniones con representantes del Senado y de la C\u00e1mara de Representantes de la naci\u00f3n norteamericana. Tambi\u00e9n se reuni\u00f3 con autoridades del Banco Interamericano de Desarrollo (BID) y de la Organizaci\u00f3n\u00a0 de los Estados Americanos (OEA).<\/p>\n<div id=\"attachment_941577\" style=\"width: 310px\" class=\"wp-caption alignright\"><img decoding=\"async\" class=\"wp-image-941577 size-medium\" src=\"https:\/\/www.crhoy.com\/wp-content\/uploads\/2019\/04\/luis-guillermo-solis-5-300x200.jpeg\" alt=\"\" width=\"300\" height=\"200\" srcset=\"https:\/\/www.crhoy.com\/wp-content\/uploads\/2019\/04\/luis-guillermo-solis-5-300x200.jpeg 300w, https:\/\/www.crhoy.com\/wp-content\/uploads\/2019\/04\/luis-guillermo-solis-5-1024x682.jpeg 1024w, https:\/\/www.crhoy.com\/wp-content\/uploads\/2019\/04\/luis-guillermo-solis-5.jpeg 1280w\" \/><\/p>\n<p class=\"wp-caption-text\">Luis Guillermo Sol\u00eds, expresidente de la Rep\u00fablica<\/p>\n<\/div>\n<p style=\"text-align: justify\">Por su parte, Sol\u00eds esper\u00f3 hasta el 1 de\u00a0junio de 2014 para dejar el territorio nacional tras\u00a0arrancar su administraci\u00f3n. <strong>Esa gira fue a El Salvador, para participar de la toma de posesi\u00f3n del entonces presidente, Salvador S\u00e1nchez.\u00a0<\/strong><\/p>\n<p style=\"text-align: justify\">Pero ese no fue el \u00fanico viaje de Sol\u00eds ese mes. <strong>Una semana despu\u00e9s de ese primer\u00a0vuelo, el entonces mandatario\u00a0se fue una semana a una gira de atracci\u00f3n de inversiones por las ciudades estadounidenses de San Francisco, Nueva York y Washington.<\/strong><\/p>\n<p>La que si se adelant\u00f3 a Chaves fue la expresidenta Laura Chinchilla Miranda (2010-2014). <strong>La primera mujer presidenta de la Rep\u00fablica solo espero 1 semana para\u00a0hacer maletas e irse a su primera gira internacional.<\/strong><\/p>\n<div id=\"attachment_680209\" style=\"width: 310px\" class=\"wp-caption alignleft\"><img decoding=\"async\" class=\"wp-image-680209 size-medium\" src=\"https:\/\/www.crhoy.com\/wp-content\/uploads\/2018\/06\/reunion-expresidentes-laura-chinchilla2-300x199.jpg\" alt=\"\" width=\"300\" height=\"199\" srcset=\"https:\/\/www.crhoy.com\/wp-content\/uploads\/2018\/06\/reunion-expresidentes-laura-chinchilla2-300x199.jpg 300w, https:\/\/www.crhoy.com\/wp-content\/uploads\/2018\/06\/reunion-expresidentes-laura-chinchilla2-1024x678.jpg 1024w, https:\/\/www.crhoy.com\/wp-content\/uploads\/2018\/06\/reunion-expresidentes-laura-chinchilla2.jpg 1280w\" \/><\/p>\n<p class=\"wp-caption-text\">Laura Chinchilla, expresidenta de la Rep\u00fablica (CRH)<\/p>\n<\/div>\n<p><strong>El primer destino de Chinchilla fue Espa\u00f1a el 15 de mayo de 2010, es decir, 7 d\u00edas despu\u00e9s de su toma de posesi\u00f3n.<\/strong> La expresidenta acudi\u00f3 al viejo continente a sostener reuniones con las autoridades europeas en el marco de la firma del Acuerdo de Asociaci\u00f3n entre la Uni\u00f3n Europea, Am\u00e9rica Latina y el Caribe.<\/p>\n<p>El primer periplo de la expresidenta Chinchilla se extendi\u00f3 por 8 d\u00edas.<\/p>\n<p>\u00a0<\/p>\n<h2 \/>\n<h2>Chaves listo para Suiza y EE.UU. en la lista<\/h2>\n<div>\n<p style=\"text-align: justify\">El presidente Chaves Robles arrancar\u00e1 este domingo su agenda internacional.\u00a0<b>El mandatario\u00a0viajar\u00e1\u00a0 a Davos, en Suiza, para participar\u00a0del\u00a0Foro Econ\u00f3mico Mundial, que se desarrollar\u00e1 el 24 y\u00a0<\/b><b>25 de mayo<\/b><b>\u00a0en esta ciudad europea.<\/b><\/p>\n<\/div>\n<p>Por medio de un comunicado de prensa, la Casa Presidencial anunci\u00f3 que al presidente lo acompa\u00f1ar\u00e1n\u00a0<b>el canciller, Arnoldo Andr\u00e9 Tinoco y el ministro de Comercio Exterior, Manuel Tovar Rivera.\u00a0<\/b>Seg\u00fan la comunicaci\u00f3n oficial, adem\u00e1s de participar del\u00a0Foro Econ\u00f3mico Mundial<b>\u00a0Chaves, Andr\u00e9 y Tovar participar\u00e1n de reuniones\u00a0con el objetivo de buscar inversi\u00f3n extranjera.<\/b><\/p>\n<p>De momento, la Casa Presidencial no ha dado m\u00e1s detalles de la agenda de Chaves en Suiza ni las especificaciones de las empresas con que sostendr\u00e1 encuentros para invitarlas a invertir en el pa\u00eds. El presidente y los ministros regresar\u00e1n al pa\u00eds el viernes 27 de mayo.<\/p>\n<p>La semana pasada el canciller, Arnoldo Andr\u00e9 Tinoco, confirm\u00f3 a CRHoy.co que<b>\u00a0en junio Chaves participar\u00eda tambi\u00e9n de la novena Cumbre de las Am\u00e9ricas, que se realizar\u00e1 en Los \u00c1ngeles, Estados Unidos entre el 6 y 10 de junio.<\/b><\/p>\n<\/div>\n\n<p><em> &#8221; Fuentes www.crhoy.com &#8221; <\/em><\/p>\n","protected":false},"excerpt":{"rendered":"<p>{ html} { html} { html} (CRHoy.com) El presidente de la Rep\u00fablica, Rodrigo Chaves Robles, se le adelant\u00f3 a sus dos predecesores inmediatos en lo que al inicio de sus compromisos internacionales se refiere. Chaves arrancar\u00e1 su agenda de viajes al exterior antes que los expresidentes Carlos Alvarado Quesada (2018-2022) y Luis Guillermo Sol\u00eds Rivera [&hellip;]<\/p>\n","protected":false},"author":4,"featured_media":319212,"comment_status":"open","ping_status":"closed","sticky":false,"template":"","format":"standard","meta":{"om_disable_all_campaigns":false,"jnews-multi-image_gallery":[],"jnews_single_post":[],"jnews_primary_category":[],"jnews_social_meta":[],"footnotes":""},"categories":[39],"tags":[1081,44695,44693,44694,3588,3587,1197,706,2144],"class_list":["post-319211","post","type-post","status-publish","format-standard","has-post-thumbnail","hentry","category-viajes","tag-costa-rica","tag-hackeo-ministerio-hacienda","tag-lo-que-pasa-cuando-pasa","tag-noticias-24-7","tag-noticias-internacionales","tag-noticias-nacionales","tag-periodico-digital","tag-ultima-hora","tag-ultimas-noticias"],"_links":{"self":[{"href":"https:\/\/dimensionturistica.com\/es\/wp-json\/wp\/v2\/posts\/319211","targetHints":{"allow":["GET"]}}],"collection":[{"href":"https:\/\/dimensionturistica.com\/es\/wp-json\/wp\/v2\/posts"}],"about":[{"href":"https:\/\/dimensionturistica.com\/es\/wp-json\/wp\/v2\/types\/post"}],"author":[{"embeddable":true,"href":"https:\/\/dimensionturistica.com\/es\/wp-json\/wp\/v2\/users\/4"}],"replies":[{"embeddable":true,"href":"https:\/\/dimensionturistica.com\/es\/wp-json\/wp\/v2\/comments?post=319211"}],"version-history":[{"count":0,"href":"https:\/\/dimensionturistica.com\/es\/wp-json\/wp\/v2\/posts\/319211\/revisions"}],"wp:featuredmedia":[{"embeddable":true,"href":"https:\/\/dimensionturistica.com\/es\/wp-json\/wp\/v2\/media\/319212"}],"wp:attachment":[{"href":"https:\/\/dimensionturistica.com\/es\/wp-json\/wp\/v2\/media?parent=319211"}],"wp:term":[{"taxonomy":"category","embeddable":true,"href":"https:\/\/dimensionturistica.com\/es\/wp-json\/wp\/v2\/categories?post=319211"},{"taxonomy":"post_tag","embeddable":true,"href":"https:\/\/dimensionturistica.com\/es\/wp-json\/wp\/v2\/tags?post=319211"}],"curies":[{"name":"wp","href":"https:\/\/api.w.org\/{rel}","templated":true}]}}