{"id":318943,"date":"2022-05-18T14:13:41","date_gmt":"2022-05-18T14:13:41","guid":{"rendered":"https:\/\/dimensionturistica.com\/es\/?p=318943"},"modified":"2022-05-18T14:13:41","modified_gmt":"2022-05-18T14:13:41","slug":"air-france-presento-su-nuevo-video-de-marca","status":"publish","type":"post","link":"https:\/\/dimensionturistica.com\/es\/air-france-presento-su-nuevo-video-de-marca\/","title":{"rendered":"Air France present\u00f3 su nuevo video de marca"},"content":{"rendered":"<p>Como parte de su evoluci\u00f3n, Air France present\u00f3, el 10 de mayo de 2022, su nuevo video de marca, un video que encarna el deseo de ofrecer a sus clientes lo mejor de Francia y llevar la elegancia a nuevas alturas.<br \/>\nEste video cuenta la historia de un ascenso, el de una mujer decidida, una elegante alegor\u00eda a la aerol\u00ednea. Con un vestido rojo, sube lentamente a la<img decoding=\"async\" class=\" wp-image-318947 alignleft\" src=\"https:\/\/dimensionturistica.com\/es\/wp-content\/uploads\/2022\/05\/airfrande.jpg\" alt=\"\" width=\"337\" height=\"225\" \/> Torre Eiffel, el s\u00edmbolo de Francia en todo el mundo. El video est\u00e1 hecho con una secuencia de escenas, cada una s\u00edmbolo de las diversas cualidades de la compa\u00f1\u00eda y, tambi\u00e9n, alusi\u00f3n al arte universal de la hospitalidad de la aerol\u00ednea, la oferta de alta cocina<br \/>\nfrancesa a bordo de sus vuelos y la atenci\u00f3n especial que brinda a sus viajeros m\u00e1s j\u00f3venes durante todo el viaje. En lo alto de la torre, la protagonista del video cruza un mar de nubes imaginario y encantador, insinuando el momento especial atemporal que solo se puede experimentar a bordo de un avi\u00f3n. La larga cola de su vestido asciende por encima de la torre iluminada antes de transformarse en el acento rojo, el s\u00edmbolo de la marca que representa su excelencia y experiencia. \u201cLa elegancia es un viaje. Air France\u201d<br \/>\nEl video termina revelando el nuevo slogan de la compa\u00f1\u00eda: \u201cLa elegancia es un viaje. Air France.&#8221; Este slogan encarna los valores de Air France, su estilo, as\u00ed como el cuidado de su entorno y su aplicaci\u00f3n en la protecci\u00f3n del planeta.<br \/>\nLa m\u00fasica elegida est\u00e1 inspirada en la ic\u00f3nica canci\u00f3n \u201cLes moulins de mon c\u0153ur\u201d de Michel Legrand, interpretada por la cantautora francesa Juliette Armanet. M\u00e1s que un simple cover, esta nueva versi\u00f3n ha sido re orquestada para Air France. Esta canci\u00f3n suave y poderosa incorpora con emoci\u00f3n la elegancia francesa.<br \/>\nUn himno a la elegancia<br \/>\nCon este nuevo video de marca, Air France se libera una vez m\u00e1s de los c\u00f3digos tradicionalmente utilizados en la industria a\u00e9rea. El video evoca el arte de vivir franc\u00e9s que ofrece todos los d\u00edas a sus clientes en todo el mundo.<br \/>\nCreado por la agencia Aura by Omnicom, este video se mostrar\u00e1 en pantallas de televisi\u00f3n, de cine, y en l\u00ednea, a partir del 11 de mayo de 2022 en 5 mercados: EE. UU., Canad\u00e1, Brasil, Italia y Alemania. En Francia, el video se transmitir\u00e1 en formato digital. La campa\u00f1a que lo acompa\u00f1a incluye videoclips que promueven Par\u00eds como destino, los compromisos de la compa\u00f1\u00eda con<img decoding=\"async\" class=\"size-medium wp-image-318948 alignright\" src=\"https:\/\/dimensionturistica.com\/es\/wp-content\/uploads\/2022\/05\/ifele-300x169.jpg\" alt=\"\" width=\"300\" height=\"169\" srcset=\"https:\/\/dimensionturistica.com\/es\/wp-content\/uploads\/2022\/05\/ifele-300x169.jpg 300w, https:\/\/dimensionturistica.com\/es\/wp-content\/uploads\/2022\/05\/ifele.jpg 329w\" sizes=\"(max-width: 300px) 100vw, 300px\" \/> viajes a\u00e9reos m\u00e1s responsables, la buena comida francesa, los premios de la calificadora de transporte a\u00e9reo internacional Skytrax que ha recibido, su programa de viajero frecuente Flying Blue y su clase de viaje La Premi\u00e8re (First class). Air France agradece a la Compa\u00f1\u00eda Operadora de la Torre Eiffel por su hospitalidad y al Patronato de Turismo de la Regi\u00f3n de Par\u00eds por su apoyo.<br \/>\nVideo disponible en franc\u00e9s: https:\/\/youtu.be\/XGnwQQbZYLo<br \/>\nVideo disponible en ingl\u00e9s: https:\/\/youtu.be\/VBfe4CGenow<\/p>\n","protected":false},"excerpt":{"rendered":"<p>Como parte de su evoluci\u00f3n, Air France present\u00f3, el 10 de mayo de 2022, su nuevo video de marca, un video que encarna el deseo de ofrecer a sus clientes lo mejor de Francia y llevar la elegancia a nuevas alturas. Este video cuenta la historia de un ascenso, el de una mujer decidida, una [&hellip;]<\/p>\n","protected":false},"author":1,"featured_media":318950,"comment_status":"open","ping_status":"closed","sticky":false,"template":"","format":"standard","meta":{"om_disable_all_campaigns":false,"jnews-multi-image_gallery":[],"jnews_single_post":{"source_name":"","source_url":"","via_name":"","via_url":"","override_template":"0","override":[{"template":"1","single_blog_custom":"","parallax":"1","fullscreen":"1","layout":"right-sidebar","sidebar":"default-sidebar","second_sidebar":"default-sidebar","sticky_sidebar":"1","share_position":"top","share_float_style":"share-monocrhome","show_share_counter":"1","show_view_counter":"1","show_featured":"1","show_post_meta":"1","show_post_author":"1","show_post_author_image":"1","show_post_date":"1","post_date_format":"default","post_date_format_custom":"Y\/m\/d","show_post_category":"1","show_post_reading_time":"0","post_reading_time_wpm":"300","show_zoom_button":"0","zoom_button_out_step":"2","zoom_button_in_step":"3","show_post_tag":"1","show_prev_next_post":"1","show_popup_post":"1","number_popup_post":"1","show_author_box":"0","show_post_related":"0","show_inline_post_related":"0"}],"override_image_size":"0","image_override":[{"single_post_thumbnail_size":"crop-500","single_post_gallery_size":"crop-500"}],"trending_post":"0","trending_post_position":"meta","trending_post_label":"Trending","sponsored_post":"0","sponsored_post_label":"Sponsored by","sponsored_post_name":"","sponsored_post_url":"","sponsored_post_logo_enable":"0","sponsored_post_logo":"","sponsored_post_desc":"","disable_ad":"0"},"jnews_primary_category":{"id":""},"jnews_social_meta":{"fb_title":"","fb_description":"","fb_image":"","twitter_title":"","twitter_description":"","twitter_image":""},"footnotes":""},"categories":[39],"tags":[],"class_list":["post-318943","post","type-post","status-publish","format-standard","has-post-thumbnail","hentry","category-viajes"],"_links":{"self":[{"href":"https:\/\/dimensionturistica.com\/es\/wp-json\/wp\/v2\/posts\/318943","targetHints":{"allow":["GET"]}}],"collection":[{"href":"https:\/\/dimensionturistica.com\/es\/wp-json\/wp\/v2\/posts"}],"about":[{"href":"https:\/\/dimensionturistica.com\/es\/wp-json\/wp\/v2\/types\/post"}],"author":[{"embeddable":true,"href":"https:\/\/dimensionturistica.com\/es\/wp-json\/wp\/v2\/users\/1"}],"replies":[{"embeddable":true,"href":"https:\/\/dimensionturistica.com\/es\/wp-json\/wp\/v2\/comments?post=318943"}],"version-history":[{"count":0,"href":"https:\/\/dimensionturistica.com\/es\/wp-json\/wp\/v2\/posts\/318943\/revisions"}],"wp:featuredmedia":[{"embeddable":true,"href":"https:\/\/dimensionturistica.com\/es\/wp-json\/wp\/v2\/media\/318950"}],"wp:attachment":[{"href":"https:\/\/dimensionturistica.com\/es\/wp-json\/wp\/v2\/media?parent=318943"}],"wp:term":[{"taxonomy":"category","embeddable":true,"href":"https:\/\/dimensionturistica.com\/es\/wp-json\/wp\/v2\/categories?post=318943"},{"taxonomy":"post_tag","embeddable":true,"href":"https:\/\/dimensionturistica.com\/es\/wp-json\/wp\/v2\/tags?post=318943"}],"curies":[{"name":"wp","href":"https:\/\/api.w.org\/{rel}","templated":true}]}}