{"id":318919,"date":"2022-05-18T13:51:01","date_gmt":"2022-05-18T13:51:01","guid":{"rendered":"https:\/\/dimensionturistica.com\/es\/?p=318919"},"modified":"2022-05-18T13:51:01","modified_gmt":"2022-05-18T13:51:01","slug":"viva-aerobus-reactiva-sus-operaciones-en-el-aeropuerto-de-toluca-asi-mismo-anuncia-nuevas-rutas-para-fortalecer-la-conectividad-en-el-valle-de-mexico","status":"publish","type":"post","link":"https:\/\/dimensionturistica.com\/es\/viva-aerobus-reactiva-sus-operaciones-en-el-aeropuerto-de-toluca-asi-mismo-anuncia-nuevas-rutas-para-fortalecer-la-conectividad-en-el-valle-de-mexico\/","title":{"rendered":"Viva Aerobus reactiva sus operaciones en el aeropuerto de Toluca, as\u00ed mismo anuncia nuevas rutas para fortalecer la conectividad en el Valle de M\u00e9xico"},"content":{"rendered":"<p><img decoding=\"async\" class=\"size-medium wp-image-318702 alignleft\" src=\"https:\/\/dimensionturistica.com\/es\/wp-content\/uploads\/2022\/05\/Viva-Aerobus-A320-300x200.jpg\" alt=\"\" width=\"300\" height=\"200\" srcset=\"https:\/\/dimensionturistica.com\/es\/wp-content\/uploads\/2022\/05\/Viva-Aerobus-A320-300x200.jpg 300w, https:\/\/dimensionturistica.com\/es\/wp-content\/uploads\/2022\/05\/Viva-Aerobus-A320-1024x683.jpg 1024w, https:\/\/dimensionturistica.com\/es\/wp-content\/uploads\/2022\/05\/Viva-Aerobus-A320-768x512.jpg 768w, https:\/\/dimensionturistica.com\/es\/wp-content\/uploads\/2022\/05\/Viva-Aerobus-A320-1536x1024.jpg 1536w, https:\/\/dimensionturistica.com\/es\/wp-content\/uploads\/2022\/05\/Viva-Aerobus-A320-2048x1365.jpg 2048w, https:\/\/dimensionturistica.com\/es\/wp-content\/uploads\/2022\/05\/Viva-Aerobus-A320-750x500.jpg 750w, https:\/\/dimensionturistica.com\/es\/wp-content\/uploads\/2022\/05\/Viva-Aerobus-A320-1140x760.jpg 1140w\" sizes=\"(max-width: 300px) 100vw, 300px\" \/>Con el objetivo de ampliar y diversificar las alternativas de vuelo en la Zona Metropolitana del Valle de M\u00e9xico con una opci\u00f3n a precios bajos, Viva Aerobus anuncia el reinicio de sus vuelos a Canc\u00fan y Monterrey desde el Aeropuerto Internacional de Toluca con un mayor n\u00famero de frecuencias y, adem\u00e1s, anuncia dos nuevas rutas con destino a M\u00e9rida y Puerto Vallarta.<br \/>\nEl pr\u00f3ximo 28 de julio, Viva Aerobus restablecer\u00e1 su ruta a Canc\u00fan con tres vuelos al d\u00eda y, posterior a la temporada de verano, a partir del 9 de septiembre, operar\u00e1 dos vuelos diarios. En esa misma fecha, Viva tambi\u00e9n reanudar\u00e1 sus vuelos a Monterrey con dos vuelos al d\u00eda y, a partir de septiembre, incrementar\u00e1 a tres frecuencias diarias.<br \/>\nImportante destacar que el 9 de septiembre, Viva, a su vez, dar\u00e1 inicio a la operaci\u00f3n de las dos nuevas rutas Toluca \u2013 M\u00e9rida y Toluca \u2013 Puerto Vallarta, ambas con un vuelo diario.<br \/>\n\u201cAgradecemos la confianza de Viva Aerobus en Toluca. Estamos convencidos que estas cuatro rutas facilitar\u00e1n que m\u00e1s personas puedan conocer la riqueza natural, cultural, artesanal y gastron\u00f3mica mexiquense. Y, al mismo tiempo, al fortalecer la conectividad a\u00e9rea de la ciudad, nuestro estado crece como un centro log\u00edstico del pa\u00eds\u201d, mencion\u00f3 Marcela Gonz\u00e1lez Salas, Secretaria de Cultura y Turismo del Estado de M\u00e9xico.<br \/>\nEl anuncio del regreso de Viva Aerobus al Aeropuerto Internacional de Toluca ocurre a una semana del lanzamiento de cinco nuevas rutas de la aerol\u00ednea en el Aeropuerto Internacional Felipe \u00c1ngeles. Precisamente, esta ampliaci\u00f3n de la oferta de Viva en la Zona Metropolitana del Valle de M\u00e9xico resulta de la necesidad de atender la creciente demanda de vuelos y de brindar m\u00e1s opciones a los pasajeros de volar de distintos aeropuertos de la zona.<img decoding=\"async\" class=\"size-medium wp-image-318932 alignleft\" src=\"https:\/\/dimensionturistica.com\/es\/wp-content\/uploads\/2022\/05\/OTRO-300x200.jpg\" alt=\"\" width=\"300\" height=\"200\" srcset=\"https:\/\/dimensionturistica.com\/es\/wp-content\/uploads\/2022\/05\/OTRO-300x200.jpg 300w, https:\/\/dimensionturistica.com\/es\/wp-content\/uploads\/2022\/05\/OTRO.jpg 500w\" sizes=\"(max-width: 300px) 100vw, 300px\" \/><br \/>\n&#8220;El reinicio de operaciones de Viva Aerobus y el lanzamiento, adem\u00e1s, de nuevas rutas, son excelentes noticias para todos los pasajeros del Valle de Toluca a quienes recibiremos y atenderemos con un servicio enfocado al cliente, los m\u00e1s altos est\u00e1ndares de seguridad y una infraestructura de clase mundial&#8221;, afirm\u00f3 Hugo Alberto Delgado Ortega, Director General del Aeropuerto Internacional de Toluca.<br \/>\n\u201cAl momento, Yucat\u00e1n ha restablecido el 99.8% del n\u00famero de asientos registrados prepandemia, incrementado 175% sus rutas internacionales y alcanzando, en el pasado mes de marzo, un nuevo r\u00e9cord hist\u00f3rico en el movimiento de pasajeros. Celebramos estas nuevas rutas hacia el Valle de M\u00e9xico, que contribuyen al plan de expansi\u00f3n para nuestra conectividad,\u201d se\u00f1al\u00f3 Michelle Fridman Hirsch, Secretaria de Fomento Tur\u00edstico de Yucat\u00e1n.<br \/>\nEsta oferta diversificada es posible gracias a un modelo de negocios de ultra bajo costo que permite a Viva la operaci\u00f3n simult\u00e1nea en diversos aeropuertos en una misma zona, bajo los m\u00e1s estrictos est\u00e1ndares de seguridad y confiabilidad. De esta manera, se atienden las necesidades y preferencias de todo tipo de pasajeros para brindarles la comodidad de viajar desde distintos puntos, aprovechando las oportunidades que brinda el desarrollo del Sistema Metropolitano de Aeropuertos.<br \/>\n\u201cSeguimos creciendo nuestra oferta en el Valle de M\u00e9xico con una propuesta a precios bajos, vuelos directos y aviones nuevos para que m\u00e1s personas tengan la oportunidad de volar desde distintos puntos con plena comodidad, confiabilidad y cuidando de su econom\u00eda\u201d, mencion\u00f3 Juan Carlos Zuazua, Director General de Viva Aerobus. \u201cCon estas cuatro rutas, conectamos al Estado de M\u00e9xico con enclaves tur\u00edsticos y de negocios del pa\u00eds, favoreciendo as\u00ed el desarrollo, accesibilidad y competitividad de todos estos destinos\u201d, detall\u00f3.<br \/>\nLos vuelos ser\u00e1n operados con aeronaves Airbus A320\/ A321 con capacidad para 186\/240 pasajeros, aviones que forman parte de la flota m\u00e1s moderna de M\u00e9xico y la tercera m\u00e1s joven de Norteam\u00e9rica, con una edad promedio de 5 a\u00f1os.<br \/>\nLos pasajeros pueden adquirir sus boletos en el sitio oficial de la aerol\u00ednea Viva: https: \/\/www.vivaaerobus.com\/mx, en las Viva Tiendas, en la Viva App o llamando al Call Center (LADA sin costo) 0181 82 150 150<img decoding=\"async\" class=\"alignnone  wp-image-318923\" src=\"https:\/\/dimensionturistica.com\/es\/wp-content\/uploads\/2022\/05\/RUTAS-1-300x126.jpg\" alt=\"\" width=\"624\" height=\"262\" srcset=\"https:\/\/dimensionturistica.com\/es\/wp-content\/uploads\/2022\/05\/RUTAS-1-300x126.jpg 300w, https:\/\/dimensionturistica.com\/es\/wp-content\/uploads\/2022\/05\/RUTAS-1-1024x430.jpg 1024w, https:\/\/dimensionturistica.com\/es\/wp-content\/uploads\/2022\/05\/RUTAS-1-768x323.jpg 768w, https:\/\/dimensionturistica.com\/es\/wp-content\/uploads\/2022\/05\/RUTAS-1-750x315.jpg 750w, https:\/\/dimensionturistica.com\/es\/wp-content\/uploads\/2022\/05\/RUTAS-1-1140x479.jpg 1140w, https:\/\/dimensionturistica.com\/es\/wp-content\/uploads\/2022\/05\/RUTAS-1.jpg 1188w\" sizes=\"(max-width: 624px) 100vw, 624px\" \/><\/p>\n<p><img decoding=\"async\" class=\"alignnone  wp-image-318926\" src=\"https:\/\/dimensionturistica.com\/es\/wp-content\/uploads\/2022\/05\/RUTAS2-300x110.jpg\" alt=\"\" width=\"652\" height=\"239\" srcset=\"https:\/\/dimensionturistica.com\/es\/wp-content\/uploads\/2022\/05\/RUTAS2-300x110.jpg 300w, https:\/\/dimensionturistica.com\/es\/wp-content\/uploads\/2022\/05\/RUTAS2-1024x374.jpg 1024w, https:\/\/dimensionturistica.com\/es\/wp-content\/uploads\/2022\/05\/RUTAS2-768x281.jpg 768w, https:\/\/dimensionturistica.com\/es\/wp-content\/uploads\/2022\/05\/RUTAS2-750x274.jpg 750w, https:\/\/dimensionturistica.com\/es\/wp-content\/uploads\/2022\/05\/RUTAS2-1140x417.jpg 1140w, https:\/\/dimensionturistica.com\/es\/wp-content\/uploads\/2022\/05\/RUTAS2.jpg 1185w\" sizes=\"(max-width: 652px) 100vw, 652px\" \/><\/p>\n<p>&nbsp;<\/p>\n","protected":false},"excerpt":{"rendered":"<p>Con el objetivo de ampliar y diversificar las alternativas de vuelo en la Zona Metropolitana del Valle de M\u00e9xico con una opci\u00f3n a precios bajos, Viva Aerobus anuncia el reinicio de sus vuelos a Canc\u00fan y Monterrey desde el Aeropuerto Internacional de Toluca con un mayor n\u00famero de frecuencias y, adem\u00e1s, anuncia dos nuevas rutas [&hellip;]<\/p>\n","protected":false},"author":1,"featured_media":316891,"comment_status":"open","ping_status":"closed","sticky":false,"template":"","format":"standard","meta":{"om_disable_all_campaigns":false,"jnews-multi-image_gallery":[],"jnews_single_post":{"source_name":"","source_url":"","via_name":"","via_url":"","override_template":"0","override":[{"template":"1","single_blog_custom":"","parallax":"1","fullscreen":"1","layout":"right-sidebar","sidebar":"default-sidebar","second_sidebar":"default-sidebar","sticky_sidebar":"1","share_position":"top","share_float_style":"share-monocrhome","show_share_counter":"1","show_view_counter":"1","show_featured":"1","show_post_meta":"1","show_post_author":"1","show_post_author_image":"1","show_post_date":"1","post_date_format":"default","post_date_format_custom":"Y\/m\/d","show_post_category":"1","show_post_reading_time":"0","post_reading_time_wpm":"300","show_zoom_button":"0","zoom_button_out_step":"2","zoom_button_in_step":"3","show_post_tag":"1","show_prev_next_post":"1","show_popup_post":"1","number_popup_post":"1","show_author_box":"0","show_post_related":"0","show_inline_post_related":"0"}],"override_image_size":"0","image_override":[{"single_post_thumbnail_size":"crop-500","single_post_gallery_size":"crop-500"}],"trending_post":"0","trending_post_position":"meta","trending_post_label":"Trending","sponsored_post":"0","sponsored_post_label":"Sponsored by","sponsored_post_name":"","sponsored_post_url":"","sponsored_post_logo_enable":"0","sponsored_post_logo":"","sponsored_post_desc":"","disable_ad":"0"},"jnews_primary_category":{"id":""},"jnews_social_meta":{"fb_title":"","fb_description":"","fb_image":"","twitter_title":"","twitter_description":"","twitter_image":""},"footnotes":""},"categories":[39],"tags":[],"class_list":["post-318919","post","type-post","status-publish","format-standard","has-post-thumbnail","hentry","category-viajes"],"_links":{"self":[{"href":"https:\/\/dimensionturistica.com\/es\/wp-json\/wp\/v2\/posts\/318919","targetHints":{"allow":["GET"]}}],"collection":[{"href":"https:\/\/dimensionturistica.com\/es\/wp-json\/wp\/v2\/posts"}],"about":[{"href":"https:\/\/dimensionturistica.com\/es\/wp-json\/wp\/v2\/types\/post"}],"author":[{"embeddable":true,"href":"https:\/\/dimensionturistica.com\/es\/wp-json\/wp\/v2\/users\/1"}],"replies":[{"embeddable":true,"href":"https:\/\/dimensionturistica.com\/es\/wp-json\/wp\/v2\/comments?post=318919"}],"version-history":[{"count":0,"href":"https:\/\/dimensionturistica.com\/es\/wp-json\/wp\/v2\/posts\/318919\/revisions"}],"wp:featuredmedia":[{"embeddable":true,"href":"https:\/\/dimensionturistica.com\/es\/wp-json\/wp\/v2\/media\/316891"}],"wp:attachment":[{"href":"https:\/\/dimensionturistica.com\/es\/wp-json\/wp\/v2\/media?parent=318919"}],"wp:term":[{"taxonomy":"category","embeddable":true,"href":"https:\/\/dimensionturistica.com\/es\/wp-json\/wp\/v2\/categories?post=318919"},{"taxonomy":"post_tag","embeddable":true,"href":"https:\/\/dimensionturistica.com\/es\/wp-json\/wp\/v2\/tags?post=318919"}],"curies":[{"name":"wp","href":"https:\/\/api.w.org\/{rel}","templated":true}]}}