{"id":318655,"date":"2022-05-17T22:46:31","date_gmt":"2022-05-17T22:46:31","guid":{"rendered":"https:\/\/dimensionturistica.com\/es\/?p=318655"},"modified":"2022-05-17T22:46:31","modified_gmt":"2022-05-17T22:46:31","slug":"estamos-listos-para-el-festival-en-su-xxi-edicion-de-la-paella","status":"publish","type":"post","link":"https:\/\/dimensionturistica.com\/es\/estamos-listos-para-el-festival-en-su-xxi-edicion-de-la-paella\/","title":{"rendered":"\u00a1Estamos listos para el Festival en su XXI edici\u00f3n, de La Paella!"},"content":{"rendered":"<p>El pr\u00f3ximo s\u00e1bado 28 y domingo 29 de mayo, se llevara a cabo en Freixenet<img decoding=\"async\" class=\"size-medium wp-image-318656 alignright\" src=\"https:\/\/dimensionturistica.com\/es\/wp-content\/uploads\/2022\/05\/PAELLA1-300x141.jpg\" alt=\"\" width=\"300\" height=\"141\" srcset=\"https:\/\/dimensionturistica.com\/es\/wp-content\/uploads\/2022\/05\/PAELLA1-300x141.jpg 300w, https:\/\/dimensionturistica.com\/es\/wp-content\/uploads\/2022\/05\/PAELLA1.jpg 500w\" sizes=\"(max-width: 300px) 100vw, 300px\" \/> M\u00e9xico el \u201cFestival de la Paella 2022\u201d en su XXI edici\u00f3n, en la que participaran quince chefs profesionales y quince universidades de diferentes estados de la Rep\u00fablica, el evento ser\u00e1 amenizado por diversas actividades tanto art\u00edsticas y culturales, adem\u00e1s de disfrutar de la presentaci\u00f3n de distintos grupos musicales, incluido el flamenco para aderezar esta fiesta, as\u00ed mismo se ofrecer\u00e1n catas de las mejores etiquetas de esta casa Vin\u00edcola.<br \/>\nLa convocatoria para participar en el concurso de este gran festival de Freixenet M\u00e9xico ya fue cerrada y los chefs se preparan para obtener el<img decoding=\"async\" class=\"size-medium wp-image-318657 alignright\" src=\"https:\/\/dimensionturistica.com\/es\/wp-content\/uploads\/2022\/05\/PAELLA2-300x199.jpg\" alt=\"\" width=\"300\" height=\"199\" srcset=\"https:\/\/dimensionturistica.com\/es\/wp-content\/uploads\/2022\/05\/PAELLA2-300x199.jpg 300w, https:\/\/dimensionturistica.com\/es\/wp-content\/uploads\/2022\/05\/PAELLA2.jpg 500w\" sizes=\"(max-width: 300px) 100vw, 300px\" \/> galard\u00f3n del primer lugar que lo lleven a Valencia Espa\u00f1a, representando a Quer\u00e9taro y a M\u00e9xico en el Concurso Internacional de Paella Valenciana en Espa\u00f1a, as\u00ed tambi\u00e9n las universidades participantes buscaran entre sus mejores recetas aquella que las lleve a ser la campeona en la categor\u00eda libre.<br \/>\nEn la rueda de prensa, Meritxell Ricarte Directora de Relaciones Publicas de Freixenet M\u00e9xico presento oficialmente en la Ciudad de M\u00e9xico el Festival de la Paella en su vig\u00e9sima primera edici\u00f3n, ah\u00ed dio a conocer que en este gran evento familiar se espera una afluencia en ambos de d\u00edas de m\u00e1s de cinco mil visitantes, quienes con la compra de su boleto que a\u00fan siguen en venta en su<img decoding=\"async\" class=\"size-medium wp-image-318658 alignright\" src=\"https:\/\/dimensionturistica.com\/es\/wp-content\/uploads\/2022\/05\/PAELLA5-300x200.jpg\" alt=\"\" width=\"300\" height=\"200\" srcset=\"https:\/\/dimensionturistica.com\/es\/wp-content\/uploads\/2022\/05\/PAELLA5-300x200.jpg 300w, https:\/\/dimensionturistica.com\/es\/wp-content\/uploads\/2022\/05\/PAELLA5.jpg 500w\" sizes=\"(max-width: 300px) 100vw, 300px\" \/> segunda fase, en la p\u00e1gina oficial de Freixenet M\u00e9xico www.freixenetmexico.com.mx , disfrutara de las actividades ya mencionadas en cuanto a disfrutar de la pella depender\u00e1 del ticktet adquirido: boleto general con un costo de $500 en pesos preventa y $600 pesos taquilla incluye copa de vino y dos degustaciones m\u00e1s espect\u00e1culo y paquete Paella lovers, con un costo de $1500 pesos, incluye lugar reservado, vino limitado m\u00e1s la degustaci\u00f3n de todas la paella participantes.<br \/>\nPor su parte Lluis Ranvet\u00f3s Llopart, Director y en\u00f3logo de Freixenet M\u00e9xico, menciono que para calificar al mejor paellero en ambas categor\u00edas se contar\u00e1 con un jurado de renombre, que estar\u00e1 integrado por: Chef Jes\u00fas Melero, coordinador del Concurso Internacional de la Paella Valenciana en Espa\u00f1a,<img decoding=\"async\" class=\"size-medium wp-image-318660 alignright\" src=\"https:\/\/dimensionturistica.com\/es\/wp-content\/uploads\/2022\/05\/PAELLA7-300x225.jpg\" alt=\"\" width=\"300\" height=\"225\" srcset=\"https:\/\/dimensionturistica.com\/es\/wp-content\/uploads\/2022\/05\/PAELLA7-300x225.jpg 300w, https:\/\/dimensionturistica.com\/es\/wp-content\/uploads\/2022\/05\/PAELLA7.jpg 500w\" sizes=\"(max-width: 300px) 100vw, 300px\" \/> Martha Ortiz, chef propietaria de Dulce Patria, Ella Canta y Filigrana, Pablo San Rom\u00e1n, Chef propietario de Restaurante Ekilore, Mauricio Salm\u00f3n Franz, Chef Propietario de Restaurante El Caser\u00edo Quer\u00e9taro, Chef Lalo Plasencia Fundador de CIG M\u00e9xico, Israel Aretxiga Chef Corporativo y socio de Grupo Zeru, Sommelier Ricardo Esp\u00edndola Fundador de la Escuela Mexicana de Sommeliers, Chef Israel Soriano, Presidente de la Asociaci\u00f3n de Cocineros Queretanos.<br \/>\n<img decoding=\"async\" class=\"size-medium wp-image-318661 alignright\" src=\"https:\/\/dimensionturistica.com\/es\/wp-content\/uploads\/2022\/05\/PAELLLA3-300x133.jpg\" alt=\"\" width=\"300\" height=\"133\" srcset=\"https:\/\/dimensionturistica.com\/es\/wp-content\/uploads\/2022\/05\/PAELLLA3-300x133.jpg 300w, https:\/\/dimensionturistica.com\/es\/wp-content\/uploads\/2022\/05\/PAELLLA3.jpg 500w\" sizes=\"(max-width: 300px) 100vw, 300px\" \/>Aqu\u00ed hay que recalcar que el Chef Soriano y su equipo, prepararan una deliciosas Paella con productos de la regi\u00f3n queretana, como un espect\u00e1culo m\u00e1s en el escenario.<br \/>\nEs preciso mencionar que este es un evento que como en todos los eventos que realiza Freixenet M\u00e9xico se prioriza el consumo responsable ya que lo que se busca es generar una cultura del vino como en esta ocasi\u00f3n los asistentes tendr\u00e1n la oportunidad de maridarlo con las exquisitas paellas que se ofrecer\u00e1n durante estos dos d\u00edas de festival en una convivencia sana y familiar.<\/p>\n","protected":false},"excerpt":{"rendered":"<p>El pr\u00f3ximo s\u00e1bado 28 y domingo 29 de mayo, se llevara a cabo en Freixenet M\u00e9xico el \u201cFestival de la Paella 2022\u201d en su XXI edici\u00f3n, en la que participaran quince chefs profesionales y quince universidades de diferentes estados de la Rep\u00fablica, el evento ser\u00e1 amenizado por diversas actividades tanto art\u00edsticas y culturales, adem\u00e1s de [&hellip;]<\/p>\n","protected":false},"author":1,"featured_media":318659,"comment_status":"open","ping_status":"closed","sticky":false,"template":"","format":"standard","meta":{"om_disable_all_campaigns":false,"jnews-multi-image_gallery":[],"jnews_single_post":{"source_name":"","source_url":"","via_name":"","via_url":"","override_template":"0","override":[{"template":"1","single_blog_custom":"","parallax":"1","fullscreen":"1","layout":"right-sidebar","sidebar":"default-sidebar","second_sidebar":"default-sidebar","sticky_sidebar":"1","share_position":"top","share_float_style":"share-monocrhome","show_share_counter":"1","show_view_counter":"1","show_featured":"1","show_post_meta":"1","show_post_author":"1","show_post_author_image":"1","show_post_date":"1","post_date_format":"default","post_date_format_custom":"Y\/m\/d","show_post_category":"1","show_post_reading_time":"0","post_reading_time_wpm":"300","show_zoom_button":"0","zoom_button_out_step":"2","zoom_button_in_step":"3","show_post_tag":"1","show_prev_next_post":"1","show_popup_post":"1","number_popup_post":"1","show_author_box":"0","show_post_related":"0","show_inline_post_related":"0"}],"override_image_size":"0","image_override":[{"single_post_thumbnail_size":"crop-500","single_post_gallery_size":"crop-500"}],"trending_post":"0","trending_post_position":"meta","trending_post_label":"Trending","sponsored_post":"0","sponsored_post_label":"Sponsored by","sponsored_post_name":"","sponsored_post_url":"","sponsored_post_logo_enable":"0","sponsored_post_logo":"","sponsored_post_desc":"","disable_ad":"0"},"jnews_primary_category":{"id":""},"jnews_social_meta":{"fb_title":"","fb_description":"","fb_image":"","twitter_title":"","twitter_description":"","twitter_image":""},"footnotes":""},"categories":[43],"tags":[],"class_list":["post-318655","post","type-post","status-publish","format-standard","has-post-thumbnail","hentry","category-gourmet"],"_links":{"self":[{"href":"https:\/\/dimensionturistica.com\/es\/wp-json\/wp\/v2\/posts\/318655","targetHints":{"allow":["GET"]}}],"collection":[{"href":"https:\/\/dimensionturistica.com\/es\/wp-json\/wp\/v2\/posts"}],"about":[{"href":"https:\/\/dimensionturistica.com\/es\/wp-json\/wp\/v2\/types\/post"}],"author":[{"embeddable":true,"href":"https:\/\/dimensionturistica.com\/es\/wp-json\/wp\/v2\/users\/1"}],"replies":[{"embeddable":true,"href":"https:\/\/dimensionturistica.com\/es\/wp-json\/wp\/v2\/comments?post=318655"}],"version-history":[{"count":0,"href":"https:\/\/dimensionturistica.com\/es\/wp-json\/wp\/v2\/posts\/318655\/revisions"}],"wp:featuredmedia":[{"embeddable":true,"href":"https:\/\/dimensionturistica.com\/es\/wp-json\/wp\/v2\/media\/318659"}],"wp:attachment":[{"href":"https:\/\/dimensionturistica.com\/es\/wp-json\/wp\/v2\/media?parent=318655"}],"wp:term":[{"taxonomy":"category","embeddable":true,"href":"https:\/\/dimensionturistica.com\/es\/wp-json\/wp\/v2\/categories?post=318655"},{"taxonomy":"post_tag","embeddable":true,"href":"https:\/\/dimensionturistica.com\/es\/wp-json\/wp\/v2\/tags?post=318655"}],"curies":[{"name":"wp","href":"https:\/\/api.w.org\/{rel}","templated":true}]}}