{"id":318508,"date":"2022-05-17T19:37:04","date_gmt":"2022-05-17T19:37:04","guid":{"rendered":"https:\/\/dimensionturistica.com\/es\/?p=318508"},"modified":"2022-05-17T19:42:11","modified_gmt":"2022-05-17T19:42:11","slug":"tamaulipas-renueva-alianza-estrategica-con-el-conexstur","status":"publish","type":"post","link":"https:\/\/dimensionturistica.com\/es\/tamaulipas-renueva-alianza-estrategica-con-el-conexstur\/","title":{"rendered":"Tamaulipas renueva alianza estrat\u00e9gica con el CONEXSTUR"},"content":{"rendered":"<p><img decoding=\"async\" class=\"size-medium wp-image-318518 alignright\" src=\"https:\/\/dimensionturistica.com\/es\/wp-content\/uploads\/2022\/05\/1-1-300x200.jpg\" alt=\"\" width=\"300\" height=\"200\" srcset=\"https:\/\/dimensionturistica.com\/es\/wp-content\/uploads\/2022\/05\/1-1-300x200.jpg 300w, https:\/\/dimensionturistica.com\/es\/wp-content\/uploads\/2022\/05\/1-1-1024x682.jpg 1024w, https:\/\/dimensionturistica.com\/es\/wp-content\/uploads\/2022\/05\/1-1-768x512.jpg 768w, https:\/\/dimensionturistica.com\/es\/wp-content\/uploads\/2022\/05\/1-1-750x500.jpg 750w, https:\/\/dimensionturistica.com\/es\/wp-content\/uploads\/2022\/05\/1-1-1140x760.jpg 1140w, https:\/\/dimensionturistica.com\/es\/wp-content\/uploads\/2022\/05\/1-1.jpg 1280w\" sizes=\"(max-width: 300px) 100vw, 300px\" \/>El Estado de Tamaulipas y el Consejo Nacional de Exportaciones de Servicios Tur\u00edsticos, (CONEXSTUR) firmaron un nuevo acuerdo para promover y comercializar los bellos destinos tur\u00edsticos que ofrece \u201cLa Sorpresa de M\u00e9xico\u201d.<br \/>\nEs trascendental convenio de colaboraci\u00f3n con el CONEXSTUR fomentar\u00e1 la actividad tur\u00edstica de Tamaulipas, dentro y fuera de territorio mexicano. Mediante este acuerdo, el estado llegar\u00e1 a m\u00e1s tour operadores y profesionales del turismo, logrando difusi\u00f3n, presencia y comercializaci\u00f3n en el mercado internacional.<br \/>\nEl acuerdo firmado en esta capital, teniendo como sede \u201cPunto M\u00e9xico\u201d, cont\u00f3 con la participaci\u00f3n de Verena Knopp, presidente del CONEXSTUR y Edgar E.<img decoding=\"async\" class=\"size-medium wp-image-318520 alignright\" src=\"https:\/\/dimensionturistica.com\/es\/wp-content\/uploads\/2022\/05\/3-1-300x200.jpg\" alt=\"\" width=\"300\" height=\"200\" srcset=\"https:\/\/dimensionturistica.com\/es\/wp-content\/uploads\/2022\/05\/3-1-300x200.jpg 300w, https:\/\/dimensionturistica.com\/es\/wp-content\/uploads\/2022\/05\/3-1-1024x682.jpg 1024w, https:\/\/dimensionturistica.com\/es\/wp-content\/uploads\/2022\/05\/3-1-768x512.jpg 768w, https:\/\/dimensionturistica.com\/es\/wp-content\/uploads\/2022\/05\/3-1-750x500.jpg 750w, https:\/\/dimensionturistica.com\/es\/wp-content\/uploads\/2022\/05\/3-1-1140x760.jpg 1140w, https:\/\/dimensionturistica.com\/es\/wp-content\/uploads\/2022\/05\/3-1.jpg 1280w\" sizes=\"(max-width: 300px) 100vw, 300px\" \/> Sol\u00eds Islas, subsecretario de Desarrollo y Promoci\u00f3n Tur\u00edstica en representaci\u00f3n\u00a0del secretario de Turismo de Tamaulipas, Fernando Olivera Rocha, Parte de los beneficios que Tamaulipas alcanza con este convenio, es la inclusi\u00f3n del estado dentro de la plataforma \u201cThe Door to Mexico\u201d, permitiendo posicionar al estado ante el turismo extranjero, compartiendo informaci\u00f3n actualizada de sus destinos y eventos. Reforzando con ello la imagen de Tamaulipas ante mercados como Estados Unidos, Espa\u00f1a, Rep\u00fablica Dominicana y Argentina, entre otros principalmente.<br \/>\n\u201cTamaulipas es un destino que hace poco descubrimos los socios de CONEXSTUR y es un lugar que nos ofrece aventuras, sol y playa, gastronom\u00eda,<img decoding=\"async\" class=\"size-medium wp-image-318521 alignright\" src=\"https:\/\/dimensionturistica.com\/es\/wp-content\/uploads\/2022\/05\/4-1-300x173.jpg\" alt=\"\" width=\"300\" height=\"173\" srcset=\"https:\/\/dimensionturistica.com\/es\/wp-content\/uploads\/2022\/05\/4-1-300x173.jpg 300w, https:\/\/dimensionturistica.com\/es\/wp-content\/uploads\/2022\/05\/4-1-1024x590.jpg 1024w, https:\/\/dimensionturistica.com\/es\/wp-content\/uploads\/2022\/05\/4-1-768x442.jpg 768w, https:\/\/dimensionturistica.com\/es\/wp-content\/uploads\/2022\/05\/4-1-750x432.jpg 750w, https:\/\/dimensionturistica.com\/es\/wp-content\/uploads\/2022\/05\/4-1-1140x656.jpg 1140w, https:\/\/dimensionturistica.com\/es\/wp-content\/uploads\/2022\/05\/4-1.jpg 1280w\" sizes=\"(max-width: 300px) 100vw, 300px\" \/> Pueblos M\u00e1gicos y naturaleza. Esta firma reitera la alianza estrat\u00e9gica que en a\u00f1os anteriores hemos tenido con Tamaulipas y que ha permitido que los socios conozcan e integren producto tur\u00edstico para ofrecer\u201d, expres\u00f3 la presidenta Knopp.<br \/>\nEl CONEXSTUR fue fundado en el 2010 y es una asociaci\u00f3n de tour operadores receptivos, conformada por 18 empresas mexicanas, con amplia participaci\u00f3n en el mercado tur\u00edstico y que en el 2019 movilizaron a 1 mill\u00f3n de pasajeros nacionales e internacionales.<\/p>\n","protected":false},"excerpt":{"rendered":"<p>El Estado de Tamaulipas y el Consejo Nacional de Exportaciones de Servicios Tur\u00edsticos, (CONEXSTUR) firmaron un nuevo acuerdo para promover y comercializar los bellos destinos tur\u00edsticos que ofrece \u201cLa Sorpresa de M\u00e9xico\u201d. Es trascendental convenio de colaboraci\u00f3n con el CONEXSTUR fomentar\u00e1 la actividad tur\u00edstica de Tamaulipas, dentro y fuera de territorio mexicano. Mediante este acuerdo, [&hellip;]<\/p>\n","protected":false},"author":1,"featured_media":318519,"comment_status":"open","ping_status":"closed","sticky":false,"template":"","format":"standard","meta":{"om_disable_all_campaigns":false,"jnews-multi-image_gallery":[],"jnews_single_post":{"source_name":"","source_url":"","via_name":"","via_url":"","override_template":"0","override":[{"template":"1","single_blog_custom":"","parallax":"1","fullscreen":"1","layout":"right-sidebar","sidebar":"default-sidebar","second_sidebar":"default-sidebar","sticky_sidebar":"1","share_position":"top","share_float_style":"share-monocrhome","show_share_counter":"1","show_view_counter":"1","show_featured":"1","show_post_meta":"1","show_post_author":"1","show_post_author_image":"1","show_post_date":"1","post_date_format":"default","post_date_format_custom":"Y\/m\/d","show_post_category":"1","show_post_reading_time":"0","post_reading_time_wpm":"300","show_zoom_button":"0","zoom_button_out_step":"2","zoom_button_in_step":"3","show_post_tag":"1","show_prev_next_post":"1","show_popup_post":"1","number_popup_post":"1","show_author_box":"0","show_post_related":"0","show_inline_post_related":"0"}],"override_image_size":"0","image_override":[{"single_post_thumbnail_size":"crop-500","single_post_gallery_size":"crop-500"}],"trending_post":"0","trending_post_position":"meta","trending_post_label":"Trending","sponsored_post":"0","sponsored_post_label":"Sponsored by","sponsored_post_name":"","sponsored_post_url":"","sponsored_post_logo_enable":"0","sponsored_post_logo":"","sponsored_post_desc":"","disable_ad":"0"},"jnews_primary_category":{"id":""},"jnews_social_meta":{"fb_title":"","fb_description":"","fb_image":"","twitter_title":"","twitter_description":"","twitter_image":""},"footnotes":""},"categories":[39],"tags":[],"class_list":["post-318508","post","type-post","status-publish","format-standard","has-post-thumbnail","hentry","category-viajes"],"_links":{"self":[{"href":"https:\/\/dimensionturistica.com\/es\/wp-json\/wp\/v2\/posts\/318508","targetHints":{"allow":["GET"]}}],"collection":[{"href":"https:\/\/dimensionturistica.com\/es\/wp-json\/wp\/v2\/posts"}],"about":[{"href":"https:\/\/dimensionturistica.com\/es\/wp-json\/wp\/v2\/types\/post"}],"author":[{"embeddable":true,"href":"https:\/\/dimensionturistica.com\/es\/wp-json\/wp\/v2\/users\/1"}],"replies":[{"embeddable":true,"href":"https:\/\/dimensionturistica.com\/es\/wp-json\/wp\/v2\/comments?post=318508"}],"version-history":[{"count":0,"href":"https:\/\/dimensionturistica.com\/es\/wp-json\/wp\/v2\/posts\/318508\/revisions"}],"wp:featuredmedia":[{"embeddable":true,"href":"https:\/\/dimensionturistica.com\/es\/wp-json\/wp\/v2\/media\/318519"}],"wp:attachment":[{"href":"https:\/\/dimensionturistica.com\/es\/wp-json\/wp\/v2\/media?parent=318508"}],"wp:term":[{"taxonomy":"category","embeddable":true,"href":"https:\/\/dimensionturistica.com\/es\/wp-json\/wp\/v2\/categories?post=318508"},{"taxonomy":"post_tag","embeddable":true,"href":"https:\/\/dimensionturistica.com\/es\/wp-json\/wp\/v2\/tags?post=318508"}],"curies":[{"name":"wp","href":"https:\/\/api.w.org\/{rel}","templated":true}]}}