{"id":318335,"date":"2022-05-17T13:01:56","date_gmt":"2022-05-17T13:01:56","guid":{"rendered":"https:\/\/dimensionturistica.com\/es\/?p=318335"},"modified":"2022-05-17T13:01:57","modified_gmt":"2022-05-17T13:01:57","slug":"viajes-insular-vuelve-a-poner-nombre-al-campeonato-de-canarias-de-vela-latina","status":"publish","type":"post","link":"https:\/\/dimensionturistica.com\/es\/viajes-insular-vuelve-a-poner-nombre-al-campeonato-de-canarias-de-vela-latina\/","title":{"rendered":"Viajes Insular vuelve a poner nombre al Campeonato de Canarias de Vela Latina"},"content":{"rendered":"<p> <br \/>\n<\/p>\n<div>\n<div class=\"wysiwyg-photo\"><img decoding=\"async\" src=\"https:\/\/static.hosteltur.com\/app\/public\/uploads\/img\/releases\/2022\/05\/17\/L_144016_photo-2022-05-06-12-20-54.jpg\" alt=\"Imagen nota de prensa Hosteltur\" width=\"2000\" height=\"1500\" \/><\/div>\n<p>La Vela Latina se sumar\u00e1 a la celebraci\u00f3n del D\u00eda de Canarias con la disputa del II Campeonato Viajes Insular de Vela Latina Canaria, que se celebrar\u00e1 este pr\u00f3ximo fin de semana del 26 al 29 de mayo en la bah\u00eda de Arrecife en la isla de Lanzarote. <\/p>\n<p>Una fiesta de la Vela Latina Canaria que por segundo a\u00f1o unir\u00e1 las diferentes modalidades de este deporte que se practican en el archipi\u00e9lago. En concreto se unir\u00e1n los botes que compiten en Gran Canaria, con los barquillos de 8&#8217;55 metros que lo hacen en Lanzarote. <\/p>\n<p>Viajes Insular volver\u00e1 a poner nombre a este Campeonato de Canarias de Vela Latina. Esta semana, Ignacio Poladura, director common de Viajes Insular; y los presidentes de las Federaciones de botes, Bernardo Salom, y de la Insular de barquillos de Lanzarote, Luis Toledo, rubricaron el acuerdo en la sede de esta empresa que lleva en su ADN los mismos valores que transmite la vela latina, como son el esfuerzo, el compa\u00f1erismo, la superaci\u00f3n y la constancia.<\/p>\n<p>La presentaci\u00f3n oficial se realizar\u00e1 el jueves 26 de mayo en el Castillo de San Jos\u00e9, donde se dar\u00e1 el pistoletazo de salida a un fin de semana de canariedad y vela latina con la isla de Lanzarote como principal protagonista.<\/p>\n<p>CINCO BOTES IR\u00c1N DESDE GRAN CANARIA<\/p>\n<p>El Hospital La Paloma Pueblo Guanche, como vigente campe\u00f3n de la competici\u00f3n, y los cuatro primeros clasificados del Campeonato Aguas de Teror 2021: Puerto de la Luz Fundaci\u00f3n Puertos de Las Palmas, Poeta Tom\u00e1s Morales Clipper, Villa de Ag\u00fcimes Ybarra y Porte\u00f1o Atlantec Sabor a Gloria, ser\u00e1n los botes de Gran Canaria que se desplazar\u00e1n hasta Lanzarote para la disputa del II Campeonato Viajes Insular de Vela Latina Canaria.<\/p>\n<\/p><\/div>\n\n<p><em> &#8221; Fuentes www.hosteltur.com &#8221; <\/em><\/p>\n","protected":false},"excerpt":{"rendered":"<p>La Vela Latina se sumar\u00e1 a la celebraci\u00f3n del D\u00eda de Canarias con la disputa del II Campeonato Viajes Insular de Vela Latina Canaria, que se celebrar\u00e1 este pr\u00f3ximo fin de semana del 26 al 29 de mayo en la bah\u00eda de Arrecife en la isla de Lanzarote. Una fiesta de la Vela Latina Canaria [&hellip;]<\/p>\n","protected":false},"author":4,"featured_media":318336,"comment_status":"open","ping_status":"closed","sticky":false,"template":"","format":"standard","meta":{"om_disable_all_campaigns":false,"jnews-multi-image_gallery":[],"jnews_single_post":[],"jnews_primary_category":[],"jnews_social_meta":[],"footnotes":""},"categories":[39],"tags":[572],"class_list":["post-318335","post","type-post","status-publish","format-standard","has-post-thumbnail","hentry","category-viajes","tag-distribucion"],"_links":{"self":[{"href":"https:\/\/dimensionturistica.com\/es\/wp-json\/wp\/v2\/posts\/318335","targetHints":{"allow":["GET"]}}],"collection":[{"href":"https:\/\/dimensionturistica.com\/es\/wp-json\/wp\/v2\/posts"}],"about":[{"href":"https:\/\/dimensionturistica.com\/es\/wp-json\/wp\/v2\/types\/post"}],"author":[{"embeddable":true,"href":"https:\/\/dimensionturistica.com\/es\/wp-json\/wp\/v2\/users\/4"}],"replies":[{"embeddable":true,"href":"https:\/\/dimensionturistica.com\/es\/wp-json\/wp\/v2\/comments?post=318335"}],"version-history":[{"count":0,"href":"https:\/\/dimensionturistica.com\/es\/wp-json\/wp\/v2\/posts\/318335\/revisions"}],"wp:featuredmedia":[{"embeddable":true,"href":"https:\/\/dimensionturistica.com\/es\/wp-json\/wp\/v2\/media\/318336"}],"wp:attachment":[{"href":"https:\/\/dimensionturistica.com\/es\/wp-json\/wp\/v2\/media?parent=318335"}],"wp:term":[{"taxonomy":"category","embeddable":true,"href":"https:\/\/dimensionturistica.com\/es\/wp-json\/wp\/v2\/categories?post=318335"},{"taxonomy":"post_tag","embeddable":true,"href":"https:\/\/dimensionturistica.com\/es\/wp-json\/wp\/v2\/tags?post=318335"}],"curies":[{"name":"wp","href":"https:\/\/api.w.org\/{rel}","templated":true}]}}