{"id":318318,"date":"2022-05-17T12:19:20","date_gmt":"2022-05-17T12:19:20","guid":{"rendered":"https:\/\/dimensionturistica.com\/es\/?p=318318"},"modified":"2022-05-17T12:19:21","modified_gmt":"2022-05-17T12:19:21","slug":"agentes-de-viajes-de-turismo-cultural-visitan-salobrena-y-la-costa-tropical","status":"publish","type":"post","link":"https:\/\/dimensionturistica.com\/es\/agentes-de-viajes-de-turismo-cultural-visitan-salobrena-y-la-costa-tropical\/","title":{"rendered":"Agentes de viajes de turismo cultural visitan Salobre\u00f1a y la Costa Tropical"},"content":{"rendered":"<p> <br \/>\n<\/p>\n<div>\n<p>Un grupo de 42 agentes de viajes, especialistas en el segmento de turismo cultural, han recorrido estos d\u00edas el destino Salobre\u00f1a y la Costa Tropical donde han podido conocer la oferta hotelera y cultural de la costa granadina, con visitas a museos, bodegas y edificios hist\u00f3ricos como la Alcazaba de la Villa.<\/p>\n<p>El turismo cultural es uno de los segmentos estrat\u00e9gicos en la promoci\u00f3n de Granada y su provincia por el car\u00e1cter desestacionalizador del mismo. Su benigno clima subtropical y la oferta hotelera disponible permite ofrecer este producto durante todo el a\u00f1o.<\/p>\n<p>As\u00ed, la Costa Tropical ofrece una pink de castillos y fortalezas medievales, jardines hist\u00f3ricos y espacios arqueol\u00f3gicos visitables a lo largo de todo su litoral. Adem\u00e1s, numerosas fincas de producci\u00f3n de frutas tropicales ofrecen visitas guiadas para grupos. Tambi\u00e9n bodegas de producci\u00f3n de ron y vinos, almazaras y centros del interpretaci\u00f3n de la cultura del vino son elementos de destino que permiten ofrecer un programa de gran inter\u00e9s para la visita cultural de esta comarca de Andaluc\u00eda.<\/p>\n<div class=\"wysiwyg-photo\"><img decoding=\"async\" src=\"https:\/\/static.hosteltur.com\/app\/public\/uploads\/img\/releases\/2022\/05\/17\/L_140300_famtrip-world-to-meet-a-costa-tropical-mayo-2022.jpg\" alt=\"Imagen nota de prensa Hosteltur\" width=\"1200\" height=\"1600\" \/><\/div><\/div>\n\n<p><em> &#8221; Fuentes www.hosteltur.com &#8221; <\/em><\/p>\n","protected":false},"excerpt":{"rendered":"<p>Un grupo de 42 agentes de viajes, especialistas en el segmento de turismo cultural, han recorrido estos d\u00edas el destino Salobre\u00f1a y la Costa Tropical donde han podido conocer la oferta hotelera y cultural de la costa granadina, con visitas a museos, bodegas y edificios hist\u00f3ricos como la Alcazaba de la Villa. El turismo cultural [&hellip;]<\/p>\n","protected":false},"author":4,"featured_media":318319,"comment_status":"open","ping_status":"closed","sticky":false,"template":"","format":"standard","meta":{"om_disable_all_campaigns":false,"jnews-multi-image_gallery":[],"jnews_single_post":[],"jnews_primary_category":[],"jnews_social_meta":[],"footnotes":""},"categories":[40],"tags":[572],"class_list":["post-318318","post","type-post","status-publish","format-standard","has-post-thumbnail","hentry","category-industria","tag-distribucion"],"_links":{"self":[{"href":"https:\/\/dimensionturistica.com\/es\/wp-json\/wp\/v2\/posts\/318318","targetHints":{"allow":["GET"]}}],"collection":[{"href":"https:\/\/dimensionturistica.com\/es\/wp-json\/wp\/v2\/posts"}],"about":[{"href":"https:\/\/dimensionturistica.com\/es\/wp-json\/wp\/v2\/types\/post"}],"author":[{"embeddable":true,"href":"https:\/\/dimensionturistica.com\/es\/wp-json\/wp\/v2\/users\/4"}],"replies":[{"embeddable":true,"href":"https:\/\/dimensionturistica.com\/es\/wp-json\/wp\/v2\/comments?post=318318"}],"version-history":[{"count":0,"href":"https:\/\/dimensionturistica.com\/es\/wp-json\/wp\/v2\/posts\/318318\/revisions"}],"wp:featuredmedia":[{"embeddable":true,"href":"https:\/\/dimensionturistica.com\/es\/wp-json\/wp\/v2\/media\/318319"}],"wp:attachment":[{"href":"https:\/\/dimensionturistica.com\/es\/wp-json\/wp\/v2\/media?parent=318318"}],"wp:term":[{"taxonomy":"category","embeddable":true,"href":"https:\/\/dimensionturistica.com\/es\/wp-json\/wp\/v2\/categories?post=318318"},{"taxonomy":"post_tag","embeddable":true,"href":"https:\/\/dimensionturistica.com\/es\/wp-json\/wp\/v2\/tags?post=318318"}],"curies":[{"name":"wp","href":"https:\/\/api.w.org\/{rel}","templated":true}]}}