{"id":318235,"date":"2022-05-17T10:00:27","date_gmt":"2022-05-17T10:00:27","guid":{"rendered":"https:\/\/dimensionturistica.com\/es\/?p=318235"},"modified":"2022-05-17T10:00:28","modified_gmt":"2022-05-17T10:00:28","slug":"biden-relaja-restricciones-que-impuso-trump-a-viajes-y-remesas-de-cuba","status":"publish","type":"post","link":"https:\/\/dimensionturistica.com\/es\/biden-relaja-restricciones-que-impuso-trump-a-viajes-y-remesas-de-cuba\/","title":{"rendered":"Biden relaja restricciones que impuso Trump a viajes y remesas de Cuba"},"content":{"rendered":"<p> <br \/>\n<\/p>\n<div id=\"article-text\">\n<div class=\"col col1\">\n<p><span>Ap, Reuters y Arn<\/span><\/p>\n<p>\u00a0<\/p>\n<p>Peri\u00f3dico La Jornada<br \/>Martes 17 de mayo de 2022, p. 23<\/p>\n<p class=\"s-s\">Washington. El gobierno del presidente Joe Biden anunci\u00f3 ayer que aumentar\u00e1 los vuelos hacia Cuba, tomar\u00e1 medidas para relajar las restricciones sobre los viajeros estadunidenses a la isla, y levantar\u00e1 las limitaciones impuestas por el ex mandatario Donald Trump a las remesas que los inmigrantes pueden enviar hacia la naci\u00f3n caribe\u00f1a.<\/p>\n<p>La cancilleria cubana dijo que se trata de <q>un paso limitado en la direcci\u00f3n correcta<\/q> y <q>no modifican en absoluto el bloqueo<\/q> dispuesto por Washington hace m\u00e1s de 60 a\u00f1os.<\/p>\n<p>El Departamento de Estado indic\u00f3 en un comunicado que retirar\u00e1 el l\u00edmite precise de mil d\u00f3lares trimestrales a las remesas familiares y permitir\u00e1 las remesas no familiares, que brindar\u00e1n apoyo a emprendedores independientes cubanos. Washington tambi\u00e9n consentir\u00e1 vuelos programados y fletados a otros lugares adem\u00e1s de La Habana, se\u00f1al\u00f3 la agencia.<\/p>\n<p>El gobierno de Biden tambi\u00e9n tomar\u00e1 medidas para reinstaurar el Programa de Permiso de Reunificaci\u00f3n Acquainted Cubano, el cual tiene un retraso de m\u00e1s de 20 mil solicitudes, e incrementar\u00e1 los servicios consulares y procesamiento de visas.<\/p>\n<p><q>Con estas medidas, nos proponemos apoyar las aspiraciones de libertad y de mayores oportunidades econ\u00f3micas de los cubanos para que puedan llevar vidas exitosas en su pa\u00eds<\/q>, a\u00f1adi\u00f3 Ned Worth, portavoz del Departamento de Estado. <q>Seguimos haciendo un llamado al gobierno de la isla a que libere de inmediato a los presos pol\u00edticos, respete las libertades fundamentales del pueblo cubano y le permita determinar su propio futuro<\/q>.<\/p>\n<p>El Ministerio de Relaciones Exteriores de Cuba se\u00f1al\u00f3 en un tuit de su titular Bruno Rodr\u00edguez: \u201ces posible identificar algunas de las promesas del presidente Biden durante la campa\u00f1a electoral de 2020 para aliviar decisiones inhumanas tomadas por el gobierno del presidente Trump, que endurecieron el bloqueo a niveles sin precedente y la pol\u00edtica de \u2018m\u00e1xima presi\u00f3n\u2019 desde entonces aplicada contra nuestro pa\u00eds\u201d.<\/p>\n<\/div>\n<div class=\"col col2\">\n<p>El anuncio no elimina las medidas principales en materia econ\u00f3mica tomadas por Trump, quien anul\u00f3 el acercamiento logrado durante el gobierno de Barack Obama. <q>No revierte la inclusi\u00f3n arbitraria y fraudulenta de Cuba en la lista del Departamento de Estado sobre pa\u00edses que supuestamente son patrocinadores del terrorismo, una de las principales causas de las dificultades con las que tropieza Cuba para sus transacciones comerciales y financieras en muchas partes del mundo<\/q>, apunt\u00f3 la canciller\u00eda.<\/p>\n<p>A\u00f1adi\u00f3 que <q>para conocer el alcance actual de este anuncio, deber\u00e1 esperarse por la publicaci\u00f3n de las regulaciones que determinar\u00e1n su aplicaci\u00f3n<\/q> y reiter\u00f3 su <q>disposici\u00f3n<\/q> para <q>iniciar un di\u00e1logo respetuoso y en pie de igualdad<\/q> con Estados Unidos.<\/p>\n<p>El cambio de pol\u00edtica se anunci\u00f3 tras una revisi\u00f3n que comenz\u00f3 poco despu\u00e9s de una serie de protestas en la isla en julio pasado, las m\u00e1s grandes en d\u00e9cadas.<\/p>\n<p>Washington y La Habana entablaron conversaciones en las \u00faltimas semanas, en medio de un marcado incremento de cubanos que intentan emigrar sin documentos hacia Estados Unidos.<\/p>\n<p>La primera semana de abril, la embajada estadunidense en La Habana reanud\u00f3 el procesamiento de visas para cubanos, aunque de forma limitada, m\u00e1s de cuatro a\u00f1os despu\u00e9s de poner fin a los servicios consulares en la isla.<\/p>\n<p>El senador dem\u00f3crata Robert Menendez, presidente del Comit\u00e9 de Relaciones Exteriores del Senado, dijo que las medidas transmiten <q>el mensaje equivocado<\/q> al gobierno de D\u00edaz-Canel.<\/p>\n<p>Durante su campa\u00f1a, Biden dijo que retomar\u00eda las pol\u00edticas de la period del presidente Barack Obama en las que se relajaron las restricciones del bloqueo contra La Habana despu\u00e9s de varias d\u00e9cadas. En tanto, los republicanos acusaron al mandatario de no apoyar lo suficiente a los disidentes cubanos.<\/p>\n<\/div>\n<\/div>\n\n<p><em> &#8221; Fuentes media.jornada.com.mx &#8221; <\/em><\/p>\n","protected":false},"excerpt":{"rendered":"<p>Ap, Reuters y Arn \u00a0 Peri\u00f3dico La JornadaMartes 17 de mayo de 2022, p. 23 Washington. El gobierno del presidente Joe Biden anunci\u00f3 ayer que aumentar\u00e1 los vuelos hacia Cuba, tomar\u00e1 medidas para relajar las restricciones sobre los viajeros estadunidenses a la isla, y levantar\u00e1 las limitaciones impuestas por el ex mandatario Donald Trump a [&hellip;]<\/p>\n","protected":false},"author":4,"featured_media":318236,"comment_status":"open","ping_status":"closed","sticky":false,"template":"","format":"standard","meta":{"om_disable_all_campaigns":false,"jnews-multi-image_gallery":[],"jnews_single_post":[],"jnews_primary_category":[],"jnews_social_meta":[],"footnotes":""},"categories":[39],"tags":[769,705],"class_list":["post-318235","post","type-post","status-publish","format-standard","has-post-thumbnail","hentry","category-viajes","tag-mexico","tag-noticias"],"_links":{"self":[{"href":"https:\/\/dimensionturistica.com\/es\/wp-json\/wp\/v2\/posts\/318235","targetHints":{"allow":["GET"]}}],"collection":[{"href":"https:\/\/dimensionturistica.com\/es\/wp-json\/wp\/v2\/posts"}],"about":[{"href":"https:\/\/dimensionturistica.com\/es\/wp-json\/wp\/v2\/types\/post"}],"author":[{"embeddable":true,"href":"https:\/\/dimensionturistica.com\/es\/wp-json\/wp\/v2\/users\/4"}],"replies":[{"embeddable":true,"href":"https:\/\/dimensionturistica.com\/es\/wp-json\/wp\/v2\/comments?post=318235"}],"version-history":[{"count":0,"href":"https:\/\/dimensionturistica.com\/es\/wp-json\/wp\/v2\/posts\/318235\/revisions"}],"wp:featuredmedia":[{"embeddable":true,"href":"https:\/\/dimensionturistica.com\/es\/wp-json\/wp\/v2\/media\/318236"}],"wp:attachment":[{"href":"https:\/\/dimensionturistica.com\/es\/wp-json\/wp\/v2\/media?parent=318235"}],"wp:term":[{"taxonomy":"category","embeddable":true,"href":"https:\/\/dimensionturistica.com\/es\/wp-json\/wp\/v2\/categories?post=318235"},{"taxonomy":"post_tag","embeddable":true,"href":"https:\/\/dimensionturistica.com\/es\/wp-json\/wp\/v2\/tags?post=318235"}],"curies":[{"name":"wp","href":"https:\/\/api.w.org\/{rel}","templated":true}]}}