{"id":318215,"date":"2022-05-17T08:46:54","date_gmt":"2022-05-17T08:46:54","guid":{"rendered":"https:\/\/dimensionturistica.com\/es\/?p=318215"},"modified":"2022-05-17T08:46:55","modified_gmt":"2022-05-17T08:46:55","slug":"de-vender-viajes-a-crear-su-propia-naviera","status":"publish","type":"post","link":"https:\/\/dimensionturistica.com\/es\/de-vender-viajes-a-crear-su-propia-naviera\/","title":{"rendered":"de vender viajes a crear su propia naviera"},"content":{"rendered":"<p> <br \/>\n<\/p>\n<p id=\"paragraph_1\">En Espa\u00f1a, <strong>Lidl es la tercera cadena de supermercados por cuota de mercado<\/strong>. Pertenece a la alemana Lidl Stiftung, compa\u00f1\u00eda integrada a su vez en el Grupo Schwarz, cuarto operador mundial en el \u00e1mbito de la distribuci\u00f3n alimentaria. Detr\u00e1s de este grupo est\u00e1 <a rel=\"nofollow noopener\" target=\"_blank\" href=\"https:\/\/www.elespanol.com\/invertia\/empresas\/distribucion\/20210404\/multimillonarios-poderosos-enzarzados-guerras-familiares-duenos-espana\/570943129_0.html\">el multimillonario Dieter Schwarz (82 a\u00f1os)<\/a>, quien ha sabido diversificar el modelo de negocio m\u00e1s all\u00e1 de la alimentaci\u00f3n para seguir amasando su fortuna.\u00a0<\/p>\n<div>\n<p id=\"paragraph_2\">Hace unos meses, el grupo alem\u00e1n anunci\u00f3 la creaci\u00f3n de una naviera. La compa\u00f1\u00eda registr\u00f3 la marca Tailwind Delivery Traces en la <strong>Oficina de Propiedad Intelectual de la Uni\u00f3n Europea (Euipo)<\/strong>. Este organismo espec\u00edfica que el objeto social de la nueva compa\u00f1\u00eda es el transporte y entrega de mercanc\u00edas, los servicios de expedici\u00f3n de fletes y carga y el transporte de cargamento incluida la v\u00eda a\u00e9rea, entre otros.\u00a0\u00a0<\/p>\n<p id=\"paragraph_3\">Con la creaci\u00f3n de esta empresa, Lidl se adelanta a futuros problemas en la cadena log\u00edstica para asegurar el suministro de mercanc\u00edas a todas sus delegaciones. Algo que durante la pandemia no fue f\u00e1cil ya que existieron muchos problemas, especialmente con el tr\u00e1fico mar\u00edtimo en China y Reino Unido.<\/p>\n<p id=\"paragraph_4\">Pero el log\u00edstico no es el \u00fanico negocio en el que han entrado. Hace a\u00f1os, la cadena alemana anunci\u00f3 la creaci\u00f3n de una agencia de viajes on-line y <strong>la lanz\u00f3 en Alemania, Suiza, Italia, Austria, Holanda y Ruman\u00eda<\/strong>. Y en 2017 estren\u00f3 en Francia <strong>Lidl Voyages.\u00a0<\/strong><\/p>\n<p id=\"paragraph_5\">Sin embargo, en Espa\u00f1a se descart\u00f3 esta posibilidad. \u00bfPor qu\u00e9? Probablemente por la elevada competencia en el sector tur\u00edstico y hasta en la propia distribuci\u00f3n. <strong>Eroski, Carrefour y El Corte Ingl\u00e9s<\/strong> cuentan en Espa\u00f1a con divisiones de agencias de viajes.\u00a0<\/p>\n<p id=\"paragraph_6\">Donde s\u00ed ha conseguido entrar en Espa\u00f1a es en el apartado medioambiental. En 2021, a trav\u00e9s de su filial PreZero, lleg\u00f3 a un acuerdo con Ferrovial <a rel=\"nofollow noopener\" target=\"_blank\" href=\"https:\/\/www.elespanol.com\/invertia\/empresas\/construccion-infraestructuras\/20211201\/ferrovial-cierra-negocio-medioambiente-espana-portugal-millones\/631437406_0.html\">para la venta de su negocio de medioambiente en Espa\u00f1a y Portugal<\/a> por cerca de 1.133 millones de euros, que incluye capital y deuda.\u00a0<\/p>\n<h3 class=\"content__summary-title\">Multimillonario<\/h3>\n<p id=\"paragraph_7\">Este entramado empresarial, cuyo principal negocio es la alimentaci\u00f3n, es el que ha hecho de oro a su fundador, Dieter Schwarz. <strong>Hablamos de la 38 fortuna del mundo, estimada en m\u00e1s de 32.000 millones de euros<\/strong>, seg\u00fan \u2018Forbes\u2019. No es el m\u00e1s rico de Alemania, porque por delante est\u00e1n los herederos de su principal competidor: Aldi.\u00a0<\/p>\n<p id=\"paragraph_8\">Dieter Schwarz destaca por ser la discreci\u00f3n en persona. Apenas se conocen detalles sobre su vida private. Este alem\u00e1n hered\u00f3 el negocio de su padre, Josef, quien se convirti\u00f3 en socio de Suedfruechte Grosshandel Lidl &amp; Co, un mayorista de frutas, en 1930. <strong>Dieter abri\u00f3 la primera tienda Lidl en 1973,<\/strong> se convirti\u00f3 en CEO en 1977 cuando Josef muri\u00f3 y convirti\u00f3 a Schwarz Group en el imperio minorista m\u00e1s grande de Europa.\u00a0<\/p>\n<p id=\"paragraph_9\">Lidl est\u00e1 presente en una treintena de pa\u00edses en el mundo, con una estructura de cerca de 11.550 establecimientos, m\u00e1s de 200 centros log\u00edsticos y con una plantilla de m\u00e1s de 341.000 personas. En Espa\u00f1a, aterriz\u00f3 en 1994 y cuenta con m\u00e1s de 630 tiendas, 11 plataformas log\u00edsticas y una plantilla de m\u00e1s de 17.000 empleados en Espa\u00f1a.<\/p>\n<h3 class=\"follow-topics-title\"><span class=\"follow-topics-title__icon\" \/>Sigue los temas que te interesan<\/h3>\n<\/div>\n\n<p><em> &#8221; Fuentes www.elespanol.com &#8221; <\/em><\/p>\n","protected":false},"excerpt":{"rendered":"<p>En Espa\u00f1a, Lidl es la tercera cadena de supermercados por cuota de mercado. Pertenece a la alemana Lidl Stiftung, compa\u00f1\u00eda integrada a su vez en el Grupo Schwarz, cuarto operador mundial en el \u00e1mbito de la distribuci\u00f3n alimentaria. Detr\u00e1s de este grupo est\u00e1 el multimillonario Dieter Schwarz (82 a\u00f1os), quien ha sabido diversificar el modelo [&hellip;]<\/p>\n","protected":false},"author":4,"featured_media":318216,"comment_status":"open","ping_status":"closed","sticky":false,"template":"","format":"standard","meta":{"om_disable_all_campaigns":false,"jnews-multi-image_gallery":[],"jnews_single_post":[],"jnews_primary_category":[],"jnews_social_meta":[],"footnotes":""},"categories":[39],"tags":[572,27672,3559],"class_list":["post-318215","post","type-post","status-publish","format-standard","has-post-thumbnail","hentry","category-viajes","tag-distribucion","tag-lidl","tag-supermercados"],"_links":{"self":[{"href":"https:\/\/dimensionturistica.com\/es\/wp-json\/wp\/v2\/posts\/318215","targetHints":{"allow":["GET"]}}],"collection":[{"href":"https:\/\/dimensionturistica.com\/es\/wp-json\/wp\/v2\/posts"}],"about":[{"href":"https:\/\/dimensionturistica.com\/es\/wp-json\/wp\/v2\/types\/post"}],"author":[{"embeddable":true,"href":"https:\/\/dimensionturistica.com\/es\/wp-json\/wp\/v2\/users\/4"}],"replies":[{"embeddable":true,"href":"https:\/\/dimensionturistica.com\/es\/wp-json\/wp\/v2\/comments?post=318215"}],"version-history":[{"count":0,"href":"https:\/\/dimensionturistica.com\/es\/wp-json\/wp\/v2\/posts\/318215\/revisions"}],"wp:featuredmedia":[{"embeddable":true,"href":"https:\/\/dimensionturistica.com\/es\/wp-json\/wp\/v2\/media\/318216"}],"wp:attachment":[{"href":"https:\/\/dimensionturistica.com\/es\/wp-json\/wp\/v2\/media?parent=318215"}],"wp:term":[{"taxonomy":"category","embeddable":true,"href":"https:\/\/dimensionturistica.com\/es\/wp-json\/wp\/v2\/categories?post=318215"},{"taxonomy":"post_tag","embeddable":true,"href":"https:\/\/dimensionturistica.com\/es\/wp-json\/wp\/v2\/tags?post=318215"}],"curies":[{"name":"wp","href":"https:\/\/api.w.org\/{rel}","templated":true}]}}