{"id":318024,"date":"2022-05-16T22:25:24","date_gmt":"2022-05-16T22:25:24","guid":{"rendered":"https:\/\/dimensionturistica.com\/es\/?p=318024"},"modified":"2022-05-16T22:25:24","modified_gmt":"2022-05-16T22:25:24","slug":"fue-presentada-en-la-terraza-del-campo-marte-el-primer-festival-ecuestre-que-se-realizara-en-mexico","status":"publish","type":"post","link":"https:\/\/dimensionturistica.com\/es\/fue-presentada-en-la-terraza-del-campo-marte-el-primer-festival-ecuestre-que-se-realizara-en-mexico\/","title":{"rendered":"Fue presentada en la terraza del Campo Marte el primer festival ecuestre que se realizar\u00e1 en M\u00e9xico."},"content":{"rendered":"<p>La directora general de la Comisi\u00f3n de Cultura F\u00edsica y Deporte, Ana Gabriela Guevara, en compa\u00f1\u00eda de los presidentes de la Federaci\u00f3n Mexicana de Polo, Miguel Calzada, la Federaci\u00f3n mexicana de Charrer\u00eda representada por el presidente Jos\u00e9 Antonio Salcedo, el titular de la Federaci\u00f3n Ecuestre Mexicana, Juan Manuel Cossio y Aldo Garibay, de la Federaci\u00f3n Mexicana de Rodeo, presentaron en la terraza del Campo Marte el primer festival ecuestre que se realizar\u00e1 en M\u00e9xico.<br \/>\nQuer\u00e9taro abrir\u00e1 sus puertas del 19 al 29 de mayo para que las familias mexicanas disfruten y conozcan m\u00e1s de las disciplinas a caballo, las cuales tendr\u00e1n competencias y exhibiciones para todo el p\u00fablico.<br \/>\nCada una de los eventos del Festival Deportivo Ecuestre ser\u00e1 totalmente gratuito y se espera a m\u00e1s de 1500 caballistas que participen en disciplinas como de Dressage, Doma Cl\u00e1sica, Equinoterapia, Polocrosse, Rodeo, Salto, Horseball, Reining, Endurance, Charrer\u00eda, Cabalgata, Mounted Games, Ranch Sorting, Vaulting y Polo.<img decoding=\"async\" class=\" wp-image-318040 alignright\" src=\"https:\/\/dimensionturistica.com\/es\/wp-content\/uploads\/2022\/05\/ECUESTRESS-300x82.jpg\" alt=\"\" width=\"541\" height=\"148\" srcset=\"https:\/\/dimensionturistica.com\/es\/wp-content\/uploads\/2022\/05\/ECUESTRESS-300x82.jpg 300w, https:\/\/dimensionturistica.com\/es\/wp-content\/uploads\/2022\/05\/ECUESTRESS-1024x281.jpg 1024w, https:\/\/dimensionturistica.com\/es\/wp-content\/uploads\/2022\/05\/ECUESTRESS-768x211.jpg 768w, https:\/\/dimensionturistica.com\/es\/wp-content\/uploads\/2022\/05\/ECUESTRESS-1536x422.jpg 1536w, https:\/\/dimensionturistica.com\/es\/wp-content\/uploads\/2022\/05\/ECUESTRESS-750x206.jpg 750w, https:\/\/dimensionturistica.com\/es\/wp-content\/uploads\/2022\/05\/ECUESTRESS-1140x313.jpg 1140w, https:\/\/dimensionturistica.com\/es\/wp-content\/uploads\/2022\/05\/ECUESTRESS.jpg 1654w\" sizes=\"(max-width: 541px) 100vw, 541px\" \/><br \/>\nLa CONADE une a las federaciones para generar una meta de motivaci\u00f3n para las familias en M\u00e9xico. Esperamos que la familia, la comunidad ecuestre se una y refrenda la identidad nacional. Este primer festival tendr\u00e1 m\u00e1s de 600 deportistas de los cuales podremos disfrutar durante dos semanas, es un evento que dar\u00e1 mucho de qu\u00e9 hablar.<br \/>\n\u201cEs una gran iniciativa y es una gran respuesta por parte de los federativos. Sirva para presentar cada una de las disciplinas. Ser\u00e1 una convivencia que servir\u00e1 para unir a la familia porque los competidores siempre asisten con sus familiares. La idea de este festival es potencializar y mostrar lo que M\u00e9xico tiene en cada una de estas disciplinas\u201d.<br \/>\n\u201cEs una primera fase para mostrar lo que tenemos. Nos servir\u00e1 para que la gente aprenda m\u00e1s de estas disciplinas, aprenda a diferenciarlas\u201d<br \/>\nEste primer esfuerzo busca convertir el festival ecuestre en un evento que se arraigue en la sociedad mexicana. \u201cNinguna de estas es una disciplina privativa de un g\u00e9nero. Ayudar\u00e1 a mostrar la constancia, el coraz\u00f3n de cada uno de los atletas que dedica para sus competencias. Cada una de ellas tiene su grado de dificultad y ser\u00e1 una buena forma de representar a M\u00e9xico. Se agradece la voluntad de cada una de las federaciones reunidas y toda la gente que trabaja alrededor de un equipo y de un caballo\u201d, coment\u00f3 la titular de CONADE.<br \/>\nLos presentes acordaron que es una oportunidad para dar a conocer las diferentes disciplinas que engloban al mundo del caballo, por lo que, durante los eventos desarrollados en distintas sedes como el Club H\u00edpico Montecarlo, Vi\u00f1edos del Polo El Marqu\u00e9s, Rancho El Pitayo, El Terregal y Rancho San Jos\u00e9, se explicar\u00e1 en qu\u00e9 consisten los deportes que se efectuar\u00e1n.<br \/>\nSer\u00e1n dos intensos fines de semana en un ambiente de seguridad, tanto para los deportistas, como caballos y visitantes. Todo est\u00e1 organizado para que los amantes de los caballos puedan disfrutar de todos los eventos de este 1er. Festival de Deportes Ecuestres, impulsado por la CONADE.<br \/>\nSe espera una asistencia de m\u00e1s de 5,000 personas durante los dos fines de semana, hecho que impactar\u00e1 favorablemente a la derrama econ\u00f3mica del Estado de Quer\u00e9taro.<\/p>\n","protected":false},"excerpt":{"rendered":"<p>La directora general de la Comisi\u00f3n de Cultura F\u00edsica y Deporte, Ana Gabriela Guevara, en compa\u00f1\u00eda de los presidentes de la Federaci\u00f3n Mexicana de Polo, Miguel Calzada, la Federaci\u00f3n mexicana de Charrer\u00eda representada por el presidente Jos\u00e9 Antonio Salcedo, el titular de la Federaci\u00f3n Ecuestre Mexicana, Juan Manuel Cossio y Aldo Garibay, de la Federaci\u00f3n [&hellip;]<\/p>\n","protected":false},"author":1,"featured_media":318039,"comment_status":"open","ping_status":"closed","sticky":false,"template":"","format":"standard","meta":{"om_disable_all_campaigns":false,"jnews-multi-image_gallery":[],"jnews_single_post":{"source_name":"","source_url":"","via_name":"","via_url":"","override_template":"0","override":[{"template":"1","single_blog_custom":"","parallax":"1","fullscreen":"1","layout":"right-sidebar","sidebar":"default-sidebar","second_sidebar":"default-sidebar","sticky_sidebar":"1","share_position":"top","share_float_style":"share-monocrhome","show_share_counter":"1","show_view_counter":"1","show_featured":"1","show_post_meta":"1","show_post_author":"1","show_post_author_image":"1","show_post_date":"1","post_date_format":"default","post_date_format_custom":"Y\/m\/d","show_post_category":"1","show_post_reading_time":"0","post_reading_time_wpm":"300","show_zoom_button":"0","zoom_button_out_step":"2","zoom_button_in_step":"3","show_post_tag":"1","show_prev_next_post":"1","show_popup_post":"1","number_popup_post":"1","show_author_box":"0","show_post_related":"0","show_inline_post_related":"0"}],"override_image_size":"0","image_override":[{"single_post_thumbnail_size":"crop-500","single_post_gallery_size":"crop-500"}],"trending_post":"0","trending_post_position":"meta","trending_post_label":"Trending","sponsored_post":"0","sponsored_post_label":"Sponsored by","sponsored_post_name":"","sponsored_post_url":"","sponsored_post_logo_enable":"0","sponsored_post_logo":"","sponsored_post_desc":"","disable_ad":"0"},"jnews_primary_category":{"id":""},"jnews_social_meta":{"fb_title":"","fb_description":"","fb_image":"","twitter_title":"","twitter_description":"","twitter_image":""},"footnotes":""},"categories":[40],"tags":[],"class_list":["post-318024","post","type-post","status-publish","format-standard","has-post-thumbnail","hentry","category-industria"],"_links":{"self":[{"href":"https:\/\/dimensionturistica.com\/es\/wp-json\/wp\/v2\/posts\/318024","targetHints":{"allow":["GET"]}}],"collection":[{"href":"https:\/\/dimensionturistica.com\/es\/wp-json\/wp\/v2\/posts"}],"about":[{"href":"https:\/\/dimensionturistica.com\/es\/wp-json\/wp\/v2\/types\/post"}],"author":[{"embeddable":true,"href":"https:\/\/dimensionturistica.com\/es\/wp-json\/wp\/v2\/users\/1"}],"replies":[{"embeddable":true,"href":"https:\/\/dimensionturistica.com\/es\/wp-json\/wp\/v2\/comments?post=318024"}],"version-history":[{"count":0,"href":"https:\/\/dimensionturistica.com\/es\/wp-json\/wp\/v2\/posts\/318024\/revisions"}],"wp:featuredmedia":[{"embeddable":true,"href":"https:\/\/dimensionturistica.com\/es\/wp-json\/wp\/v2\/media\/318039"}],"wp:attachment":[{"href":"https:\/\/dimensionturistica.com\/es\/wp-json\/wp\/v2\/media?parent=318024"}],"wp:term":[{"taxonomy":"category","embeddable":true,"href":"https:\/\/dimensionturistica.com\/es\/wp-json\/wp\/v2\/categories?post=318024"},{"taxonomy":"post_tag","embeddable":true,"href":"https:\/\/dimensionturistica.com\/es\/wp-json\/wp\/v2\/tags?post=318024"}],"curies":[{"name":"wp","href":"https:\/\/api.w.org\/{rel}","templated":true}]}}