{"id":318003,"date":"2022-05-16T21:52:55","date_gmt":"2022-05-16T21:52:55","guid":{"rendered":"https:\/\/dimensionturistica.com\/es\/?p=318003"},"modified":"2022-05-16T21:52:55","modified_gmt":"2022-05-16T21:52:55","slug":"tlaxcala-se-presenta-en-la-semana-de-mexico-en-chicago-2022","status":"publish","type":"post","link":"https:\/\/dimensionturistica.com\/es\/tlaxcala-se-presenta-en-la-semana-de-mexico-en-chicago-2022\/","title":{"rendered":"Tlaxcala se presenta en la semana de M\u00e9xico en Chicago 2022"},"content":{"rendered":"<p>S<img decoding=\"async\" class=\"size-medium wp-image-318010 alignright\" src=\"https:\/\/dimensionturistica.com\/es\/wp-content\/uploads\/2022\/05\/1fe08657-838d-4225-96ee-e9e0865a2a28-225x300.jpeg\" alt=\"\" width=\"225\" height=\"300\" srcset=\"https:\/\/dimensionturistica.com\/es\/wp-content\/uploads\/2022\/05\/1fe08657-838d-4225-96ee-e9e0865a2a28-225x300.jpeg 225w, https:\/\/dimensionturistica.com\/es\/wp-content\/uploads\/2022\/05\/1fe08657-838d-4225-96ee-e9e0865a2a28-750x1000.jpeg 750w, https:\/\/dimensionturistica.com\/es\/wp-content\/uploads\/2022\/05\/1fe08657-838d-4225-96ee-e9e0865a2a28.jpeg 768w\" sizes=\"(max-width: 225px) 100vw, 225px\" \/>e celebr\u00f3 en la ciudad de Chicago, Illinois, Estados Unidos de Am\u00e9rica, la Semana de M\u00e9xico, con el prop\u00f3sito de promover y exaltar la riqueza cultural, gastron\u00f3mica, de costumbres y tradiciones del bello Estado de Tlaxcala as\u00ed como una basta agenda cultural organizada por el Consulado de Mexico en esa ciudad.<br \/>\nComo parte de las actividades que locales y visitantes tuvieron la oportunidad de disfrutar, hubo experiencias gourmet donde se degustaron platillos de la cocina mexicana en un coctel en la tienda de artesanias mexicanas ubicada en la magnificent mile \u201cColores de M\u00e9xico\u201d. As\u00ed mismo se cont\u00f3 con diferentes exposiciones de arte como: \u201cLas Fridas\u201d instaladas en Navey Pear y los monumentales tapetes multicolores de <img decoding=\"async\" class=\"size-medium wp-image-318011 alignleft\" src=\"https:\/\/dimensionturistica.com\/es\/wp-content\/uploads\/2022\/05\/3adb23b5-1413-4a00-aa5a-9a054974b0d7-300x180.jpeg\" alt=\"\" width=\"300\" height=\"180\" srcset=\"https:\/\/dimensionturistica.com\/es\/wp-content\/uploads\/2022\/05\/3adb23b5-1413-4a00-aa5a-9a054974b0d7-300x180.jpeg 300w, https:\/\/dimensionturistica.com\/es\/wp-content\/uploads\/2022\/05\/3adb23b5-1413-4a00-aa5a-9a054974b0d7-768x461.jpeg 768w, https:\/\/dimensionturistica.com\/es\/wp-content\/uploads\/2022\/05\/3adb23b5-1413-4a00-aa5a-9a054974b0d7-750x450.jpeg 750w, https:\/\/dimensionturistica.com\/es\/wp-content\/uploads\/2022\/05\/3adb23b5-1413-4a00-aa5a-9a054974b0d7.jpeg 1024w\" sizes=\"(max-width: 300px) 100vw, 300px\" \/>Huamantla hechas de piedras de m\u00e1rmol, los cuales se realizaron por artesanos que llegaron desde el\u00a0Pueblo M\u00e1gico\u00a0de Huamantla al corazon de Chicago en Daley Plaza.<br \/>\nEn el acto inaugural, celebrado el d\u00eda 3 de mayo, se cont\u00f3 con la presencia de Reyna Torres Mendivil, C\u00f3nsul general de M\u00e9xico en Chicago, Alma Anaya, Comisionada del Condado de Cook, Toni Preckwinkle, Presidente de la Junta de Comisionados del Condado de Cook, y Josefina Rodr\u00edguez Zamora, Secretaria Turismo del Estado de Tlaxcala, quien dijo al respecto:<br \/>\n\u201cEstoy muy feliz y profundamente conmovida de poder representar a mi <img decoding=\"async\" class=\"size-medium wp-image-318013 alignright\" src=\"https:\/\/dimensionturistica.com\/es\/wp-content\/uploads\/2022\/05\/7e3c590b-56d1-4926-922f-f0171b21f272-225x300.jpeg\" alt=\"\" width=\"225\" height=\"300\" srcset=\"https:\/\/dimensionturistica.com\/es\/wp-content\/uploads\/2022\/05\/7e3c590b-56d1-4926-922f-f0171b21f272-225x300.jpeg 225w, https:\/\/dimensionturistica.com\/es\/wp-content\/uploads\/2022\/05\/7e3c590b-56d1-4926-922f-f0171b21f272-750x1000.jpeg 750w, https:\/\/dimensionturistica.com\/es\/wp-content\/uploads\/2022\/05\/7e3c590b-56d1-4926-922f-f0171b21f272.jpeg 768w\" sizes=\"(max-width: 225px) 100vw, 225px\" \/>estado y a mi pa\u00eds, y traerles un pedacito de mi estado. Hoy es un d\u00eda hist\u00f3rico\u00a0para M\u00e9xico y Tlaxcala, por primera vez Huamantla Pueblo M\u00e1gico, tiene presencia en esta maravillosa ciudad, donde los ciudadanos podr\u00e1n disfrutar y descubrir el &amp;quot;Arte ef\u00edmero&amp;quot; Como lo conocemos, esta es una peque\u00f1a representaci\u00f3n de La Noche donde nadie duerme&amp;quot; una celebraci\u00f3n que se lleva a cabo el 14 de agosto donde todos los artesanos y ciudadanos del Pueblo M\u00e1gico de Huamantla participan creando estas incre\u00edbles alfombras con una longitud de 6 kil\u00f3metros, cr\u00e9anme que es una experiencia \u00fanica en la vida\u201d.<br \/>\nSin duda el acto cumbre de La Semana de M\u00e9xico en Chicago fue la instalaci\u00f3n de \u201cLas Alas de M\u00e9xico\u201d del escultor Jorge Mar\u00edn en la Plaza de las <img decoding=\"async\" class=\"size-medium wp-image-318017 alignleft\" src=\"https:\/\/dimensionturistica.com\/es\/wp-content\/uploads\/2022\/05\/b8daf678-8d94-4a8d-8953-802d850c00d9-225x300.jpeg\" alt=\"\" width=\"225\" height=\"300\" srcset=\"https:\/\/dimensionturistica.com\/es\/wp-content\/uploads\/2022\/05\/b8daf678-8d94-4a8d-8953-802d850c00d9-225x300.jpeg 225w, https:\/\/dimensionturistica.com\/es\/wp-content\/uploads\/2022\/05\/b8daf678-8d94-4a8d-8953-802d850c00d9-750x1000.jpeg 750w, https:\/\/dimensionturistica.com\/es\/wp-content\/uploads\/2022\/05\/b8daf678-8d94-4a8d-8953-802d850c00d9.jpeg 768w\" sizes=\"(max-width: 225px) 100vw, 225px\" \/>Am\u00e9ricas, esperando se convierta en una exposicion permanente. Esto fue posible gracias a la gesti\u00f3n de Reyna Torres Mendivil Consul General del Consulado General de M\u00e9xico en Chicago y al patrocinio y apoyo del Gobierno de Tlaxcala, Delta, Aeromexico y VisitMexico.<br \/>\nLa Semana de M\u00e9xico en Chicago 2022 se realiza gracias a la colaboraci\u00f3n y participaci\u00f3n activa del Gobierno del Estado de Tlaxcala, la Secretar\u00eda de Turismo de Tlaxcala, el Consulado General de M\u00e9xico en Chicago, y a las empresas Delta y Aerom\u00e9xico; quienes est\u00e1n comprometidos en continuar creando v\u00ednculos entre estos dos pa\u00edses.<\/p>\n","protected":false},"excerpt":{"rendered":"<p>Se celebr\u00f3 en la ciudad de Chicago, Illinois, Estados Unidos de Am\u00e9rica, la Semana de M\u00e9xico, con el prop\u00f3sito de promover y exaltar la riqueza cultural, gastron\u00f3mica, de costumbres y tradiciones del bello Estado de Tlaxcala as\u00ed como una basta agenda cultural organizada por el Consulado de Mexico en esa ciudad. Como parte de las [&hellip;]<\/p>\n","protected":false},"author":1,"featured_media":318018,"comment_status":"open","ping_status":"closed","sticky":false,"template":"","format":"standard","meta":{"om_disable_all_campaigns":false,"jnews-multi-image_gallery":[],"jnews_single_post":{"source_name":"","source_url":"","via_name":"","via_url":"","override_template":"0","override":[{"template":"1","single_blog_custom":"","parallax":"1","fullscreen":"1","layout":"right-sidebar","sidebar":"default-sidebar","second_sidebar":"default-sidebar","sticky_sidebar":"1","share_position":"top","share_float_style":"share-monocrhome","show_share_counter":"1","show_view_counter":"1","show_featured":"1","show_post_meta":"1","show_post_author":"1","show_post_author_image":"1","show_post_date":"1","post_date_format":"default","post_date_format_custom":"Y\/m\/d","show_post_category":"1","show_post_reading_time":"0","post_reading_time_wpm":"300","show_zoom_button":"0","zoom_button_out_step":"2","zoom_button_in_step":"3","show_post_tag":"1","show_prev_next_post":"1","show_popup_post":"1","number_popup_post":"1","show_author_box":"0","show_post_related":"0","show_inline_post_related":"0"}],"override_image_size":"0","image_override":[{"single_post_thumbnail_size":"crop-500","single_post_gallery_size":"crop-500"}],"trending_post":"0","trending_post_position":"meta","trending_post_label":"Trending","sponsored_post":"0","sponsored_post_label":"Sponsored by","sponsored_post_name":"","sponsored_post_url":"","sponsored_post_logo_enable":"0","sponsored_post_logo":"","sponsored_post_desc":"","disable_ad":"0"},"jnews_primary_category":{"id":""},"jnews_social_meta":{"fb_title":"","fb_description":"","fb_image":"","twitter_title":"","twitter_description":"","twitter_image":""},"footnotes":""},"categories":[39],"tags":[],"class_list":["post-318003","post","type-post","status-publish","format-standard","has-post-thumbnail","hentry","category-viajes"],"_links":{"self":[{"href":"https:\/\/dimensionturistica.com\/es\/wp-json\/wp\/v2\/posts\/318003","targetHints":{"allow":["GET"]}}],"collection":[{"href":"https:\/\/dimensionturistica.com\/es\/wp-json\/wp\/v2\/posts"}],"about":[{"href":"https:\/\/dimensionturistica.com\/es\/wp-json\/wp\/v2\/types\/post"}],"author":[{"embeddable":true,"href":"https:\/\/dimensionturistica.com\/es\/wp-json\/wp\/v2\/users\/1"}],"replies":[{"embeddable":true,"href":"https:\/\/dimensionturistica.com\/es\/wp-json\/wp\/v2\/comments?post=318003"}],"version-history":[{"count":0,"href":"https:\/\/dimensionturistica.com\/es\/wp-json\/wp\/v2\/posts\/318003\/revisions"}],"wp:featuredmedia":[{"embeddable":true,"href":"https:\/\/dimensionturistica.com\/es\/wp-json\/wp\/v2\/media\/318018"}],"wp:attachment":[{"href":"https:\/\/dimensionturistica.com\/es\/wp-json\/wp\/v2\/media?parent=318003"}],"wp:term":[{"taxonomy":"category","embeddable":true,"href":"https:\/\/dimensionturistica.com\/es\/wp-json\/wp\/v2\/categories?post=318003"},{"taxonomy":"post_tag","embeddable":true,"href":"https:\/\/dimensionturistica.com\/es\/wp-json\/wp\/v2\/tags?post=318003"}],"curies":[{"name":"wp","href":"https:\/\/api.w.org\/{rel}","templated":true}]}}