{"id":317988,"date":"2022-05-16T21:35:12","date_gmt":"2022-05-16T21:35:12","guid":{"rendered":"https:\/\/dimensionturistica.com\/es\/?p=317988"},"modified":"2022-05-16T21:35:12","modified_gmt":"2022-05-16T21:35:12","slug":"aeromexico-celebra-diez-anos-de-volar-a-san-salvador","status":"publish","type":"post","link":"https:\/\/dimensionturistica.com\/es\/aeromexico-celebra-diez-anos-de-volar-a-san-salvador\/","title":{"rendered":"Aerom\u00e9xico celebra diez a\u00f1os de volar a San Salvador"},"content":{"rendered":"<p><img decoding=\"async\" class=\"size-medium wp-image-317990 alignleft\" src=\"https:\/\/dimensionturistica.com\/es\/wp-content\/uploads\/2022\/05\/IMG_2910-300x200.jpg\" alt=\"\" width=\"300\" height=\"200\" srcset=\"https:\/\/dimensionturistica.com\/es\/wp-content\/uploads\/2022\/05\/IMG_2910-300x200.jpg 300w, https:\/\/dimensionturistica.com\/es\/wp-content\/uploads\/2022\/05\/IMG_2910-1024x683.jpg 1024w, https:\/\/dimensionturistica.com\/es\/wp-content\/uploads\/2022\/05\/IMG_2910-768x512.jpg 768w, https:\/\/dimensionturistica.com\/es\/wp-content\/uploads\/2022\/05\/IMG_2910-1536x1024.jpg 1536w, https:\/\/dimensionturistica.com\/es\/wp-content\/uploads\/2022\/05\/IMG_2910-2048x1365.jpg 2048w, https:\/\/dimensionturistica.com\/es\/wp-content\/uploads\/2022\/05\/IMG_2910-750x500.jpg 750w, https:\/\/dimensionturistica.com\/es\/wp-content\/uploads\/2022\/05\/IMG_2910-1140x760.jpg 1140w\" sizes=\"(max-width: 300px) 100vw, 300px\" \/>Aerom\u00e9xico celebr\u00f3 el d\u00e9cimo aniversario de su ruta Ciudad de M\u00e9xico-San Salvador y como parte de los festejos, se llev\u00f3 a cabo un evento en el que participaron el Embajador de M\u00e9xico en El Salvador, Ricardo Cant\u00fa; autoridades de Turismo y Aviaci\u00f3n del pa\u00eds centroamericano, as\u00ed como representantes de la aerol\u00ednea. Actualmente la compa\u00f1\u00eda opera 60 vuelos mensuales entre ambos destinos, con una oferta de m\u00e1s de 6 mil asientos.<br \/>\nA lo largo de estos diez a\u00f1os, Aerom\u00e9xico ha transportado a cientos de miles de pasajeros que disfrutan las riquezas naturales, culturales e hist\u00f3ricas de ambos territorios. Han sido m\u00e1s de 7,500 operaciones, lo que representa un recorrido de m\u00e1s de 9.4 millones de kil\u00f3metros.<br \/>\n\u201cMe permito destacar la importancia de Aerom\u00e9xico en el mercado salvadore\u00f1o. Es una gran distinci\u00f3n se\u00f1alar que por medio de la conectividad a\u00e9rea directa con M\u00e9xico, la segunda m\u00e1s importante de El Salvador, se ha aumentado m\u00e1s de 200 por ciento el flujo de visitantes salvadore\u00f1os a nuestro pa\u00eds en el \u00faltimo a\u00f1o y se proyecta que este 2022 se superen las cifras vistas antes de la pandemia\u201d, se\u00f1al\u00f3 el Embajador de M\u00e9xico en El Salvador, Ricardo Cant\u00fa.<br \/>\n\u201cEn Aerom\u00e9xico nos sentimos muy orgullosos de celebrar diez a\u00f1os<img decoding=\"async\" class=\"size-medium wp-image-317991 alignleft\" src=\"https:\/\/dimensionturistica.com\/es\/wp-content\/uploads\/2022\/05\/IMG_2925-300x217.jpg\" alt=\"\" width=\"300\" height=\"217\" srcset=\"https:\/\/dimensionturistica.com\/es\/wp-content\/uploads\/2022\/05\/IMG_2925-300x217.jpg 300w, https:\/\/dimensionturistica.com\/es\/wp-content\/uploads\/2022\/05\/IMG_2925-1024x740.jpg 1024w, https:\/\/dimensionturistica.com\/es\/wp-content\/uploads\/2022\/05\/IMG_2925-768x555.jpg 768w, https:\/\/dimensionturistica.com\/es\/wp-content\/uploads\/2022\/05\/IMG_2925-1536x1111.jpg 1536w, https:\/\/dimensionturistica.com\/es\/wp-content\/uploads\/2022\/05\/IMG_2925-2048x1481.jpg 2048w, https:\/\/dimensionturistica.com\/es\/wp-content\/uploads\/2022\/05\/IMG_2925-120x86.jpg 120w, https:\/\/dimensionturistica.com\/es\/wp-content\/uploads\/2022\/05\/IMG_2925-750x542.jpg 750w, https:\/\/dimensionturistica.com\/es\/wp-content\/uploads\/2022\/05\/IMG_2925-1140x824.jpg 1140w\" sizes=\"(max-width: 300px) 100vw, 300px\" \/> conectando a M\u00e9xico con El Salvador, pues representa mucho m\u00e1s que el intercambio de pasajeros. Acercamos a ambos pa\u00edses hermanos, que comparten historia, tradiciones, gente y mucho m\u00e1s. El nuevo aire con el que volamos y los nuevos aviones que estamos incorporando, nos permiten seguir conectando a M\u00e9xico con el mundo\u201d, coment\u00f3 Fernando Esqueda Ruiz, Gerente Regional de Ventas Latinoam\u00e9rica de Aerom\u00e9xico.<br \/>\nAerom\u00e9xico continuara ofreciendo m\u00e1s y mejores opciones a sus clientes, siempre bajo los m\u00e1s altos est\u00e1ndares de seguridad, servicio e higiene.<\/p>\n","protected":false},"excerpt":{"rendered":"<p>Aerom\u00e9xico celebr\u00f3 el d\u00e9cimo aniversario de su ruta Ciudad de M\u00e9xico-San Salvador y como parte de los festejos, se llev\u00f3 a cabo un evento en el que participaron el Embajador de M\u00e9xico en El Salvador, Ricardo Cant\u00fa; autoridades de Turismo y Aviaci\u00f3n del pa\u00eds centroamericano, as\u00ed como representantes de la aerol\u00ednea. Actualmente la compa\u00f1\u00eda opera [&hellip;]<\/p>\n","protected":false},"author":1,"featured_media":317989,"comment_status":"open","ping_status":"closed","sticky":false,"template":"","format":"standard","meta":{"om_disable_all_campaigns":false,"jnews-multi-image_gallery":[],"jnews_single_post":{"source_name":"","source_url":"","via_name":"","via_url":"","override_template":"0","override":[{"template":"1","single_blog_custom":"","parallax":"1","fullscreen":"1","layout":"right-sidebar","sidebar":"default-sidebar","second_sidebar":"default-sidebar","sticky_sidebar":"1","share_position":"top","share_float_style":"share-monocrhome","show_share_counter":"1","show_view_counter":"1","show_featured":"1","show_post_meta":"1","show_post_author":"1","show_post_author_image":"1","show_post_date":"1","post_date_format":"default","post_date_format_custom":"Y\/m\/d","show_post_category":"1","show_post_reading_time":"0","post_reading_time_wpm":"300","show_zoom_button":"0","zoom_button_out_step":"2","zoom_button_in_step":"3","show_post_tag":"1","show_prev_next_post":"1","show_popup_post":"1","number_popup_post":"1","show_author_box":"0","show_post_related":"0","show_inline_post_related":"0"}],"override_image_size":"0","image_override":[{"single_post_thumbnail_size":"crop-500","single_post_gallery_size":"crop-500"}],"trending_post":"0","trending_post_position":"meta","trending_post_label":"Trending","sponsored_post":"0","sponsored_post_label":"Sponsored by","sponsored_post_name":"","sponsored_post_url":"","sponsored_post_logo_enable":"0","sponsored_post_logo":"","sponsored_post_desc":"","disable_ad":"0"},"jnews_primary_category":{"id":""},"jnews_social_meta":{"fb_title":"","fb_description":"","fb_image":"","twitter_title":"","twitter_description":"","twitter_image":""},"footnotes":""},"categories":[39],"tags":[],"class_list":["post-317988","post","type-post","status-publish","format-standard","has-post-thumbnail","hentry","category-viajes"],"_links":{"self":[{"href":"https:\/\/dimensionturistica.com\/es\/wp-json\/wp\/v2\/posts\/317988","targetHints":{"allow":["GET"]}}],"collection":[{"href":"https:\/\/dimensionturistica.com\/es\/wp-json\/wp\/v2\/posts"}],"about":[{"href":"https:\/\/dimensionturistica.com\/es\/wp-json\/wp\/v2\/types\/post"}],"author":[{"embeddable":true,"href":"https:\/\/dimensionturistica.com\/es\/wp-json\/wp\/v2\/users\/1"}],"replies":[{"embeddable":true,"href":"https:\/\/dimensionturistica.com\/es\/wp-json\/wp\/v2\/comments?post=317988"}],"version-history":[{"count":0,"href":"https:\/\/dimensionturistica.com\/es\/wp-json\/wp\/v2\/posts\/317988\/revisions"}],"wp:featuredmedia":[{"embeddable":true,"href":"https:\/\/dimensionturistica.com\/es\/wp-json\/wp\/v2\/media\/317989"}],"wp:attachment":[{"href":"https:\/\/dimensionturistica.com\/es\/wp-json\/wp\/v2\/media?parent=317988"}],"wp:term":[{"taxonomy":"category","embeddable":true,"href":"https:\/\/dimensionturistica.com\/es\/wp-json\/wp\/v2\/categories?post=317988"},{"taxonomy":"post_tag","embeddable":true,"href":"https:\/\/dimensionturistica.com\/es\/wp-json\/wp\/v2\/tags?post=317988"}],"curies":[{"name":"wp","href":"https:\/\/api.w.org\/{rel}","templated":true}]}}